{"id":237370,"date":"2025-07-09T10:34:17","date_gmt":"2025-07-09T10:34:17","guid":{"rendered":"https:\/\/www.europesays.com\/fr\/237370\/"},"modified":"2025-07-09T10:34:17","modified_gmt":"2025-07-09T10:34:17","slug":"tir-sous-pression-les-allemands-en-mission-sports-infos-ski","status":"publish","type":"post","link":"https:\/\/www.europesays.com\/fr\/237370\/","title":{"rendered":"Tir sous pression, les Allemands en mission &#8211; Sports Infos &#8211; Ski"},"content":{"rendered":"<p>Avec Franziska Preuss victorieuse de la coupe du monde, l&rsquo;Allemagne s&rsquo;est trouv\u00e9e une nouvelle star. Derri\u00e8re elle, le groupe f\u00e9minin, tr\u00e8s jeune, continue de progresser et les feux sont tous verts.<\/p>\n<p>En revanche c\u00f4t\u00e9 masculin les r\u00e9sultats, une fois encore n&rsquo;ont pas \u00e9t\u00e9 au rendez-vous, avec une \u00e9quipe qui est rest\u00e9e tr\u00e8s loin de la Norv\u00e8ge et de la France.<\/p>\n<p>Face \u00e0 ce bilan, la f\u00e9d\u00e9ration allemande a pris une d\u00e9cision radicale : changer l\u2019encadrement technique juste apr\u00e8s les Championnats du monde.<\/p>\n<p>L\u2019objectif ? Repartir sur de nouvelles bases pour pr\u00e9parer l\u2019hiver olympique, en commen\u00e7ant d\u00e8s les derni\u00e8res courses de la saison pass\u00e9e.<\/p>\n<p><img decoding=\"async\" alt=\"Kuehn220325la32368.JPG\" src=\"https:\/\/www.europesays.com\/fr\/wp-content\/uploads\/2025\/07\/Kuehn220325la32368.JPG\"\/><\/p>\n<p><strong>Travailler le tir<\/strong><\/p>\n<p>Les athl\u00e8tes, comme Justus Strelow et Philipp Horn, s\u2019entra\u00eenent \u00e0 fond pour am\u00e9liorer leur pr\u00e9cision, surtout sous pression. \u00c0 Oberhof, les s\u00e9ances au pas de tir de la Biathlon Arena se sont multipli\u00e9es.<\/p>\n<p>\u00ab On peut toujours progresser au tir \u00bb, confie Strelow \u00e0 Sport im Osten. Malgr\u00e9 son statut de meilleur tireur de l\u2019\u00e9quipe, il a perdu 4 % de pr\u00e9cision l\u2019an dernier, manquant souvent les tirs cruciaux.<\/p>\n<p>\u00ab On se concentre sur le tir \u00e0 haute intensit\u00e9, quelque chose qu\u2019on faisait moins avant \u00bb, ajoute-t-il.<\/p>\n<p>Cette approche, demand\u00e9e par les athl\u00e8tes, a \u00e9t\u00e9 adopt\u00e9e par les nouveaux entra\u00eeneurs, Jens Filbrich et Tobias Reiter, qui ont succ\u00e9d\u00e9 \u00e0 Uros Velepec. Philipp Horn appr\u00e9cie l\u2019\u00e9coute des nouveaux coaches :<\/p>\n<p>\u00ab Ils nous ont demand\u00e9 notre avis, et je suis content qu\u2019ils soient r\u00e9ceptifs \u00e0 nos id\u00e9es. \u00bb<\/p>\n<p>Tobias Reiter, avec son exp\u00e9rience aupr\u00e8s des \u00e9quipes f\u00e9minines (notamment Laura Dahlmeier et Franziska Preuss) et en Coupe IBU, apporte une vision claire. Felix Bitterling, directeur sportif, le d\u00e9crit comme un \u00ab entra\u00eeneur conceptuel \u00bb avec un plan pr\u00e9cis.<\/p>\n<p>Johannes K\u00fchn confirme :<\/p>\n<p>\u00ab Tobi sait o\u00f9 il va et se donne \u00e0 fond pour y arriver. \u00bb<\/p>\n<p><img decoding=\"async\" alt=\"Nawrath150325cm104578.JPG\" src=\"https:\/\/www.europesays.com\/fr\/wp-content\/uploads\/2025\/07\/Nawrath150325cm104578.JPG\"\/><\/p>\n<p><strong>Une collaboration entre Oberhof et Ruhpolding<\/strong><\/p>\n<p>Pour optimiser la pr\u00e9paration de tous les biathl\u00e8tes, les centres d\u2019entra\u00eenement d\u2019Oberhof et de Ruhpolding collaborent davantage.<\/p>\n<p>\u00ab On standardise les entra\u00eenements, notamment le tir, avec des semaines intensives planifi\u00e9es \u00bb, explique Filbrich, qui supervise le groupe \u00e0 Oberhof.<\/p>\n<p>Cette routine, maintenue toute l\u2019ann\u00e9e, permettra de mieux \u00e9valuer les progr\u00e8s et de pr\u00e9parer l\u2019\u00e9quipe pour les Jeux olympiques.<\/p>\n<p><strong>Le savais-tu ?<\/strong><br \/>&#13;<br \/>\nL\u2019Allemagne reste la seule nation \u00e0 avoir remport\u00e9 \u00e0 la fois le relais masculin et f\u00e9minin aux Jeux olympiques depuis 2006.<\/p>\n","protected":false},"excerpt":{"rendered":"Avec Franziska Preuss victorieuse de la coupe du monde, l&rsquo;Allemagne s&rsquo;est trouv\u00e9e une nouvelle star. Derri\u00e8re elle, le&hellip;\n","protected":false},"author":2,"featured_media":237371,"comment_status":"","ping_status":"","sticky":false,"template":"","format":"standard","meta":{"footnotes":""},"categories":[1587],"tags":[11,672,1804,21059,1805,1803,37660,1777,674,3844,1801,10856,11276,6352,12,37659,4565,10542,471,37658,1802,8948,17813,3847],"class_list":{"0":"post-237370","1":"post","2":"type-post","3":"status-publish","4":"format-standard","5":"has-post-thumbnail","7":"category-allemagne","8":"tag-actualites","9":"tag-allemagne","10":"tag-bundesrepublik-deutschland","11":"tag-dallemagne","12":"tag-de","13":"tag-deutschland","14":"tag-effacer","15":"tag-eu","16":"tag-europe","17":"tag-francais","18":"tag-germany","19":"tag-lequipe","20":"tag-loin","21":"tag-mise","22":"tag-news","23":"tag-norvegiens","24":"tag-nouveau","25":"tag-nouvel","26":"tag-pour","27":"tag-relegueebien","28":"tag-republique-federale-dallemagne","29":"tag-retard","30":"tag-staff","31":"tag-travail"},"share_on_mastodon":{"url":"https:\/\/pubeurope.com\/@fr\/114822831903277635","error":""},"_links":{"self":[{"href":"https:\/\/www.europesays.com\/fr\/wp-json\/wp\/v2\/posts\/237370","targetHints":{"allow":["GET"]}}],"collection":[{"href":"https:\/\/www.europesays.com\/fr\/wp-json\/wp\/v2\/posts"}],"about":[{"href":"https:\/\/www.europesays.com\/fr\/wp-json\/wp\/v2\/types\/post"}],"author":[{"embeddable":true,"href":"https:\/\/www.europesays.com\/fr\/wp-json\/wp\/v2\/users\/2"}],"replies":[{"embeddable":true,"href":"https:\/\/www.europesays.com\/fr\/wp-json\/wp\/v2\/comments?post=237370"}],"version-history":[{"count":0,"href":"https:\/\/www.europesays.com\/fr\/wp-json\/wp\/v2\/posts\/237370\/revisions"}],"wp:featuredmedia":[{"embeddable":true,"href":"https:\/\/www.europesays.com\/fr\/wp-json\/wp\/v2\/media\/237371"}],"wp:attachment":[{"href":"https:\/\/www.europesays.com\/fr\/wp-json\/wp\/v2\/media?parent=237370"}],"wp:term":[{"taxonomy":"category","embeddable":true,"href":"https:\/\/www.europesays.com\/fr\/wp-json\/wp\/v2\/categories?post=237370"},{"taxonomy":"post_tag","embeddable":true,"href":"https:\/\/www.europesays.com\/fr\/wp-json\/wp\/v2\/tags?post=237370"}],"curies":[{"name":"wp","href":"https:\/\/api.w.org\/{rel}","templated":true}]}}