{"id":237390,"date":"2025-07-09T10:46:11","date_gmt":"2025-07-09T10:46:11","guid":{"rendered":"https:\/\/www.europesays.com\/fr\/237390\/"},"modified":"2025-07-09T10:46:11","modified_gmt":"2025-07-09T10:46:11","slug":"pour-horner-pas-de-doute-piastri-meritait-sa-penalite","status":"publish","type":"post","link":"https:\/\/www.europesays.com\/fr\/237390\/","title":{"rendered":"Pour Horner, pas de doute\u00a0: Piastri m\u00e9ritait sa p\u00e9nalit\u00e9"},"content":{"rendered":"<p>La victoire au Grand Prix de Grande-Bretagne 2025 de Formule 1 s&rsquo;est jou\u00e9e sur une p\u00e9nalit\u00e9 r\u00e9colt\u00e9e par <a href=\"https:\/\/fr.motorsport.com\/driver\/oscar-piastri\/835356\/\" target=\"_blank\" rel=\"noopener nofollow\">Oscar Piastri<\/a> sous Safety Car, une sanction qui n&rsquo;a pas \u00e9tonn\u00e9 Christian Horner et a fait dire au dirigeant de <a href=\"https:\/\/fr.motorsport.com\/team\/red-bull\/553\/\" target=\"_blank\" rel=\"noopener nofollow\">Red Bull<\/a> que <a href=\"https:\/\/fr.motorsport.com\/driver\/george-russell\/96626\/\" target=\"_blank\" rel=\"noopener nofollow\">George Russell<\/a> aurait d\u00fb \u00eatre sanctionn\u00e9 lors du GP du Canada.<\/p>\n<p>Le leader du championnat a en effet re\u00e7u ce dimanche dix secondes de p\u00e9nalit\u00e9 pour un pilotage consid\u00e9r\u00e9 comme erratique par les commissaires quand il a fortement frein\u00e9 au moment de la fin de la seconde voiture de s\u00e9curit\u00e9, ce qui a m\u00eame bri\u00e8vement fait passer <a href=\"https:\/\/fr.motorsport.com\/driver\/max-verstappen\/93029\/\" target=\"_blank\" rel=\"noopener nofollow\">Max Verstappen<\/a> devant lui. Cela n&rsquo;\u00e9tait \u00e9videmment pas sans rappeler la situation du mois dernier, au GP du Canada, <a href=\"https:\/\/fr.motorsport.com\/f1\/news\/russell-verstappen-verdict-complet-commissaires\/10733433\/\" target=\"_self\" rel=\"noopener nofollow\">o\u00f9 un incident similaire s&rsquo;\u00e9tait produit, avec cette fois George Russell devant Verstappen<\/a>.<\/p>\n<p>Lire aussi :<\/p>\n<p>Toutefois, le niveau de pression sur la p\u00e9dale de frein de Piastri \u00e0 Silverstone &#8211; de 59,2 psi &#8211; \u00e9tait deux fois plus \u00e9lev\u00e9 que celui du pilote <a href=\"https:\/\/fr.motorsport.com\/team\/mercedes\/611\/\" target=\"_blank\" rel=\"noopener nofollow\">Mercedes<\/a> (30 psi), l&rsquo;Australien ayant abaiss\u00e9 sa vitesse de 166 km\/h en quelques instants. L\u00e0 o\u00f9 il avait \u00e9t\u00e9 jug\u00e9 que Russell avait agi normalement dans le contexte d&rsquo;une voiture de s\u00e9curit\u00e9 et de la chauffe des freins et des pneus, \u00e7a n&rsquo;a pas \u00e9t\u00e9 le cas pour Piastri, qui a m\u00eame contraint Verstappen \u00e0 une man\u0153uvre d&rsquo;\u00e9vitement.<\/p>\n<p>\u00ab\u00a0Je n&rsquo;ai pas \u00e9t\u00e9 surpris de voir qu&rsquo;il avait re\u00e7u une p\u00e9nalit\u00e9\u00a0\u00bb, a d\u00e9clar\u00e9 Horner apr\u00e8s la course. \u00ab\u00a0C&rsquo;est ce \u00e0 quoi on pouvait s&rsquo;attendre. Il \u00e9tait probablement plus surprenant que George n&rsquo;en re\u00e7oive aucune \u00e0 Montr\u00e9al, en toute honn\u00eatet\u00e9. Mais, oui, c&rsquo;est comme \u00e7a. Malheureusement, notre course s&rsquo;est d\u00e9lit\u00e9e \u00e0 partir de l\u00e0.\u00a0\u00bb<\/p>\n<p>Un pari qui n&rsquo;a pas pay\u00e9 pour Verstappen<br \/>\n   <img decoding=\"async\" draggable=\"false\" src=\"https:\/\/www.europesays.com\/fr\/wp-content\/uploads\/2025\/07\/1752057971_152_christian-horner-red-bull-raci.jpg\" alt=\"Christian Horner\" width=\"1200\" height=\"800\" loading=\"lazy\"\/> <\/p>\n<p class=\"title\">Christian Horner<\/p>\n<p class=\"photographer\">Photo de: Red Bull Content Pool<\/p>\n<p>Car, quelques instants apr\u00e8s cette manoeuvre de Piastri, Verstappen a mal g\u00e9r\u00e9 sa r\u00e9acc\u00e9l\u00e9ration \u00e0 la relance et est parti \u00e0 la faute \u00e0 la sortie de Stowe, le faisant alors passer de la deuxi\u00e8me \u00e0 la dixi\u00e8me position sur la piste, au volant d&rsquo;une monoplace qui avait \u00e9t\u00e9 r\u00e9gl\u00e9e avec peu d&rsquo;aileron pour une piste s\u00e8che.<\/p>\n<p>\u00ab\u00a0Max est bien revenu \u00e0 mesure que la piste s&rsquo;ass\u00e9chait ; il \u00e9tait l&rsquo;un des plus rapides en piste. Ce faible appui \u00e9tait un pari. \u00c7a a pay\u00e9 [en qualifications, o\u00f9 le quadruple champion du monde a sign\u00e9 la pole]. Et, comme je l&rsquo;ai dit, sans une m\u00e9t\u00e9o typique de l&rsquo;Angleterre, tout se serait bien pass\u00e9 pour nous.\u00a0\u00bb<\/p>\n<p>\u00ab\u00a0En gros, on a mis la voiture au niveau d&rsquo;appui de Monza et nous avions un \u00e9quilibre qui a bien s\u00fbr permis \u00e0 Max de signer une pole position fantastique pour \u00e9galer le record de <a href=\"https:\/\/fr.motorsport.com\/driver\/sebastian-vettel\/82518\/\" target=\"_blank\" rel=\"noopener nofollow\">Sebastian Vettel<\/a> [de 44 poles avec Red Bull].\u00a0On s&rsquo;est bas\u00e9 sur les pr\u00e9visions m\u00e9t\u00e9o que nous avions, selon lesquelles il y avait 20% de chance de pluie dimanche matin puis des conditions s\u00e8ches par la suite.\u00a0\u00bb <\/p>\n<p>\u00ab\u00a0Et je ne pense pas que la moindre pr\u00e9vision que nous avons regard\u00e9e montrait le moindre risque que la pluie soit si importante et si tardive. Au vu des conditions, j&rsquo;ai donc trouv\u00e9 que Max a pris un super d\u00e9part, et qu&rsquo;il avait pu se sentir \u00e0 l&rsquo;aise lors de ces premiers tours. Mais il a rapidement \u00e9t\u00e9 tr\u00e8s clair qu&rsquo;Oscar avait un avantage assez important en termes de rythme.\u00a0\u00bb<\/p>\n<p>Pas de regret sur le choix a\u00e9ro<br \/>\n   <img decoding=\"async\" draggable=\"false\" src=\"https:\/\/www.europesays.com\/fr\/wp-content\/uploads\/2025\/07\/1752057971_111_max-verstappen-red-bull-racing.jpg\" alt=\"Max Verstappen (Red Bull Racing)\" width=\"1200\" height=\"800\" loading=\"lazy\"\/> <\/p>\n<p class=\"title\">Max Verstappen (Red Bull Racing)<\/p>\n<p class=\"photographer\">Photo de: Glenn Dunbar \/ LAT Images via Getty Images<\/p>\n<p>M\u00eame si le pari n&rsquo;a pas pay\u00e9, Horner assure qu&rsquo;il ne regrette pas la voie emprunt\u00e9e par son \u00e9curie pour tenter de contrer le rythme des <a href=\"https:\/\/fr.motorsport.com\/team\/mclaren\/609\/\" target=\"_blank\" rel=\"noopener nofollow\">McLaren<\/a>. Le dirigeant britannique estime \u00e9galement que les choix faits par Red Bull jusqu&rsquo;au moment du t\u00eate-\u00e0-queue de Verstappen \u00e9taient les bons et lui avaient permis de rester dans le match.<\/p>\n<p>\u00ab\u00a0J&rsquo;ai l&rsquo;impression que notre timing \u00e9tait correct concernant le moment de la transition [entre les trains de pneus interm\u00e9diaires], en attendant la pluie. Nous avons pu red\u00e9passer Lando [Norris] dans les stands, ce qui a alors remis Max en position, et ensuite la voiture de s\u00e9curit\u00e9 a \u00e9t\u00e9 d\u00e9ploy\u00e9e. Et oui, c&rsquo;est l\u00e0 que la course a commenc\u00e9 \u00e0 mal tourner pour nous, malheureusement.\u00a0\u00bb<\/p>\n<p>\u00ab\u00a0C&rsquo;est \u00e9videmment l\u00e0 qu&rsquo;Oscar a fait ce qu&rsquo;il a fait avec le freinage avant Stowe. Dans un premier temps, \u00e7a a surpris Max dans la pr\u00e9paration pour le restart. \u00c7a l&rsquo;a pris de court, il ne savait pas ce qu&rsquo;il se passait. Donc toute votre pr\u00e9paration, vos boutons, tout, \u00e7a ne vous place pas dans une bonne situation. Ensuite Oscar est parti, Max a essay\u00e9 de le suivre et \u00e9videmment il a fait ce demi-t\u00eate-\u00e0-queue \u00e0 la sortie de Stowe. J&rsquo;ai trouv\u00e9 qu&rsquo;il s&rsquo;\u00e9tait tr\u00e8s bien rattrap\u00e9, mais \u00e7a l&rsquo;a effectivement replac\u00e9 dixi\u00e8me derri\u00e8re Carlos [Sainz].\u00a0\u00bb<\/p>\n<p>\u00ab\u00a0Et une fois que nous \u00e9tions dans le peloton, dans l&rsquo;air sale et dans ces conditions humides, vous avez pu voir \u00e0 quel point le niveau d&rsquo;appui lui rendait la t\u00e2che difficile. C&rsquo;\u00e9tait une bonne d\u00e9cision de le faire du point de vue de l&rsquo;ing\u00e9nierie, mais sur un circuit si rapide, Copse devient le facteur limitant. Je pense que dans une course sur piste s\u00e8che, il aurait \u00e9t\u00e9 tr\u00e8s rapide dans les zones o\u00f9 il avait besoin de d\u00e9fendre. Il aurait \u00e9t\u00e9 difficile de s&rsquo;approcher de lui, mais nous ne le saurons jamais car malheureusement la m\u00e9t\u00e9o est intervenue.\u00a0\u00bb<\/p>\n<p style=\"text-align: right;\">Avec\u00a0Mark Mann-Bryans<\/p>\n<p>Lire aussi :<\/p>\n<p>Dans cet article<\/p>\n<p>    Fabien Gaillard\n<\/p>\n<p>    Formule 1\n<\/p>\n<p>    Max Verstappen\n<\/p>\n<p>    Oscar Piastri\n<\/p>\n<p>    Red Bull\n<\/p>\n<p>    McLaren\n<\/p>\n<p>Soyez le premier inform\u00e9 et souscrivez aux alertes mails pour recevoir les infos en temps r\u00e9el<\/p>\n<p>    S&rsquo;abonner aux alertes de news<\/p>\n","protected":false},"excerpt":{"rendered":"La victoire au Grand Prix de Grande-Bretagne 2025 de Formule 1 s&rsquo;est jou\u00e9e sur une p\u00e9nalit\u00e9 r\u00e9colt\u00e9e par&hellip;\n","protected":false},"author":2,"featured_media":237391,"comment_status":"","ping_status":"","sticky":false,"template":"","format":"standard","meta":{"footnotes":""},"categories":[1412],"tags":[3380,1451,1452,1453,1454,1455,1011,27,23124,2236,4475,2241,2255,23125,60],"class_list":{"0":"post-237390","1":"post","2":"type-post","3":"status-publish","4":"format-standard","5":"has-post-thumbnail","7":"category-f1","8":"tag-christian-horner","9":"tag-f1","10":"tag-formula-1","11":"tag-formula1","12":"tag-formule-1","13":"tag-formule1","14":"tag-fr","15":"tag-france","16":"tag-gp-de-grande-bretagne","17":"tag-max-verstappen","18":"tag-mclaren","19":"tag-oscar-piastri","20":"tag-red-bull","21":"tag-silverstone","22":"tag-sports"},"share_on_mastodon":{"url":"https:\/\/pubeurope.com\/@fr\/114822878968985848","error":""},"_links":{"self":[{"href":"https:\/\/www.europesays.com\/fr\/wp-json\/wp\/v2\/posts\/237390","targetHints":{"allow":["GET"]}}],"collection":[{"href":"https:\/\/www.europesays.com\/fr\/wp-json\/wp\/v2\/posts"}],"about":[{"href":"https:\/\/www.europesays.com\/fr\/wp-json\/wp\/v2\/types\/post"}],"author":[{"embeddable":true,"href":"https:\/\/www.europesays.com\/fr\/wp-json\/wp\/v2\/users\/2"}],"replies":[{"embeddable":true,"href":"https:\/\/www.europesays.com\/fr\/wp-json\/wp\/v2\/comments?post=237390"}],"version-history":[{"count":0,"href":"https:\/\/www.europesays.com\/fr\/wp-json\/wp\/v2\/posts\/237390\/revisions"}],"wp:featuredmedia":[{"embeddable":true,"href":"https:\/\/www.europesays.com\/fr\/wp-json\/wp\/v2\/media\/237391"}],"wp:attachment":[{"href":"https:\/\/www.europesays.com\/fr\/wp-json\/wp\/v2\/media?parent=237390"}],"wp:term":[{"taxonomy":"category","embeddable":true,"href":"https:\/\/www.europesays.com\/fr\/wp-json\/wp\/v2\/categories?post=237390"},{"taxonomy":"post_tag","embeddable":true,"href":"https:\/\/www.europesays.com\/fr\/wp-json\/wp\/v2\/tags?post=237390"}],"curies":[{"name":"wp","href":"https:\/\/api.w.org\/{rel}","templated":true}]}}