{"id":237400,"date":"2025-07-09T10:51:12","date_gmt":"2025-07-09T10:51:12","guid":{"rendered":"https:\/\/www.europesays.com\/fr\/237400\/"},"modified":"2025-07-09T10:51:12","modified_gmt":"2025-07-09T10:51:12","slug":"vienne-trois-romanciers-en-dedicace-a-lucioles","status":"publish","type":"post","link":"https:\/\/www.europesays.com\/fr\/237400\/","title":{"rendered":"Vienne. Trois romanciers en d\u00e9dicace \u00e0 Lucioles"},"content":{"rendered":"<p>Renaud Junillon et Alain B\u00e9lier accueilleront \u00e0 la librairie Lucioles, ce samedi apr\u00e8s-midi 12\u00a0juillet, trois romanciers r\u00e9gionaux \u00e9dit\u00e9s par Jean-Yves Grand (N\u2019co \u00c9ditions) pour une s\u00e9ance de signatures.<\/p>\n<p>Il s\u2019agit de Paul Dubreuil (Amer Cocktail, Les \u00c2mes s\u0153urs de Varanine, Invisible[s]\u2026), Laurent Sarzier (Techno panade) et Didier Farcy (Dernier chapitre et Bourbon glac\u00e9).<\/p>\n<p class=\"note\">Librairie Lucioles, 13 place du Palais Charles-de-Gaulle, samedi 12\u00a0juillet de 14 \u00e0 18 heures.<\/p>\n","protected":false},"excerpt":{"rendered":"Renaud Junillon et Alain B\u00e9lier accueilleront \u00e0 la librairie Lucioles, ce samedi apr\u00e8s-midi 12\u00a0juillet, trois romanciers r\u00e9gionaux \u00e9dit\u00e9s&hellip;\n","protected":false},"author":2,"featured_media":237401,"comment_status":"","ping_status":"","sticky":false,"template":"","format":"standard","meta":{"footnotes":""},"categories":[1357],"tags":[1379,1687,58,111,59,1011,27,1380,2410,1584,10589],"class_list":{"0":"post-237400","1":"post","2":"type-post","3":"status-publish","4":"format-standard","5":"has-post-thumbnail","7":"category-livres","8":"tag-books","9":"tag-culture-loisirs","10":"tag-divertissement","11":"tag-edition-vienne-roussillon","12":"tag-entertainment","13":"tag-fr","14":"tag-france","15":"tag-livres","16":"tag-livres-bd","17":"tag-vienne","18":"tag-vienne-bassin"},"share_on_mastodon":{"url":"https:\/\/pubeurope.com\/@fr\/114822898632074786","error":""},"_links":{"self":[{"href":"https:\/\/www.europesays.com\/fr\/wp-json\/wp\/v2\/posts\/237400","targetHints":{"allow":["GET"]}}],"collection":[{"href":"https:\/\/www.europesays.com\/fr\/wp-json\/wp\/v2\/posts"}],"about":[{"href":"https:\/\/www.europesays.com\/fr\/wp-json\/wp\/v2\/types\/post"}],"author":[{"embeddable":true,"href":"https:\/\/www.europesays.com\/fr\/wp-json\/wp\/v2\/users\/2"}],"replies":[{"embeddable":true,"href":"https:\/\/www.europesays.com\/fr\/wp-json\/wp\/v2\/comments?post=237400"}],"version-history":[{"count":0,"href":"https:\/\/www.europesays.com\/fr\/wp-json\/wp\/v2\/posts\/237400\/revisions"}],"wp:featuredmedia":[{"embeddable":true,"href":"https:\/\/www.europesays.com\/fr\/wp-json\/wp\/v2\/media\/237401"}],"wp:attachment":[{"href":"https:\/\/www.europesays.com\/fr\/wp-json\/wp\/v2\/media?parent=237400"}],"wp:term":[{"taxonomy":"category","embeddable":true,"href":"https:\/\/www.europesays.com\/fr\/wp-json\/wp\/v2\/categories?post=237400"},{"taxonomy":"post_tag","embeddable":true,"href":"https:\/\/www.europesays.com\/fr\/wp-json\/wp\/v2\/tags?post=237400"}],"curies":[{"name":"wp","href":"https:\/\/api.w.org\/{rel}","templated":true}]}}