{"id":237411,"date":"2025-07-09T10:57:09","date_gmt":"2025-07-09T10:57:09","guid":{"rendered":"https:\/\/www.europesays.com\/fr\/237411\/"},"modified":"2025-07-09T10:57:09","modified_gmt":"2025-07-09T10:57:09","slug":"inquietude-apres-une-publication-video-de-matthieu-delormeau-a-caractere-sexuel","status":"publish","type":"post","link":"https:\/\/www.europesays.com\/fr\/237411\/","title":{"rendered":"inqui\u00e9tude apr\u00e8s une publication vid\u00e9o de Matthieu Delormeau \u00e0 caract\u00e8re sexuel"},"content":{"rendered":"<p>    Matthieu Delormeau.<br \/>\n                Marechal Aurore\/ABACA<\/p>\n<p><strong>REVUE DE TWEETS &#8211; <\/strong>Ce mardi 8 juillet, une vid\u00e9o a \u00e9t\u00e9 publi\u00e9e sur son compte Instagram public, prenant de court les utilisateurs du r\u00e9seau social. Elle a depuis \u00e9t\u00e9 effac\u00e9e.<\/p>\n<p class=\"fig-paragraph\">Erreur de destinataire ou hacking\u00a0? Ce mardi 8 juillet, la story Instagram de\u00a0<a href=\"http:\/\/tvmag.lefigaro.fr\/programme-tv\/actu-tele\/je-te-mets-en-sang-que-s-est-il-vraiment-passe-entre-matthieu-delormeau-et-cyril-hanouna-dans-tpmp-20250321\" target=\"_blank\" data-fig-type=\"Article\" rel=\"noopener nofollow\" data-gtm-custom-categorie=\"navigation\" data-gtm-custom-action=\"crossclick\" data-gtm-custom-label=\"Contextuel\" data-gtm-event=\"customEventSPE\" data-fig-domain=\"TVMAG\"><strong>Matthieu Delormeau<\/strong><\/a> \u00a0a fait r\u00e9agir les internautes. L\u2019ancien chroniqueur de \u00abTouche pas \u00e0 mon poste\u00bb y apparaissait nu, en train de se masturber, dans une vid\u00e9o qui n\u2019\u00e9tait visiblement pas destin\u00e9e \u00e0 \u00eatre publi\u00e9e de fa\u00e7on publique. Une trentaine de minutes plus tard, la publication a \u00e9t\u00e9 effac\u00e9e. Elle a tout de m\u00eame \u00e9t\u00e9 visionn\u00e9e par de nombreux internautes.<\/p>\n<p class=\"fig-paragraph\">Dans les commentaires de la derni\u00e8re publication Instagram de\u00a0<a href=\"http:\/\/tvmag.lefigaro.fr\/programme-tv\/actu-tele\/je-te-mets-en-sang-que-s-est-il-vraiment-passe-entre-matthieu-delormeau-et-cyril-hanouna-dans-tpmp-20250321\" target=\"_blank\" data-fig-type=\"Article\" rel=\"noopener nofollow\" data-gtm-custom-categorie=\"navigation\" data-gtm-custom-action=\"crossclick\" data-gtm-custom-label=\"Contextuel\" data-gtm-event=\"customEventSPE\" data-fig-domain=\"TVMAG\">Matthieu Delormeau<\/a>, ces derniers font part de leur choc. \u00abIl n\u2019y a pas un soi-disant ami qui peut l\u2019appeler pour lui parler de sa story\u00a0?\u00bb, \u00abJe suis choqu\u00e9e, sors de ta bulle Delormeau\u00a0!\u00bb, \u00abIl y a des enfants qui peuvent voir tes stories&#8230;\u00bb, \u00abC\u2019est quoi ce d\u00e9lire\u00a0?\u00bb, \u00abJe suis tomb\u00e9e par hasard sur la story&#8230; Le choc\u00bb, \u00abIl ne va vraiment pas bien en ce moment\u00bb, \u00abIl a d\u00fb se faire hacker, ce n\u2019est pas possible\u00bb, peut-on lire sous son post.<\/p>\n<p class=\"fig-body-link\">\n            \u00c0 lire aussi<br \/>\n        <a class=\"fig-body-link__link\" href=\"http:\/\/tvmag.lefigaro.fr\/programme-tv\/actu-tele\/on-est-plutot-severe-la-dessus-cyril-hanouna-n-epargne-pas-matthieu-delormeau-apres-son-arrestation-20250227\" target=\"_blank\" data-fig-type=\"Article\" rel=\"noopener nofollow\" data-gtm-custom-categorie=\"navigation\" data-gtm-custom-action=\"crossclick\" data-gtm-custom-label=\"Contextuel\" data-gtm-event=\"customEventSPE\" data-fig-domain=\"TVMAG\">\u00abOn est plut\u00f4t s\u00e9v\u00e8re l\u00e0-dessus\u00bb\u00a0: Cyril Hanouna n\u2019\u00e9pargne pas Matthieu Delormeau apr\u00e8s son arrestation<br \/>\n    <\/a>\n<\/p>\n<p>                                    <a class=\"fig-a11y-skip a11y-hidden\" href=\"#fig-a11y-skip-main-inarticle\"><br \/>\n        Passer la publicit\u00e9<br \/>\n    <\/a><\/p>\n<p class=\"fig-paragraph\"><a href=\"http:\/\/tvmag.lefigaro.fr\/programme-tv\/actu-tele\/laurence-ferrari-sarah-saldmann-arno-klarsfeld-capucine-anav-plusieurs-personnalites-se-mobilisent-pour-dire-fuck-kanye-west-20250224\" target=\"_blank\" data-fig-type=\"Article\" rel=\"noopener nofollow\" data-gtm-custom-categorie=\"navigation\" data-gtm-custom-action=\"crossclick\" data-gtm-custom-label=\"Contextuel\" data-gtm-event=\"customEventSPE\" data-fig-domain=\"TVMAG\">Capucine Anav<\/a>, amie de longue date de Matthieu Delormeau, n\u2019a pas h\u00e9sit\u00e9 \u00e0 le d\u00e9fendre lorsqu\u2019un utilisateur de X a incit\u00e9 les internautes \u00e0 aller voir et \u00e0 rire de la story Instagram de l\u2019ancien de \u00abTouche pas \u00e0 mon poste\u00a0!\u00bb. \u00abC\u2019est honteux d\u2019inciter les gens \u00e0 aller se moquer. \u00c7a en dit long sur ton \u00e9ducation. Apprends le respect, parce que l\u00e0, tu touches le fond mon pauvre\u00bb, a-t-elle d\u00e9plor\u00e9 depuis\u00a0<a href=\"https:\/\/x.com\/CapucineAnav\/status\/1942703276711141804\" target=\"_blank\" rel=\"sponsored noopener nofollow\" data-gtm-custom-categorie=\"navigation\" data-gtm-custom-action=\"crossclick\" data-gtm-custom-label=\"Contextuel\" data-gtm-event=\"customEventSPE\">son compte X.<\/a><\/p>\n<p class=\"fig-paragraph\">Sous sa publication, les internautes s\u2019indignent\u00a0: \u00abMais tu trouves sa story normale\u00a0? Un enfant peut tomber dessus\u00bb, \u00abOn se demande ce qui est r\u00e9ellement honteux dans l\u2019histoire\u00bb, \u00abOui, allez, c\u2019est de notre faute\u00bb, peut-on lire. Sur l\u2019application d\u2019Elon Musk, d\u2019autres utilisateurs ont partag\u00e9 leurs r\u00e9actions \u00e0 la story de Matthieu Delormeau. \u00abMais qu\u2019il supprime \u00e7a en urgence\u00a0!\u00bb, \u00abLe pauvre, il ne devait pas \u00eatre dans son \u00e9tat normal, il a voulu envoyer la vid\u00e9o \u00e0 quelqu\u2019un et il s\u2019est tromp\u00e9\u00bb, \u00abAccompagnez-le pour se soigner, faites-le hospitaliser, car \u00e7a va tr\u00e8s tr\u00e8s mal terminer cette histoire.\u00bb, \u00abNe soyez pas m\u00e9chants, il doit \u00eatre super mal&#8230;\u00bb, \u00e9crivent-ils. L\u2019int\u00e9ress\u00e9 n\u2019a pour l\u2019instant pas r\u00e9agi et a rendu son compte Instagram priv\u00e9.<\/p>\n<p class=\"fig-paragraph\">En f\u00e9vrier dernier, Matthieu Delormeau avait \u00e9t\u00e9 place en garde \u00e0 vue puis rel\u00e2ch\u00e9 apr\u00e8s avoir achet\u00e9 de la coca\u00efne. Il avait \u00e9cop\u00e9 de 800 euros d\u2019amende.<\/p>\n","protected":false},"excerpt":{"rendered":"Matthieu Delormeau. Marechal Aurore\/ABACA REVUE DE TWEETS &#8211; Ce mardi 8 juillet, une vid\u00e9o a \u00e9t\u00e9 publi\u00e9e sur&hellip;\n","protected":false},"author":2,"featured_media":237412,"comment_status":"","ping_status":"","sticky":false,"template":"","format":"standard","meta":{"footnotes":""},"categories":[8],"tags":[58,59,1011,27,7830,550],"class_list":{"0":"post-237411","1":"post","2":"type-post","3":"status-publish","4":"format-standard","5":"has-post-thumbnail","7":"category-divertissement","8":"tag-divertissement","9":"tag-entertainment","10":"tag-fr","11":"tag-france","12":"tag-matthieu-delormeau","13":"tag-tpmp"},"share_on_mastodon":{"url":"https:\/\/pubeurope.com\/@fr\/114822922348319490","error":""},"_links":{"self":[{"href":"https:\/\/www.europesays.com\/fr\/wp-json\/wp\/v2\/posts\/237411","targetHints":{"allow":["GET"]}}],"collection":[{"href":"https:\/\/www.europesays.com\/fr\/wp-json\/wp\/v2\/posts"}],"about":[{"href":"https:\/\/www.europesays.com\/fr\/wp-json\/wp\/v2\/types\/post"}],"author":[{"embeddable":true,"href":"https:\/\/www.europesays.com\/fr\/wp-json\/wp\/v2\/users\/2"}],"replies":[{"embeddable":true,"href":"https:\/\/www.europesays.com\/fr\/wp-json\/wp\/v2\/comments?post=237411"}],"version-history":[{"count":0,"href":"https:\/\/www.europesays.com\/fr\/wp-json\/wp\/v2\/posts\/237411\/revisions"}],"wp:featuredmedia":[{"embeddable":true,"href":"https:\/\/www.europesays.com\/fr\/wp-json\/wp\/v2\/media\/237412"}],"wp:attachment":[{"href":"https:\/\/www.europesays.com\/fr\/wp-json\/wp\/v2\/media?parent=237411"}],"wp:term":[{"taxonomy":"category","embeddable":true,"href":"https:\/\/www.europesays.com\/fr\/wp-json\/wp\/v2\/categories?post=237411"},{"taxonomy":"post_tag","embeddable":true,"href":"https:\/\/www.europesays.com\/fr\/wp-json\/wp\/v2\/tags?post=237411"}],"curies":[{"name":"wp","href":"https:\/\/api.w.org\/{rel}","templated":true}]}}