{"id":237417,"date":"2025-07-09T11:00:09","date_gmt":"2025-07-09T11:00:09","guid":{"rendered":"https:\/\/www.europesays.com\/fr\/237417\/"},"modified":"2025-07-09T11:00:09","modified_gmt":"2025-07-09T11:00:09","slug":"le-programme-nucleaire-iranien-retarde-de-plusieurs-mois-a-coup-sur-selon-le-patron-de-la-dgse","status":"publish","type":"post","link":"https:\/\/www.europesays.com\/fr\/237417\/","title":{"rendered":"Le programme nucl\u00e9aire iranien retard\u00e9 de \u00abplusieurs mois \u00e0 coup s\u00fbr\u00bb, selon le patron de la DGSE"},"content":{"rendered":"<p>Nicolas Lerner, le directeur g\u00e9n\u00e9ral du service de renseignement ext\u00e9rieur fran\u00e7ais, a affirm\u00e9 que le programme nucl\u00e9aire iranien avait \u00e9t\u00e9 \u00abtr\u00e8s s\u00e9rieusement endommag\u00e9\u00bb, mais reste prudent sur le stock d\u2019uranium hautement enrichi d\u00e9tenu par l\u2019Iran.<\/p>\n<p class=\"fig-paragraph\">Le\u00a0<a href=\"http:\/\/www.lefigaro.fr\/international\/le-programme-nucleaire-iranien-a-t-il-ete-detruit-par-les-frappes-americaines-20250622\" target=\"_blank\" data-fig-type=\"Article\" rel=\"noopener nofollow\" data-gtm-custom-categorie=\"navigation\" data-gtm-custom-action=\"crossclick\" data-gtm-custom-label=\"Contextuel\" data-gtm-event=\"customEventSPE\" data-fig-domain=\"LEFIGARO\">programme nucl\u00e9aire iranien<\/a>\u00a0a \u00e9t\u00e9 retard\u00e9 de \u00abplusieurs mois \u00e0 coup s\u00fbr\u00bb par les\u00a0<a href=\"http:\/\/www.lefigaro.fr\/international\/guerre-israel-iran-des-images-satellites-revelent-les-degats-des-frappes-americaines-sur-les-sites-nucleaires-iraniens-20250623\" target=\"_blank\" data-fig-type=\"NewsFlash\" rel=\"noopener nofollow\" data-gtm-custom-categorie=\"navigation\" data-gtm-custom-action=\"crossclick\" data-gtm-custom-label=\"Contextuel\" data-gtm-event=\"customEventSPE\" data-fig-domain=\"LEFIGARO\">frappes isra\u00e9liennes et am\u00e9ricaines<\/a>, a affirm\u00e9 mardi le directeur g\u00e9n\u00e9ral du service de renseignement ext\u00e9rieur fran\u00e7ais (DGSE) Nicolas Lerner.<\/p>\n<p class=\"fig-paragraph\">Interrog\u00e9 sur la cha\u00eene de t\u00e9l\u00e9vision LCI sur l&rsquo;impact de ces frappes contre les sites nucl\u00e9aires iraniens, le patron de la Direction g\u00e9n\u00e9rale de la s\u00e9curit\u00e9 ext\u00e9rieure a r\u00e9pondu\u00a0: \u00abind\u00e9niablement plusieurs mois \u00e0 coup s\u00fbr, ind\u00e9niablement un retard sur le programme tel qu&rsquo;il \u00e9tait con\u00e7u de mani\u00e8re industrielle\u00bb.<\/p>\n<p>                                    <a class=\"fig-a11y-skip a11y-hidden\" href=\"#fig-a11y-skip-main-inarticle\"><br \/>\n        Passer la publicit\u00e9<br \/>\n    <\/a><\/p>\n<p>\u00abLe programme nucl\u00e9aire iranien (&#8230;) a pris beaucoup de retard\u00bb<\/p>\n<p class=\"fig-paragraph\">Qu&rsquo;il s&rsquo;agisse de la capacit\u00e9 d&rsquo;enrichir l&rsquo;uranium, de concevoir une t\u00eate nucl\u00e9aire ou de l&rsquo;int\u00e9grer dans un missile, \u00abnotre appr\u00e9ciation aujourd&rsquo;hui, c&rsquo;est que chacune de ces \u00e9tapes a \u00e9t\u00e9 tr\u00e8s s\u00e9rieusement touch\u00e9e, tr\u00e8s s\u00e9rieusement endommag\u00e9e, et que le programme nucl\u00e9aire iranien tel que nous le connaissions a pris beaucoup, beaucoup de retard\u00bb, a ajout\u00e9 Nicolas Lerner. \u00abC&rsquo;est une r\u00e9alit\u00e9 qui m\u00e9rite encore n\u00e9anmoins d&rsquo;\u00eatre affin\u00e9e\u00bb, a-t-il pr\u00e9cis\u00e9.<\/p>\n<p class=\"fig-paragraph\">Le patron de la DGSE se dit \u00abaffirmatif sur le fait qu&rsquo;aujourd&rsquo;hui, aucun service de renseignement du monde n&rsquo;est capable, ou n&rsquo;a \u00e9t\u00e9 capable dans les quelques heures qui ont suivi ces frappes, d&rsquo;avoir une \u00e9valuation parfaite, totale de ce qui a pu se passer\u00bb. L\u2019\u00e9tat du programme iranien apr\u00e8s les frappes isra\u00e9liennes et am\u00e9ricaines en juin est l\u2019objet de tr\u00e8s\u00a0<a href=\"http:\/\/www.lefigaro.fr\/international\/la-majorite-de-l-uranium-enrichi-est-toujours-la-les-senateurs-americains-nuancent-l-impact-des-frappes-contre-l-iran-20250628\" target=\"_blank\" data-fig-type=\"NewsFlash\" rel=\"noopener nofollow\" data-gtm-custom-categorie=\"navigation\" data-gtm-custom-action=\"crossclick\" data-gtm-custom-label=\"Contextuel\" data-gtm-event=\"customEventSPE\" data-fig-domain=\"LEFIGARO\">nombreuses interrogations<\/a>.<\/p>\n<p>Prudence sur le sort du stock d\u2019uranium enrichi<\/p>\n<p class=\"fig-paragraph\">Le porte-parole du Pentagone a affirm\u00e9 que le programme nucl\u00e9aire avait \u00e9t\u00e9 retard\u00e9 \u00abd&rsquo;un \u00e0 deux ans au moins\u00bb, contredisant un premier rapport pr\u00e9liminaire top secret du renseignement am\u00e9ricain, dont la presse am\u00e9ricaine avait auparavant fait \u00e9tat et qui \u00e9tablissait lui que les bombardements contre l&rsquo;Iran n&rsquo;avaient retard\u00e9 son programme nucl\u00e9aire que de quelques mois. \u00abDeux \u00e9l\u00e9ments invitent \u00e0 la prudence\u00bb, a toutefois soulign\u00e9 le patron de la DGSE: le sort d&rsquo;une partie du\u00a0<a href=\"http:\/\/www.lefigaro.fr\/international\/l-iran-pourrait-recommencer-a-enrichir-de-l-uranium-d-ici-quelques-mois-alerte-le-patron-de-l-agence-internationale-de-l-energie-atomique-20250628\" target=\"_blank\" data-fig-type=\"NewsFlash\" rel=\"noopener nofollow\" data-gtm-custom-categorie=\"navigation\" data-gtm-custom-action=\"crossclick\" data-gtm-custom-label=\"Contextuel\" data-gtm-event=\"customEventSPE\" data-fig-domain=\"LEFIGARO\">stock d&rsquo;uranium hautement enrichi<\/a>\u00a0et le risque que T\u00e9h\u00e9ran poursuive clandestinement son programme nucl\u00e9aire.<\/p>\n<p class=\"fig-paragraph\">\u00abIl y a un consensus sur le fait que la mati\u00e8re, les 450 kg d&rsquo;uranium enrichi, peut-\u00eatre qu&rsquo;une petite partie a \u00e9t\u00e9 d\u00e9truite, mais cette mati\u00e8re reste aux mains du r\u00e9gime\u00bb, a-t-il d\u00e9velopp\u00e9. \u00abNous ne sommes pas en capacit\u00e9 de le tracer avec certitude\u00bb, a-t-il ajout\u00e9, \u00abnotamment tant que l&rsquo;AIEA n&rsquo;a pas repris son travail, et c&rsquo;est pour \u00e7a que c&rsquo;\u00e9tait tellement important\u00bb. L&rsquo;Iran\u00a0a officiellement suspendu d\u00e9but juillet sa coop\u00e9ration avec l&rsquo;Agence internationale de l&rsquo;\u00e9nergie atomique (AIEA), charg\u00e9e de la s\u00fbret\u00e9 nucl\u00e9aire.<\/p>\n","protected":false},"excerpt":{"rendered":"Nicolas Lerner, le directeur g\u00e9n\u00e9ral du service de renseignement ext\u00e9rieur fran\u00e7ais, a affirm\u00e9 que le programme nucl\u00e9aire iranien&hellip;\n","protected":false},"author":2,"featured_media":237418,"comment_status":"","ping_status":"","sticky":false,"template":"","format":"standard","meta":{"footnotes":""},"categories":[5],"tags":[11,37587,1011,27,14,3019,12,3020,28],"class_list":{"0":"post-237417","1":"post","2":"type-post","3":"status-publish","4":"format-standard","5":"has-post-thumbnail","7":"category-international","8":"tag-actualites","9":"tag-dgse","10":"tag-fr","11":"tag-france","12":"tag-international","13":"tag-iran","14":"tag-news","15":"tag-nucleaire-iranien","16":"tag-world"},"share_on_mastodon":{"url":"https:\/\/pubeurope.com\/@fr\/114822933943966815","error":""},"_links":{"self":[{"href":"https:\/\/www.europesays.com\/fr\/wp-json\/wp\/v2\/posts\/237417","targetHints":{"allow":["GET"]}}],"collection":[{"href":"https:\/\/www.europesays.com\/fr\/wp-json\/wp\/v2\/posts"}],"about":[{"href":"https:\/\/www.europesays.com\/fr\/wp-json\/wp\/v2\/types\/post"}],"author":[{"embeddable":true,"href":"https:\/\/www.europesays.com\/fr\/wp-json\/wp\/v2\/users\/2"}],"replies":[{"embeddable":true,"href":"https:\/\/www.europesays.com\/fr\/wp-json\/wp\/v2\/comments?post=237417"}],"version-history":[{"count":0,"href":"https:\/\/www.europesays.com\/fr\/wp-json\/wp\/v2\/posts\/237417\/revisions"}],"wp:featuredmedia":[{"embeddable":true,"href":"https:\/\/www.europesays.com\/fr\/wp-json\/wp\/v2\/media\/237418"}],"wp:attachment":[{"href":"https:\/\/www.europesays.com\/fr\/wp-json\/wp\/v2\/media?parent=237417"}],"wp:term":[{"taxonomy":"category","embeddable":true,"href":"https:\/\/www.europesays.com\/fr\/wp-json\/wp\/v2\/categories?post=237417"},{"taxonomy":"post_tag","embeddable":true,"href":"https:\/\/www.europesays.com\/fr\/wp-json\/wp\/v2\/tags?post=237417"}],"curies":[{"name":"wp","href":"https:\/\/api.w.org\/{rel}","templated":true}]}}