{"id":237419,"date":"2025-07-09T11:01:10","date_gmt":"2025-07-09T11:01:10","guid":{"rendered":"https:\/\/www.europesays.com\/fr\/237419\/"},"modified":"2025-07-09T11:01:10","modified_gmt":"2025-07-09T11:01:10","slug":"en-direct-savoie-trois-personnes-decedees-dans-le-crash-dun-avion-de-tourisme","status":"publish","type":"post","link":"https:\/\/www.europesays.com\/fr\/237419\/","title":{"rendered":"En direct Savoie. Trois personnes d\u00e9c\u00e9d\u00e9es dans le crash d&rsquo;un avion de tourisme"},"content":{"rendered":"<p>Ce mercredi 9 juillet, peu avant 11 heures, un avion de tourisme, avec plusieurs personnes \u00e0 son bord, s\u2019est \u00e9cras\u00e9 \u00e0 proximit\u00e9 de l\u2019a\u00e9roport de Chamb\u00e9ry. Plus exactement, entre la piste et la D1504, juste derri\u00e8re la boulangerie \u00ab\u00a0Chez Vincent\u00a0\u00bb.<\/p>\n<p>Plusieurs personnes sont d\u00e9c\u00e9d\u00e9es. Des voisins qui ont assist\u00e9 au crash et qui ont pu parler avec les secours assurent qu\u2019il y aurait au moins trois victimes. Des \u00e9l\u00e9ments non v\u00e9rifi\u00e9s pour l\u2019heure.<\/p>\n<p>Ce contenu est bloqu\u00e9 car vous n&rsquo;avez pas accept\u00e9 les cookies et autres traceurs.<\/p>\n<p>En cliquant sur \u00ab J\u2019accepte \u00bb, les cookies et autres traceurs seront d\u00e9pos\u00e9s et vous pourrez visualiser les contenus  (<a href=\"\" class=\"consentModule_policy\" target=\"_blank\" title=\"Consulter la politique de protection des donn\u00e9es du fournisseur\">plus d&rsquo;informations<\/a>).<\/p>\n<p>En cliquant sur \u00ab J\u2019accepte tous les cookies \u00bb, vous autorisez des d\u00e9p\u00f4ts de cookies et autres traceurs pour le stockage de vos donn\u00e9es sur nos sites et applications \u00e0 des fins de personnalisation et de ciblage publicitaire.<\/p>\n<p class=\"consentModule_secondaryText\">Vous gardez la possibilit\u00e9 de retirer votre consentement \u00e0 tout moment en consultant notre <a href=\"https:\/\/www.ledauphine.com\/protection-des-donnees\" target=\"_blank\" title=\"Consulter notre politique de protection des donn\u00e9es\" rel=\"noopener\">politique de protection des donn\u00e9es<\/a>. <br \/>&#13;<br \/>\n            <a href=\"https:\/\/www.ledauphine.com\/faits-divers-justice\/2025\/07\/09\/javascript:Didomi.notice.show()\" class=\"consentModule_cmp\" target=\"_blank\" rel=\"noopener\">G\u00e9rer mes choix<\/a>&#13;\n        <\/p>\n<p>&#13;<br \/>\n                        J&rsquo;accepte&#13;<br \/>\n            J&rsquo;accepte tous les cookies&#13;\n        <\/p>\n<p>Pas moins d\u2019une vingtaine de sapeurs pompiers, quatre effectifs du Smur et une quinzaine de gendarmes sont sur place. Nous ne connaissons pas encore les circonstances exactes de ce drame.<\/p>\n<p>Plusieurs t\u00e9moins indiquent avoir vu l\u2019avion en perte de contr\u00f4le, durant plusieurs minutes, au dessus des maisons, \u00e0 tr\u00e8s basse altitude, juste avant le drame. D\u2019ailleurs, si aucune maison de ce quartier r\u00e9sidentiel ne semble avoir \u00e9t\u00e9 gravement percut\u00e9e, une cl\u00f4ture s\u2019est effondr\u00e9e.<\/p>\n","protected":false},"excerpt":{"rendered":"Ce mercredi 9 juillet, peu avant 11 heures, un avion de tourisme, avec plusieurs personnes \u00e0 son bord,&hellip;\n","protected":false},"author":2,"featured_media":237420,"comment_status":"","ping_status":"","sticky":false,"template":"","format":"standard","meta":{"footnotes":""},"categories":[4],"tags":[119,11,7001,274,107,1011,27,329,12,25,5508,37663],"class_list":{"0":"post-237419","1":"post","2":"type-post","3":"status-publish","4":"format-standard","5":"has-post-thumbnail","7":"category-france","8":"tag-accident","9":"tag-actualites","10":"tag-edition-chambery-aix-les-bains","11":"tag-faits-divers-justice","12":"tag-fil-info","13":"tag-fr","14":"tag-france","15":"tag-france-monde","16":"tag-news","17":"tag-republique-francaise","18":"tag-savoie","19":"tag-voglans"},"share_on_mastodon":{"url":"https:\/\/pubeurope.com\/@fr\/114822937566270663","error":""},"_links":{"self":[{"href":"https:\/\/www.europesays.com\/fr\/wp-json\/wp\/v2\/posts\/237419","targetHints":{"allow":["GET"]}}],"collection":[{"href":"https:\/\/www.europesays.com\/fr\/wp-json\/wp\/v2\/posts"}],"about":[{"href":"https:\/\/www.europesays.com\/fr\/wp-json\/wp\/v2\/types\/post"}],"author":[{"embeddable":true,"href":"https:\/\/www.europesays.com\/fr\/wp-json\/wp\/v2\/users\/2"}],"replies":[{"embeddable":true,"href":"https:\/\/www.europesays.com\/fr\/wp-json\/wp\/v2\/comments?post=237419"}],"version-history":[{"count":0,"href":"https:\/\/www.europesays.com\/fr\/wp-json\/wp\/v2\/posts\/237419\/revisions"}],"wp:featuredmedia":[{"embeddable":true,"href":"https:\/\/www.europesays.com\/fr\/wp-json\/wp\/v2\/media\/237420"}],"wp:attachment":[{"href":"https:\/\/www.europesays.com\/fr\/wp-json\/wp\/v2\/media?parent=237419"}],"wp:term":[{"taxonomy":"category","embeddable":true,"href":"https:\/\/www.europesays.com\/fr\/wp-json\/wp\/v2\/categories?post=237419"},{"taxonomy":"post_tag","embeddable":true,"href":"https:\/\/www.europesays.com\/fr\/wp-json\/wp\/v2\/tags?post=237419"}],"curies":[{"name":"wp","href":"https:\/\/api.w.org\/{rel}","templated":true}]}}