{"id":237423,"date":"2025-07-09T11:03:11","date_gmt":"2025-07-09T11:03:11","guid":{"rendered":"https:\/\/www.europesays.com\/fr\/237423\/"},"modified":"2025-07-09T11:03:11","modified_gmt":"2025-07-09T11:03:11","slug":"loire-loire-tourisme-encourage-les-visiteurs-a-deconnecter-pendant-les-vacances","status":"publish","type":"post","link":"https:\/\/www.europesays.com\/fr\/237423\/","title":{"rendered":"Loire. Loire Tourisme encourage les visiteurs \u00e0 d\u00e9connecter pendant les vacances"},"content":{"rendered":"<p>Du 1er\u00a0juillet au 31\u00a0ao\u00fbt 2025, le d\u00e9partement de la Loire vous invite \u00e0 vivre des vacances autrement. Dans un monde o\u00f9 la connexion num\u00e9rique est omnipr\u00e9sente, il propose de couper un peu avec son t\u00e9l\u00e9phone pour mieux profiter de ses vacances et ainsi se reconnecter \u00e0 l\u2019essentiel\u00a0: soi, les autres et la nature.<\/p>\n<p>Ce jeu-concours baptis\u00e9 \u00ab\u00a0S\u00e9jour d\u00e9connect\u00e9, s\u00e9jour rembours\u00e9\u00a0\u00bb est une initiative phare de la campagne de communication estivale de Loire Tourisme \u00ab\u00a0La meilleure des connexions dans la Loire\u00a0\u00bb, qui met \u00e0 l\u2019honneur les bienfaits de la d\u00e9connexion et du retour \u00e0 la nature.<\/p>\n<p>  Jusqu\u2019\u00e0 500\u00a0euros de rembours\u00e9s<\/p>\n<p>Pour les plus d\u00e9connect\u00e9s et les plus chanceux (tirage au sort) un remboursement de leur s\u00e9jour (jusqu\u2019\u00e0 500\u00a0\u20ac) leur sera cr\u00e9dit\u00e9. Pour participer, il faudra bien \u00e9videmment passer ses vacances dans le d\u00e9partement de la Loire, transmettre une preuve de s\u00e9jour (facture ou confirmation de r\u00e9servation d\u2019h\u00e9bergement) et envoyer une capture de son temps d\u2019\u00e9cran afin de prouver que le temps d\u2019utilisation de son t\u00e9l\u00e9phone a bien \u00e9t\u00e9 r\u00e9duit pendant son s\u00e9jour.<\/p>\n<p>Au-del\u00e0 du concours, cette initiative fait partie d\u2019une campagne plus large visant \u00e0 encourager un tourisme plus responsable, plus humain et plus authentique. Les vacances en Loire sont l\u2019occasion de vivre pleinement l\u2019instant pr\u00e9sent, de se reconnecter \u00e0 la nature, de partager des moments vrais avec ses proches, et de red\u00e9couvrir la joie de la d\u00e9connexion.<\/p>\n<p class=\"note\">Le concours en d\u00e9tail accessible sur loiretourisme.com<\/p>\n","protected":false},"excerpt":{"rendered":"Du 1er\u00a0juillet au 31\u00a0ao\u00fbt 2025, le d\u00e9partement de la Loire vous invite \u00e0 vivre des vacances autrement. Dans&hellip;\n","protected":false},"author":2,"featured_media":237424,"comment_status":"","ping_status":"","sticky":false,"template":"","format":"standard","meta":{"footnotes":""},"categories":[9653],"tags":[1111,11,2430,1687,1777,674,1011,27,3367,12,25,4001,7538,602],"class_list":{"0":"post-237423","1":"post","2":"type-post","3":"status-publish","4":"format-standard","5":"has-post-thumbnail","7":"category-saint-etienne","8":"tag-actu","9":"tag-actualites","10":"tag-auvergne-rhone-alpes","11":"tag-culture-loisirs","12":"tag-eu","13":"tag-europe","14":"tag-fr","15":"tag-france","16":"tag-loire","17":"tag-news","18":"tag-republique-francaise","19":"tag-saint-etienne","20":"tag-saint-etienne-ville","21":"tag-tourisme"},"share_on_mastodon":{"url":"https:\/\/pubeurope.com\/@fr\/114822945782662858","error":""},"_links":{"self":[{"href":"https:\/\/www.europesays.com\/fr\/wp-json\/wp\/v2\/posts\/237423","targetHints":{"allow":["GET"]}}],"collection":[{"href":"https:\/\/www.europesays.com\/fr\/wp-json\/wp\/v2\/posts"}],"about":[{"href":"https:\/\/www.europesays.com\/fr\/wp-json\/wp\/v2\/types\/post"}],"author":[{"embeddable":true,"href":"https:\/\/www.europesays.com\/fr\/wp-json\/wp\/v2\/users\/2"}],"replies":[{"embeddable":true,"href":"https:\/\/www.europesays.com\/fr\/wp-json\/wp\/v2\/comments?post=237423"}],"version-history":[{"count":0,"href":"https:\/\/www.europesays.com\/fr\/wp-json\/wp\/v2\/posts\/237423\/revisions"}],"wp:featuredmedia":[{"embeddable":true,"href":"https:\/\/www.europesays.com\/fr\/wp-json\/wp\/v2\/media\/237424"}],"wp:attachment":[{"href":"https:\/\/www.europesays.com\/fr\/wp-json\/wp\/v2\/media?parent=237423"}],"wp:term":[{"taxonomy":"category","embeddable":true,"href":"https:\/\/www.europesays.com\/fr\/wp-json\/wp\/v2\/categories?post=237423"},{"taxonomy":"post_tag","embeddable":true,"href":"https:\/\/www.europesays.com\/fr\/wp-json\/wp\/v2\/tags?post=237423"}],"curies":[{"name":"wp","href":"https:\/\/api.w.org\/{rel}","templated":true}]}}