{"id":237425,"date":"2025-07-09T11:04:10","date_gmt":"2025-07-09T11:04:10","guid":{"rendered":"https:\/\/www.europesays.com\/fr\/237425\/"},"modified":"2025-07-09T11:04:10","modified_gmt":"2025-07-09T11:04:10","slug":"des-travaux-a-tous-les-etages-pour-35-millions-deuros","status":"publish","type":"post","link":"https:\/\/www.europesays.com\/fr\/237425\/","title":{"rendered":"des travaux \u00e0 tous les \u00e9tages pour\u00a03,5\u00a0millions d\u2019euros"},"content":{"rendered":"<p>Ils sont pr\u00e8s de 900 \u00e9l\u00e8ves \u00e0 se rendre chaque jour rue Michelet, dans le <a href=\"https:\/\/www.leprogres.fr\/education\/2025\/04\/02\/un-bond-spectaculaire-pour-le-college-gambetta-en-tete-de-classement\" target=\"_blank\" rel=\"noopener\">premier coll\u00e8ge public du d\u00e9partement<\/a> de la Loire en termes de r\u00e9sultats. L\u2019\u00e9tablissement, situ\u00e9 en hypercentre, grouille, et a atteint sa capacit\u00e9 maximale d\u2019accueil. Il devenait n\u00e9cessaire de cr\u00e9er d\u2019autres salles, et de repenser les espaces communs qui devenaient exigus. Ces travaux, d\u2019une dur\u00e9e de 18 mois, se feront sur site occup\u00e9, rendant l\u2019op\u00e9ration encore un peu plus d\u00e9licate.<\/p>\n<p>  Nouvelle vie pour le troisi\u00e8me \u00e9tage inoccup\u00e9<\/p>\n<p>Le troisi\u00e8me \u00e9tage de l\u2019\u00e9tablissement rena\u00eet\u00a0: jusqu\u2019ici presque inoccup\u00e9, ce sont bient\u00f4t une demi-douzaine de nouvelles salles pour la technologie ou pour les math\u00e9matiques qui sortiront de terre. Des salles pens\u00e9es pour une nouvelle p\u00e9dagogie, sans lignes de tables strictes. Tout comme les quatre autres qui seront bient\u00f4t cr\u00e9\u00e9es \u00e0 l\u2019\u00e9tage inf\u00e9rieur\u00a0: des salles \u00ab\u00a0d\u2019exp\u00e9rimentation p\u00e9dagogique\u00a0\u00bb pour les mati\u00e8res qui s\u2019y pr\u00eatent avec des enseignants qui jouent le jeu.<\/p>\n<p>En descendant au rez-de-chauss\u00e9e, l\u00e0 encore, les travaux continuent. Une partie du CDI (qui sera bien s\u00fbr r\u00e9am\u00e9nag\u00e9) a \u00e9t\u00e9 d\u00e9truite pour permettre un passage entre les deux cours du coll\u00e8ge et ainsi d\u00e9-saturer la premi\u00e8re. Mais aussi le r\u00e9am\u00e9nagement du p\u00f4le m\u00e9dico-social \u00ab\u00a0pour une meilleure intimit\u00e9\u00a0\u00bb, ainsi que du p\u00f4le vie-scolaire, ou neuf employ\u00e9s occupaient une quinzaine de m\u00e8tres carr\u00e9s jusqu\u2019alors.<\/p>\n<p>\u00ab\u00a0L\u2019objectif est d\u2019am\u00e9liorer la coh\u00e9rence entre les services des assistants d\u2019\u00e9ducation, des conseill\u00e8res principales, d\u2019aide au devoir, du foyer\u2026 Cela m\u00e9rite un agrandissement\u00a0\u00bb, expliquent les services techniques du D\u00e9partement. Des arbres seront plant\u00e9s et un parking \u00e0 v\u00e9lo verra \u00e9galement le jour.<\/p>\n<p>  Moins de conseils de discipline gr\u00e2ce aux travaux\u00a0?<\/p>\n<p>\u00ab\u00a0Je pense sinc\u00e8rement que ces travaux sont relatifs au bien vivre des \u00e9quipes et surtout des \u00e9l\u00e8ves. Un exemple flagrant, qui est multifactoriel mais qui r\u00e9sulte quand m\u00eame de la pr\u00e9sence de locaux adapt\u00e9s\u00a0: avant travaux, nous comptions une vingtaine de conseils de disciplines chaque ann\u00e9e.<\/p>\n<p>Depuis, seulement un s\u2019est tenu. Chacun doit se sentir responsable des lieux dans lequel il existe et nous n\u2019avons pas \u00e0 d\u00e9plorer d\u2019incidents, m\u00eame en fin d\u2019ann\u00e9e. Ces travaux auront un v\u00e9ritable impact sur la qualit\u00e9 et la capacit\u00e9 de vie de nos \u00e9l\u00e8ves et de notre personnel\u00a0\u00bb, confie Mourad Chikh, le principal. En tout, ce sont 3,5\u00a0millions d\u2019euros investis par le D\u00e9partement pour ce coll\u00e8ge aux mille chantiers.<\/p>\n","protected":false},"excerpt":{"rendered":"Ils sont pr\u00e8s de 900 \u00e9l\u00e8ves \u00e0 se rendre chaque jour rue Michelet, dans le premier coll\u00e8ge public&hellip;\n","protected":false},"author":2,"featured_media":237426,"comment_status":"","ping_status":"","sticky":false,"template":"","format":"standard","meta":{"footnotes":""},"categories":[9653],"tags":[1111,11,2430,4749,3599,33,7539,1057,1777,674,1011,27,12,25,4001,7538],"class_list":{"0":"post-237425","1":"post","2":"type-post","3":"status-publish","4":"format-standard","5":"has-post-thumbnail","7":"category-saint-etienne","8":"tag-actu","9":"tag-actualites","10":"tag-auvergne-rhone-alpes","11":"tag-btp-et-chantiers","12":"tag-college-lycee","13":"tag-economie","14":"tag-edition-loire-sud","15":"tag-education","16":"tag-eu","17":"tag-europe","18":"tag-fr","19":"tag-france","20":"tag-news","21":"tag-republique-francaise","22":"tag-saint-etienne","23":"tag-saint-etienne-ville"},"share_on_mastodon":{"url":"https:\/\/pubeurope.com\/@fr\/114822949682196988","error":""},"_links":{"self":[{"href":"https:\/\/www.europesays.com\/fr\/wp-json\/wp\/v2\/posts\/237425","targetHints":{"allow":["GET"]}}],"collection":[{"href":"https:\/\/www.europesays.com\/fr\/wp-json\/wp\/v2\/posts"}],"about":[{"href":"https:\/\/www.europesays.com\/fr\/wp-json\/wp\/v2\/types\/post"}],"author":[{"embeddable":true,"href":"https:\/\/www.europesays.com\/fr\/wp-json\/wp\/v2\/users\/2"}],"replies":[{"embeddable":true,"href":"https:\/\/www.europesays.com\/fr\/wp-json\/wp\/v2\/comments?post=237425"}],"version-history":[{"count":0,"href":"https:\/\/www.europesays.com\/fr\/wp-json\/wp\/v2\/posts\/237425\/revisions"}],"wp:featuredmedia":[{"embeddable":true,"href":"https:\/\/www.europesays.com\/fr\/wp-json\/wp\/v2\/media\/237426"}],"wp:attachment":[{"href":"https:\/\/www.europesays.com\/fr\/wp-json\/wp\/v2\/media?parent=237425"}],"wp:term":[{"taxonomy":"category","embeddable":true,"href":"https:\/\/www.europesays.com\/fr\/wp-json\/wp\/v2\/categories?post=237425"},{"taxonomy":"post_tag","embeddable":true,"href":"https:\/\/www.europesays.com\/fr\/wp-json\/wp\/v2\/tags?post=237425"}],"curies":[{"name":"wp","href":"https:\/\/api.w.org\/{rel}","templated":true}]}}