{"id":237427,"date":"2025-07-09T11:05:10","date_gmt":"2025-07-09T11:05:10","guid":{"rendered":"https:\/\/www.europesays.com\/fr\/237427\/"},"modified":"2025-07-09T11:05:10","modified_gmt":"2025-07-09T11:05:10","slug":"nancy-met-en-place-une-nouvelle-amende-pour-ces-delits-du-quotidien-qui-touchent-les-magasins","status":"publish","type":"post","link":"https:\/\/www.europesays.com\/fr\/237427\/","title":{"rendered":"Nancy met en place une nouvelle amende pour ces d\u00e9lits du quotidien qui touchent les magasins"},"content":{"rendered":"<p>            Par<br \/>\n        <strong><br \/>\n            <a href=\"https:\/\/actu.fr\/auteur\/amandine-mehl\" title=\"Consulter tous les articles de Amandine Mehl\" rel=\"nofollow noopener\" target=\"_blank\">Amandine Mehl<\/a><br \/>\n        <\/strong><\/p>\n<p>        Publi\u00e9 le<\/p>\n<p>            9 juil. 2025 \u00e0 12h37        <\/p>\n<p>Depuis le mois de mars, <strong>Nancy<\/strong> dispose d\u2019une nouvelle \u00ab\u00a0arme\u00a0\u00bb face aux <strong>voleurs \u00e0 l\u2019\u00e9talage<\/strong>. Alors qu\u2019une \u00ab\u00a0batterie de proc\u00e9dures\u00a0\u00bb devait \u00eatre mise en place lorsqu\u2019un voleur \u00e9tait <strong>surpris en flagrant d\u00e9lit<\/strong> dans un <a href=\"https:\/\/actu.fr\/tag\/commerce\" rel=\"nofollow noopener\" target=\"_blank\">commerce<\/a>, dor\u00e9navant, la situation peut \u00eatre r\u00e9gl\u00e9e plus rapidement.<\/p>\n<p class=\" wall-content\">On vous explique.<\/p>\n<p>L\u2019amende forfaitaire d\u00e9lictuelle \u00e9tendue aux vols \u00e0 l\u2019\u00e9talage<\/p>\n<p class=\" wall-content\">Comme l\u2019a rappel\u00e9 le maire, Mathieu Klein, \u00e0 l\u2019occasion d\u2019une conf\u00e9rence de presse portant sur la s\u00e9curit\u00e9 en <a href=\"https:\/\/actu.fr\/grand-est\/nancy_54395\/nancy-la-ville-prend-une-mesure-surprenante-pour-lutter-contre-les-nuisances-dans-ces-rues-du-centre-ville_62882521.html\" rel=\"nofollow noopener\" target=\"_blank\">centre-ville<\/a>, il a sollicit\u00e9 le procureur de la R\u00e9publique de Nancy il y a quelque temps pour \u00e9tendre l\u2019<a href=\"https:\/\/actu.fr\/grand-est\/nancy_54395\/a-nancy-le-maire-veut-systematiser-cette-amende-et-en-creer-une-nouvelle_61987482.html\" rel=\"nofollow noopener\" target=\"_blank\">amende<\/a> forfaitaire d\u00e9lictuelle aux <strong>vols \u00e0 l\u2019\u00e9talage<\/strong>.\u00a0<\/p>\n<p class=\" wall-content\">En place depuis quelques mois, le dispositif \u00ab\u00a0<strong>a d\u00e9j\u00e0 rencontr\u00e9 un grand succ\u00e8s<\/strong>\u00ab\u00a0, d\u2019apr\u00e8s les propos du procureur rapport\u00e9s par le maire.<\/p>\n<p>Vid\u00e9os : en ce moment sur ActuUn proc\u00e9d\u00e9 \u00ab\u00a0pratique et rapide\u00a0\u00bb mais qui a ses limites<\/p>\n<p class=\" wall-content\">Pour Mathieu Klein, ce proc\u00e9d\u00e9 est \u00ab\u00a0<strong>pratique<\/strong> et <strong>rapide<\/strong> et \u00e9vite une r\u00e9ponse p\u00e9nale souvent en d\u00e9calage avec le fait d\u00e9lictueux qui est constat\u00e9\u00a0\u00bb.<\/p>\n<blockquote class=\"ac-article-quote wall-content\">\n<p>Sans l&rsquo;amende, en cas de vol, le mis en cause est interpell\u00e9 par un agent de s\u00e9curit\u00e9 et reste sous la responsabilit\u00e9 du commer\u00e7ant en attendant l&rsquo;arriv\u00e9e de la police. Ensuite, la police l&rsquo;interpelle, souvent pour des pr\u00e9judices limit\u00e9s, et la batterie de proc\u00e9dures qui se met en route cr\u00e9\u00e9e parfois une absence de sanction.<\/p>\n<p>    <strong>Mathieu Klein<\/strong><br \/>\n        Maire de Nancy    <\/p><\/blockquote>\n<p class=\" wall-content\">Si le dispositif permet donc d\u2019aller plus vite, il <strong>reste limit\u00e9<\/strong>. \u00ab\u00a0L\u2019amende est de <strong>300 euros maximum<\/strong>. Le proc\u00e8s-verbal <strong>ne peut pas<\/strong> \u00eatre dress\u00e9 s\u2019il s\u2019agit d\u2019un <strong>vol de denr\u00e9es p\u00e9rissables<\/strong>, si l\u2019individu est <strong>mineur<\/strong> ou n\u2019est <strong>pas en capacit\u00e9 de comprendre<\/strong> ce qu\u2019on lui dit\u00a0\u00bb, rapporte <strong>Maurice Alibert<\/strong>, directeur interd\u00e9partemental adjoint de la police nationale. La question de la <strong>nationalit\u00e9<\/strong> du mis en cause rentre \u00e9galement en jeu. De plus, la personne doit donner son accord pour restituer la marchandise vol\u00e9e.<\/p>\n<p class=\" wall-content\">Suivez toute l\u2019actualit\u00e9 de vos villes et m\u00e9dias favoris en vous inscrivant \u00e0 <a href=\"https:\/\/moncompte.actu.fr\" title=\"D\u00e9couvez Mon Actu\" rel=\"nofollow noopener\" data-trk=\"{&quot;cta&quot;:{&quot;action&quot;:&quot;https:\\\/\\\/moncompte.actu.fr&quot;,&quot;category&quot;:&quot;mon compte&quot;,&quot;from&quot;:&quot;article footer&quot;,&quot;name&quot;:&quot;Mon actu&quot;,&quot;type&quot;:&quot;cta&quot;}}\" target=\"_blank\">Mon Actu<\/a>.<\/p>\n","protected":false},"excerpt":{"rendered":"Par Amandine Mehl Publi\u00e9 le 9 juil. 2025 \u00e0 12h37 Depuis le mois de mars, Nancy dispose d\u2019une&hellip;\n","protected":false},"author":2,"featured_media":237428,"comment_status":"","ping_status":"","sticky":false,"template":"","format":"standard","meta":{"footnotes":""},"categories":[9635],"tags":[1111,11,215,1777,674,1011,27,775,303,1702,12,25,104],"class_list":{"0":"post-237427","1":"post","2":"type-post","3":"status-publish","4":"format-standard","5":"has-post-thumbnail","7":"category-nancy","8":"tag-actu","9":"tag-actualites","10":"tag-commerce","11":"tag-eu","12":"tag-europe","13":"tag-fr","14":"tag-france","15":"tag-grand-est","16":"tag-justice","17":"tag-nancy","18":"tag-news","19":"tag-republique-francaise","20":"tag-societe"},"share_on_mastodon":{"url":"https:\/\/pubeurope.com\/@fr\/114822953648790806","error":""},"_links":{"self":[{"href":"https:\/\/www.europesays.com\/fr\/wp-json\/wp\/v2\/posts\/237427","targetHints":{"allow":["GET"]}}],"collection":[{"href":"https:\/\/www.europesays.com\/fr\/wp-json\/wp\/v2\/posts"}],"about":[{"href":"https:\/\/www.europesays.com\/fr\/wp-json\/wp\/v2\/types\/post"}],"author":[{"embeddable":true,"href":"https:\/\/www.europesays.com\/fr\/wp-json\/wp\/v2\/users\/2"}],"replies":[{"embeddable":true,"href":"https:\/\/www.europesays.com\/fr\/wp-json\/wp\/v2\/comments?post=237427"}],"version-history":[{"count":0,"href":"https:\/\/www.europesays.com\/fr\/wp-json\/wp\/v2\/posts\/237427\/revisions"}],"wp:featuredmedia":[{"embeddable":true,"href":"https:\/\/www.europesays.com\/fr\/wp-json\/wp\/v2\/media\/237428"}],"wp:attachment":[{"href":"https:\/\/www.europesays.com\/fr\/wp-json\/wp\/v2\/media?parent=237427"}],"wp:term":[{"taxonomy":"category","embeddable":true,"href":"https:\/\/www.europesays.com\/fr\/wp-json\/wp\/v2\/categories?post=237427"},{"taxonomy":"post_tag","embeddable":true,"href":"https:\/\/www.europesays.com\/fr\/wp-json\/wp\/v2\/tags?post=237427"}],"curies":[{"name":"wp","href":"https:\/\/api.w.org\/{rel}","templated":true}]}}