{"id":237431,"date":"2025-07-09T11:07:13","date_gmt":"2025-07-09T11:07:13","guid":{"rendered":"https:\/\/www.europesays.com\/fr\/237431\/"},"modified":"2025-07-09T11:07:13","modified_gmt":"2025-07-09T11:07:13","slug":"grand-reporter-a-france-televisions-maryse-burgot-invitee-du-2eme-entretien-litteraire-de-lete-six-fours","status":"publish","type":"post","link":"https:\/\/www.europesays.com\/fr\/237431\/","title":{"rendered":"Grand reporter \u00e0 France T\u00e9l\u00e9visions, Maryse Burgot invit\u00e9e du 2\u00e8me entretien litt\u00e9raire de l\u2019\u00e9t\u00e9 Six-Fours"},"content":{"rendered":"<p>Invit\u00e9e du deuxi\u00e8me entretien litt\u00e9raire de l\u2019\u00e9t\u00e9 organis\u00e9 par le Comit\u00e9 de liaison des associations du Brusc (CLAB) lundi soir \u00e0 la Maison du patrimoine, Maryse Burgot, grand reporter \u00e0 France T\u00e9l\u00e9visions, est revenue sur ses trente ann\u00e9es de terrain \u00e0 travers son ouvrage Loin de chez moi. Un r\u00e9cit \u00e0 la fois professionnel et intime, entre zones de guerre, \u00e9motions contenues et dilemmes personnels, lorsque l\u2019on est \u00e0 la fois reporter et m\u00e8re.<\/p>\n<p>Une exigence de lucidit\u00e9<\/p>\n<p>\u00a0<\/p>\n<p>              <img ci-src=\"https:\/\/www.varmatin.com\/vie-locale\/protec\/DATA_ART_15871246-dWVItm0n.jpg?vh=72b8f8&amp;ci_seal=34445116dc\" alt=\"\"\/><\/p>\n<p>D\u00e8s les premiers instants, Maryse Burgot balaie les clich\u00e9s du grand reportage. \u00ab\u00a0Je n\u2019ai aucune forme d\u2019addiction \u00e0 la guerre\u00a0\u00bb, dit-elle. Pas de d\u00e9pendance au chaos, mais une exigence de lucidit\u00e9. Une frustration aussi, face \u00e0 la fermeture progressive des terrains: \u00ab\u00a0L\u2019Iran, l\u2019Afghanistan, le Y\u00e9men, Gaza&#8230; La liste des pays o\u00f9 je ne peux plus aller s\u2019allonge dangereusement\u00a0\u00bb, d\u00e9plore-t-elle.<\/p>\n<p>Lors de la rencontre, elle s\u2019est dite \u00ab\u00a0r\u00e9volt\u00e9e\u00a0\u00bb par cette impossibilit\u00e9 d\u2019exercer librement son m\u00e9tier: \u00ab\u00a0Quand les journalistes ne peuvent pas aller voir, les r\u00e9cits sont biais\u00e9s.\u00a0\u00bb Elle revient d\u2019ailleurs d\u2019un reportage en Turquie, o\u00f9 elle esp\u00e9rait franchir la fronti\u00e8re iranienne. En vain.<\/p>\n<p>Le r\u00e9cit de Maryse Burgot est aussi travers\u00e9 par les paradoxes de l\u2019existence. En 2005, elle d\u00e9cide de s\u2019\u00e9loigner des conflits pour privil\u00e9gier sa famille. Elle s\u2019installe \u00e0 Londres. Peu apr\u00e8s, trois bombes explosent dans le m\u00e9tro. \u00ab\u00a0Je me demande si je ne transporte pas la guerre avec moi\u00a0\u00bb, explique-t-elle.<\/p>\n<p>Elle \u00e9voque aussi cet \u00e9pisode au lendemain du tsunami en Asie, o\u00f9 elle reste longuement devant la porte d\u2019une famille fran\u00e7aise ayant perdu trois enfants. Elle y entre seule en laissant son \u00e9quipe derri\u00e8re elle, parle avec la m\u00e8re, mais renonce \u00e0 sortir le micro. \u00ab\u00a0Il y a cette fausse image du journaliste qui pourrait vendre p\u00e8re et m\u00e8re pour avoir un sujet.\u00a0\u00bb<b\/><\/p>\n<p>Du chaos des conflits aux coulisses du pouvoir<\/p>\n<p>M\u00eame les coulisses du pouvoir n\u2019\u00e9chappent pas \u00e0 son regard distanci\u00e9. Elle \u00e9tait \u00e0 l\u2019\u00c9lys\u00e9e la veille de la parution de Merci pour ce moment, le livre de Val\u00e9rie Trierweiler. \u00ab\u00a0Je me suis dit: est-ce possible qu\u2019un pr\u00e9sident n\u2019ait pas le courage de dire \u00e0 une femme qu\u2019il en aime une autre?\u00a0\u00bb, s\u2019interroge-t-elle, d\u00e9clenchant un rire dans la salle. \u00ab\u00a0Finalement, ils sont tous pareils.\u00a0\u00bb<\/p>\n<p>Une profession sous tension<\/p>\n<p>En conclusion, Maryse Burgot \u00e9voque un m\u00e9tier en pleine mutation: rar\u00e9faction des visas, essor de l\u2019info en continu, d\u00e9ferlement de contenus sur les r\u00e9seaux sociaux. Elle affirme suivre de nombreux comptes li\u00e9s aux conflits, mais insiste: rien ne remplace le terrain, ni le travail rigoureux d\u2019authentification fait en \u00e9quipe. \u00ab\u00a0On est terrifi\u00e9 \u00e0 l\u2019id\u00e9e de laisser passer quelque chose de faux \u00e0 l\u2019antenne.\u00a0\u00bb<\/p>\n","protected":false},"excerpt":{"rendered":"Invit\u00e9e du deuxi\u00e8me entretien litt\u00e9raire de l\u2019\u00e9t\u00e9 organis\u00e9 par le Comit\u00e9 de liaison des associations du Brusc (CLAB)&hellip;\n","protected":false},"author":2,"featured_media":237432,"comment_status":"","ping_status":"","sticky":false,"template":"","format":"standard","meta":{"footnotes":""},"categories":[9619],"tags":[1111,11,1777,674,1011,27,12,882,25,2310,3366],"class_list":{"0":"post-237431","1":"post","2":"type-post","3":"status-publish","4":"format-standard","5":"has-post-thumbnail","7":"category-toulon","8":"tag-actu","9":"tag-actualites","10":"tag-eu","11":"tag-europe","12":"tag-fr","13":"tag-france","14":"tag-news","15":"tag-provence-alpes-cote-dazur","16":"tag-republique-francaise","17":"tag-toulon","18":"tag-vie-locale"},"share_on_mastodon":{"url":"https:\/\/pubeurope.com\/@fr\/114822961497313059","error":""},"_links":{"self":[{"href":"https:\/\/www.europesays.com\/fr\/wp-json\/wp\/v2\/posts\/237431","targetHints":{"allow":["GET"]}}],"collection":[{"href":"https:\/\/www.europesays.com\/fr\/wp-json\/wp\/v2\/posts"}],"about":[{"href":"https:\/\/www.europesays.com\/fr\/wp-json\/wp\/v2\/types\/post"}],"author":[{"embeddable":true,"href":"https:\/\/www.europesays.com\/fr\/wp-json\/wp\/v2\/users\/2"}],"replies":[{"embeddable":true,"href":"https:\/\/www.europesays.com\/fr\/wp-json\/wp\/v2\/comments?post=237431"}],"version-history":[{"count":0,"href":"https:\/\/www.europesays.com\/fr\/wp-json\/wp\/v2\/posts\/237431\/revisions"}],"wp:featuredmedia":[{"embeddable":true,"href":"https:\/\/www.europesays.com\/fr\/wp-json\/wp\/v2\/media\/237432"}],"wp:attachment":[{"href":"https:\/\/www.europesays.com\/fr\/wp-json\/wp\/v2\/media?parent=237431"}],"wp:term":[{"taxonomy":"category","embeddable":true,"href":"https:\/\/www.europesays.com\/fr\/wp-json\/wp\/v2\/categories?post=237431"},{"taxonomy":"post_tag","embeddable":true,"href":"https:\/\/www.europesays.com\/fr\/wp-json\/wp\/v2\/tags?post=237431"}],"curies":[{"name":"wp","href":"https:\/\/api.w.org\/{rel}","templated":true}]}}