{"id":237439,"date":"2025-07-09T11:13:11","date_gmt":"2025-07-09T11:13:11","guid":{"rendered":"https:\/\/www.europesays.com\/fr\/237439\/"},"modified":"2025-07-09T11:13:11","modified_gmt":"2025-07-09T11:13:11","slug":"attaque-au-couteau-sur-la-route-du-tour-de-france-lagresseur-du-crs-toujours-en-garde-a-vue-a-rouen-ce-mercredi","status":"publish","type":"post","link":"https:\/\/www.europesays.com\/fr\/237439\/","title":{"rendered":"Attaque au couteau sur la route du Tour de France\u00a0: l\u2019agresseur du CRS toujours en garde \u00e0 vue \u00e0 Rouen ce mercredi"},"content":{"rendered":"<p class=\"paragraph text_align_left lp-f-body-02\">Les festivit\u00e9s du <a href=\"https:\/\/www.leparisien.fr\/sports\/cyclisme\/tour-de-france\/\" target=\"_blank\" rel=\"noreferrer nofollow noopener\">Tour de France<\/a> ont \u00e9t\u00e9 perturb\u00e9es mardi \u00e0 Rouen (Seine-Maritime) par <a href=\"https:\/\/www.leparisien.fr\/faits-divers\/attaque-au-couteau-sur-la-route-du-tour-de-france-il-a-devale-comme-un-fou-furieux-08-07-2025-PVEXB4GIKJGJHC6VBDTNQ4LVHM.php\" target=\"_blank\" rel=\"noreferrer nofollow noopener\">un homme de 21 ans arm\u00e9 d\u2019un couteau qui s\u2019en est pris \u00e0 une passante et \u00e0 un CRS<\/a>. Selon nos informations, cet homme est toujours en garde \u00e0 vue ce mercredi matin. Voici ce que l\u2019on sait.<\/p>\n<p>Ce qu\u2019il s\u2019est pass\u00e9<\/p>\n<p class=\"paragraph text_align_left lp-f-body-02\">Mercredi vers 15h30, sur les hauteurs de Rouen, qui attend avec impatience le peloton de coureurs pour la 4e \u00e9tape du Tour de France, une femme alerte les CRS : un homme v\u00eatu d\u2019une djellaba et arm\u00e9 d\u2019un couteau l\u2019a menac\u00e9e. Les forces de l\u2019ordre prennent en chasse le jeune homme aux dreadlocks qui fuit sur un demi-kilom\u00e8tre en mena\u00e7ant les passants avec sa lame.<\/p>\n<p><img decoding=\"async\" class=\"image \" loading=\"lazy\" src=\"https:\/\/www.europesays.com\/fr\/wp-content\/uploads\/2025\/07\/XTUYRTU32BFWVJBIMX4CCRX3JE.jpg\" alt=\"Le suspect a \u00e9t\u00e9 ma\u00eetris\u00e9 apr\u00e8s avoir fui pendant plusieurs centaines de m\u00e8tres. AFP\/Lo\u00efc Venance.\" align=\"\" data-rubrique-principale=\"\" data-article-type=\"\" fetchpriority=\"auto\"\/>Le suspect a \u00e9t\u00e9 ma\u00eetris\u00e9 apr\u00e8s avoir fui pendant plusieurs centaines de m\u00e8tres. AFP\/Lo\u00efc Venance. <\/p>\n<p class=\"paragraph text_align_left lp-f-body-02\">Quand les CRS parviennent \u00e0 rattraper et \u00e0 ma\u00eetriser le suspect, ce dernier frappe un agent au niveau du torse. Un coll\u00e8gue du policier tire alors sur le forcen\u00e9 avec son arme de service le touchant \u00e0 la cuisse.<\/p>\n<p>Policier indemne, agresseur bless\u00e9<\/p>\n<p class=\"paragraph text_align_left lp-f-body-02\">Le CRS touch\u00e9 d\u2019un coup de couteau au torse n\u2019a pas \u00e9t\u00e9 bless\u00e9. C\u2019est le plastron de son gilet pare-balles qui a intercept\u00e9 la lame. \u00ab Il est choqu\u00e9, il a \u00e9t\u00e9 sauv\u00e9 par son gilet pare-balles qui arr\u00eate aussi les coups de couteau \u00bb, expliquait mardi au Parisien un officier de police.<\/p>\n<p class=\"lp-card-podcast-highlighting__title  lp-f-subtitle-05\">Affaire Daval\u00a0: la joggeuse disparue et le mensonge (4\/4)<\/p>\n<p class=\"lp-card-podcast-highlighting__description lp-f-ui-05\">Crime story raconte chaque semaine les grandes affaires criminelles.<\/p>\n<p><a class=\"lp-card-podcast-highlighting__call-to-action\" data-page-type=\"HP\" data-block-name=\"podcast-highlight\">\u00c9couter<\/a><\/p>\n<p class=\"paragraph text_align_left lp-f-body-02\">Selon nos informations, le policier qui a \u00e9t\u00e9 la cible de l\u2019homme au couteau appartient \u00e0 la CRS 2 de Vaucresson (Val-de-Marne) et le confr\u00e8re qui a r\u00e9ussi \u00e0 stopper l\u2019agresseur est issu de la CRS 5 de Massy (Essonne).<\/p>\n<p class=\"paragraph text_align_left lp-f-body-02\">Quant au suspect, il a \u00e9t\u00e9 touch\u00e9 \u00e0 la cuisse mais ne serait que \u00ab superficiellement \u00bb bless\u00e9.<\/p>\n<p>Qui est l\u2019agresseur<\/p>\n<p class=\"paragraph text_align_left lp-f-body-02\">Toujours en garde \u00e0 vue \u00e0 Rouen ce mercredi matin dans le cadre de l\u2019enqu\u00eate ouverte pour tentative d\u2019homicide, l\u2019agresseur est un jeune homme de 21 ans recherch\u00e9 depuis le 24 juin dernier. Le suspect a en effet \u00e9t\u00e9 inscrit au fichier des personnes recherch\u00e9es (FPR) apr\u00e8s son \u00e9vasion d\u2019un h\u00f4pital. Connu de la justice, il y est d\u00e9crit comme un individu dangereux.<\/p>\n","protected":false},"excerpt":{"rendered":"Les festivit\u00e9s du Tour de France ont \u00e9t\u00e9 perturb\u00e9es mardi \u00e0 Rouen (Seine-Maritime) par un homme de 21&hellip;\n","protected":false},"author":2,"featured_media":237440,"comment_status":"","ping_status":"","sticky":false,"template":"","format":"standard","meta":{"footnotes":""},"categories":[9587],"tags":[1111,11,459,1777,674,118,1011,27,12,5161,25,9590],"class_list":{"0":"post-237439","1":"post","2":"type-post","3":"status-publish","4":"format-standard","5":"has-post-thumbnail","7":"category-rouen","8":"tag-actu","9":"tag-actualites","10":"tag-departements-horsidfo","11":"tag-eu","12":"tag-europe","13":"tag-faits-divers","14":"tag-fr","15":"tag-france","16":"tag-news","17":"tag-normandie","18":"tag-republique-francaise","19":"tag-rouen"},"share_on_mastodon":{"url":"https:\/\/pubeurope.com\/@fr\/114822985091821302","error":""},"_links":{"self":[{"href":"https:\/\/www.europesays.com\/fr\/wp-json\/wp\/v2\/posts\/237439","targetHints":{"allow":["GET"]}}],"collection":[{"href":"https:\/\/www.europesays.com\/fr\/wp-json\/wp\/v2\/posts"}],"about":[{"href":"https:\/\/www.europesays.com\/fr\/wp-json\/wp\/v2\/types\/post"}],"author":[{"embeddable":true,"href":"https:\/\/www.europesays.com\/fr\/wp-json\/wp\/v2\/users\/2"}],"replies":[{"embeddable":true,"href":"https:\/\/www.europesays.com\/fr\/wp-json\/wp\/v2\/comments?post=237439"}],"version-history":[{"count":0,"href":"https:\/\/www.europesays.com\/fr\/wp-json\/wp\/v2\/posts\/237439\/revisions"}],"wp:featuredmedia":[{"embeddable":true,"href":"https:\/\/www.europesays.com\/fr\/wp-json\/wp\/v2\/media\/237440"}],"wp:attachment":[{"href":"https:\/\/www.europesays.com\/fr\/wp-json\/wp\/v2\/media?parent=237439"}],"wp:term":[{"taxonomy":"category","embeddable":true,"href":"https:\/\/www.europesays.com\/fr\/wp-json\/wp\/v2\/categories?post=237439"},{"taxonomy":"post_tag","embeddable":true,"href":"https:\/\/www.europesays.com\/fr\/wp-json\/wp\/v2\/tags?post=237439"}],"curies":[{"name":"wp","href":"https:\/\/api.w.org\/{rel}","templated":true}]}}