{"id":237475,"date":"2025-07-09T11:31:10","date_gmt":"2025-07-09T11:31:10","guid":{"rendered":"https:\/\/www.europesays.com\/fr\/237475\/"},"modified":"2025-07-09T11:31:10","modified_gmt":"2025-07-09T11:31:10","slug":"video-lincendie-pres-de-marseille-blesse-110-personnes","status":"publish","type":"post","link":"https:\/\/www.europesays.com\/fr\/237475\/","title":{"rendered":"Vid\u00e9o. L&rsquo;incendie pr\u00e8s de Marseille blesse 110 personnes"},"content":{"rendered":"<p>Attis\u00e9 par les vents, l&rsquo;incendie a forc\u00e9 des \u00e9vacuations et confin\u00e9 des milliers de personnes \u00e0 l&rsquo;int\u00e9rieur dans la deuxi\u00e8me plus grande ville de France.<\/p>\n<p>Le maire de Marseille, Beno\u00eet Payan, a d\u00e9clar\u00e9 que la situation s&rsquo;\u00e9tait am\u00e9lior\u00e9e mercredi, qualifiant l&rsquo;incendie de \u00ab\u00a0net recul\u00a0\u00bb.<\/p>\n<p>Plus de 1 000 pompiers ont \u00e9t\u00e9 d\u00e9ploy\u00e9s apr\u00e8s que le feu a commenc\u00e9 pr\u00e8s de Les Pennes-Mirabeau, br\u00fblant 720 hectares.<\/p>\n<p>La fum\u00e9e a rempli le ciel au-dessus du port historique de la ville alors que les avions continuaient \u00e0 larguer de l&rsquo;eau. Les d\u00e9placements restaient perturb\u00e9s, les trains et les vols \u00e9tant toujours affect\u00e9s.<\/p>\n","protected":false},"excerpt":{"rendered":"Attis\u00e9 par les vents, l&rsquo;incendie a forc\u00e9 des \u00e9vacuations et confin\u00e9 des milliers de personnes \u00e0 l&rsquo;int\u00e9rieur dans&hellip;\n","protected":false},"author":2,"featured_media":237476,"comment_status":"","ping_status":"","sticky":false,"template":"","format":"standard","meta":{"footnotes":""},"categories":[2814],"tags":[37666,37670,37674,37678,1111,11,1777,674,1011,27,884,12,882,25,37675,37667,37671,37679,37669,37677,37673,37681,37676,37668,37672,37680],"class_list":{"0":"post-237475","1":"post","2":"type-post","3":"status-publish","4":"format-standard","5":"has-post-thumbnail","7":"category-marseille","8":"tag-id117","9":"tag-id1971","10":"tag-id7902","11":"tag-id9813","12":"tag-actu","13":"tag-actualites","14":"tag-eu","15":"tag-europe","16":"tag-fr","17":"tag-france","18":"tag-marseille","19":"tag-news","20":"tag-provence-alpes-cote-dazur","21":"tag-republique-francaise","22":"tag-slugfires","23":"tag-slugfrance","24":"tag-slugmarseille","25":"tag-slugvideo","26":"tag-titlefrance","27":"tag-titleincendie","28":"tag-titlemarseille","29":"tag-titlevidu00e9o","30":"tag-urlsafevaluefeux-de-forets","31":"tag-urlsafevaluefrance","32":"tag-urlsafevaluemarseille","33":"tag-urlsafevaluevideo"},"share_on_mastodon":{"url":"https:\/\/pubeurope.com\/@fr\/114823055847217994","error":""},"_links":{"self":[{"href":"https:\/\/www.europesays.com\/fr\/wp-json\/wp\/v2\/posts\/237475","targetHints":{"allow":["GET"]}}],"collection":[{"href":"https:\/\/www.europesays.com\/fr\/wp-json\/wp\/v2\/posts"}],"about":[{"href":"https:\/\/www.europesays.com\/fr\/wp-json\/wp\/v2\/types\/post"}],"author":[{"embeddable":true,"href":"https:\/\/www.europesays.com\/fr\/wp-json\/wp\/v2\/users\/2"}],"replies":[{"embeddable":true,"href":"https:\/\/www.europesays.com\/fr\/wp-json\/wp\/v2\/comments?post=237475"}],"version-history":[{"count":0,"href":"https:\/\/www.europesays.com\/fr\/wp-json\/wp\/v2\/posts\/237475\/revisions"}],"wp:featuredmedia":[{"embeddable":true,"href":"https:\/\/www.europesays.com\/fr\/wp-json\/wp\/v2\/media\/237476"}],"wp:attachment":[{"href":"https:\/\/www.europesays.com\/fr\/wp-json\/wp\/v2\/media?parent=237475"}],"wp:term":[{"taxonomy":"category","embeddable":true,"href":"https:\/\/www.europesays.com\/fr\/wp-json\/wp\/v2\/categories?post=237475"},{"taxonomy":"post_tag","embeddable":true,"href":"https:\/\/www.europesays.com\/fr\/wp-json\/wp\/v2\/tags?post=237475"}],"curies":[{"name":"wp","href":"https:\/\/api.w.org\/{rel}","templated":true}]}}