{"id":237479,"date":"2025-07-09T11:33:10","date_gmt":"2025-07-09T11:33:10","guid":{"rendered":"https:\/\/www.europesays.com\/fr\/237479\/"},"modified":"2025-07-09T11:33:10","modified_gmt":"2025-07-09T11:33:10","slug":"lyon-joue-tres-gros-ce-mercredi-en-appel-face-a-la-dncg","status":"publish","type":"post","link":"https:\/\/www.europesays.com\/fr\/237479\/","title":{"rendered":"Lyon joue tr\u00e8s gros ce mercredi en appel face \u00e0 la DNCG"},"content":{"rendered":"<p><a href=\"https:\/\/www.laprovence.com\/article\/sports\/2191687248615\/football-lyon-relegue-en-ligue-2-par-la-dncg\" target=\"_blank\" rel=\"noopener\">R\u00e9trograd\u00e9 administrativement en Ligue 2 par la DNCG<\/a>, l&rsquo;Olympique Lyonnais compte ce mercredi sur son nouveau tandem de dirigeants, <a href=\"https:\/\/www.laprovence.com\/article\/sports\/16546121328595\/football-lamericaine-michele-kang-nommee-presidente-de-lyon-a-la-place-de-john-textor\" target=\"_blank\" rel=\"noopener\">Michele Kang<\/a> et Michael Gerlinger, pour convaincre en appel le gendarme du football fran\u00e7ais et \u00e9viter une rel\u00e9gation aux lourdes cons\u00e9quences pour le club septuple champion de France.<\/p>\n<blockquote class=\"twitter-tweet\"><p>&#13;<\/p>\n<p>L&rsquo;Olympique Lyonnais prend acte de la d\u00e9cision incompr\u00e9hensible rendue par la DNCG ce soir et confirme qu&rsquo;il fera imm\u00e9diatement appel<\/p>\n<p>\ud83d\uddde Le communiqu\u00e9 \ud83d\udc47<\/p>\n<p>&#13;<br \/>\n\u2014 Olympique Lyonnais (@OL) <a href=\"https:\/\/twitter.com\/OL\/status\/1937613030554239067?ref_src=twsrc%5Etfw\" target=\"_blank\" rel=\"noopener\">June 24, 2025<\/a><\/p><\/blockquote>\n<p>Kang et Gerlinger, nomm\u00e9s en urgence pr\u00e9sidente et directeur g\u00e9n\u00e9ral de l&rsquo;OL, sont arriv\u00e9s en milieu de matin\u00e9e ce mercredi, a-t-on appris de source f\u00e9d\u00e9rale, pour plaider la cause du club devant la commission d&rsquo;appel de la F\u00e9d\u00e9ration fran\u00e7aise de football (FFF) \u00e0 Paris. Compte tenu des enjeux pour l&rsquo;OL et d&rsquo;autres \u00e9quipes du championnat par ricochet, il est tr\u00e8s probable que la d\u00e9cision soit rendue dans la journ\u00e9e. Inqui\u00e8te du fort endettement du club, la DNCG avait prononc\u00e9 le 15 novembre une interdiction de recruter, un encadrement de la masse salariale et surtout une r\u00e9trogradation de l&rsquo;OL \u00e0 titre conservatoire.\u00a0<\/p>\n<p>Le 24 juin, alors que le club avait termin\u00e9 la saison de Ligue 1 \u00e0 une 6e place qualificative pour la Ligue Europa, elle a confirm\u00e9 sa d\u00e9cision, visiblement peu convaincue par <a href=\"https:\/\/www.laprovence.com\/article\/france-monde\/26103716936960\/football-textor-va-devoir-etre-plus-convaincant-pour-sauver-lyon\" target=\"_blank\" rel=\"noopener\">l&rsquo;Am\u00e9ricain John Textor<\/a>, qui l&rsquo;a rachet\u00e9 \u00e0 Jean-Michel Aulas \u00e0 la fin 2022.\u00a0 Ardent d\u00e9fenseur d&rsquo;un mod\u00e8le \u00e9conomique bas\u00e9 sur la multipropri\u00e9t\u00e9s (OL, Molenbeek en Belgique et Botafogo au Br\u00e9sil), l&rsquo;homme d&rsquo;affaires a admis samedi, dans un entretien \u00e0 la presse br\u00e9silienne, avoir commis des erreurs politiques. Sous la pression des administrateurs, de ses cr\u00e9anciers et de supporters, il s&rsquo;est mis en retrait de la pr\u00e9sidence de l&rsquo;Olympique lyonnais, tout en restant \u00e0 la t\u00eate de la maison-m\u00e8re Eagle Football Holding (EFH).<\/p>\n<p>Il a \u00e9t\u00e9 remplac\u00e9 le 30 juin par sa compatriote Michele Kang, une milliardaire d\u00e9j\u00e0 pr\u00e9sidente de l&rsquo;\u00e9quipe f\u00e9minine (OL Lyonnes) et actionnaire de l&rsquo;OL, qui d\u00e9fendra les int\u00e9r\u00eats de Lyon avec l&rsquo;Allemand Michael Gerlinger, r\u00e9put\u00e9 dans le football europ\u00e9en apr\u00e8s dix-huit ans pass\u00e9s au Bayern Munich.<\/p>\n<p>D\u00e9parts volontaires\u00a0<\/p>\n<p>Selon une source proche du dossier, il leur faudra convaincre leurs interlocuteurs que les sommes inject\u00e9es par Eagle Football Holding dans l&rsquo;OL figurent bien sur les comptes du club fran\u00e7ais et ont vocation \u00e0 y rester.<\/p>\n<p>Depuis le premier coup de semonce, en novembre, les actionnaires ont apport\u00e9 83 millions d&rsquo;euros en tr\u00e9sorerie; 19,5 millions d&rsquo;euros d&rsquo;options d&rsquo;achat obligatoires sont tomb\u00e9s pour trois joueurs pr\u00eat\u00e9s (Sa\u00efd Benrahma, Amine Sarr et Johann Lepenant); et le PSG a r\u00e9gl\u00e9 cash les 50 millions du transfert de Bradley Barcola, payables initialement en plusieurs \u00e9ch\u00e9ances.<\/p>\n<p>L&rsquo;OL devrait \u00e9galement r\u00e9cup\u00e9rer 40 millions sur les 200 millions tir\u00e9s de la vente fin juin des parts d&rsquo;Eagle dans le club anglais de Crystal Palace. \u00a0<\/p>\n<p>Sur le plan des \u00e9conomies, un accord a \u00e9t\u00e9 conclu fin janvier avec les pr\u00eateurs d&rsquo;Eagle permettant un report de cr\u00e9ances et une centaine de salari\u00e9s du club sont aussi partis dans le cadre d&rsquo;un plan de d\u00e9parts volontaires.\u00a0<\/p>\n<p>Les fins de contrats ou transferts de joueurs on\u00e9reux comme Alexandre Lacazette, Nicolas Tagliafico, Anthony Lopes ou encore Maxence Caqueret et <a href=\"https:\/\/www.laprovence.com\/article\/sports\/1223907890333814\/football-premiere-chez-les-bleus-pour-rayan-cherki-adrien-rabiot-seul-olympien-dans-la-liste-de-didier-deschamps\" target=\"_blank\" rel=\"noopener\">Rayan Cherki<\/a> ont all\u00e9g\u00e9 la masse salariale d&rsquo;une trentaine de millions d&rsquo;euros.\u00a0<\/p>\n<p>Dernier recours\u00a0<\/p>\n<p>Mais l&rsquo;objectif est plus ambitieux: le club doit ramener la masse salariale autour de 75 millions d&rsquo;euros, contre 160 millions avant le plan de d\u00e9parts, et la DNCG pourrait en cas de maintien en L1 imposer un encadrement des salaires et du recrutement.<\/p>\n<p>Dans cette optique, un plan d&rsquo;aust\u00e9rit\u00e9 devrait aussi \u00eatre pr\u00e9sent\u00e9 par Michele Kang visant \u00e0 proc\u00e9der \u00e0 de nouvelles \u00e9conomies, des cessions de joueurs et une limitation des r\u00e9mun\u00e9rations au sein de l&rsquo;effectif.\u00a0<\/p>\n<p>Si l&rsquo;instance confirme la descente en Ligue 2, l&rsquo;OL pourra encore saisir le Comit\u00e9 national olympique et sportif fran\u00e7ais (CNOSF) pour une conciliation, voire le tribunal administratif.\u00a0<\/p>\n<p>La d\u00e9cision finale p\u00e8sera sur le destin europ\u00e9en de l&rsquo;OL. S&rsquo;il est maintenu en L1, il devrait pouvoir jouer la Ligue Europa, une fois que l&rsquo;UEFA aura \u00e9tudi\u00e9 la question de la multi-propri\u00e9t\u00e9 avec Crystal Palace, \u00e9galement qualifi\u00e9.<\/p>\n<p>Si l&rsquo;OL descend en L2, sa place en Ligue Europa reviendra \u00e0 Strasbourg, et celle de Strasbourg en Ligue Conf\u00e9rence reviendra \u00e0 Lens. Moins de droits TV, de billetterie et de marketing : l&rsquo;OL perdrait alors d&rsquo;importantes recettes, ce qui menacerait sa viabilit\u00e9 \u00e9conomique.<\/p>\n<p><script async src=\"https:\/\/platform.twitter.com\/widgets.js\" charset=\"utf-8\"><\/script><\/p>\n","protected":false},"excerpt":{"rendered":"R\u00e9trograd\u00e9 administrativement en Ligue 2 par la DNCG, l&rsquo;Olympique Lyonnais compte ce mercredi sur son nouveau tandem de&hellip;\n","protected":false},"author":2,"featured_media":237480,"comment_status":"","ping_status":"","sticky":false,"template":"","format":"standard","meta":{"footnotes":""},"categories":[1889],"tags":[17,1111,11,7431,2430,1777,674,63,1011,27,5239,16026,2428,6774,12,25,60,933],"class_list":{"0":"post-237479","1":"post","2":"type-post","3":"status-publish","4":"format-standard","5":"has-post-thumbnail","7":"category-lyon","8":"tag-17","9":"tag-actu","10":"tag-actualites","11":"tag-appel","12":"tag-auvergne-rhone-alpes","13":"tag-eu","14":"tag-europe","15":"tag-football","16":"tag-fr","17":"tag-france","18":"tag-gros","19":"tag-joue","20":"tag-lyon","21":"tag-mercredi","22":"tag-news","23":"tag-republique-francaise","24":"tag-sports","25":"tag-tres"},"share_on_mastodon":{"url":"https:\/\/pubeurope.com\/@fr\/114823063710924193","error":""},"_links":{"self":[{"href":"https:\/\/www.europesays.com\/fr\/wp-json\/wp\/v2\/posts\/237479","targetHints":{"allow":["GET"]}}],"collection":[{"href":"https:\/\/www.europesays.com\/fr\/wp-json\/wp\/v2\/posts"}],"about":[{"href":"https:\/\/www.europesays.com\/fr\/wp-json\/wp\/v2\/types\/post"}],"author":[{"embeddable":true,"href":"https:\/\/www.europesays.com\/fr\/wp-json\/wp\/v2\/users\/2"}],"replies":[{"embeddable":true,"href":"https:\/\/www.europesays.com\/fr\/wp-json\/wp\/v2\/comments?post=237479"}],"version-history":[{"count":0,"href":"https:\/\/www.europesays.com\/fr\/wp-json\/wp\/v2\/posts\/237479\/revisions"}],"wp:featuredmedia":[{"embeddable":true,"href":"https:\/\/www.europesays.com\/fr\/wp-json\/wp\/v2\/media\/237480"}],"wp:attachment":[{"href":"https:\/\/www.europesays.com\/fr\/wp-json\/wp\/v2\/media?parent=237479"}],"wp:term":[{"taxonomy":"category","embeddable":true,"href":"https:\/\/www.europesays.com\/fr\/wp-json\/wp\/v2\/categories?post=237479"},{"taxonomy":"post_tag","embeddable":true,"href":"https:\/\/www.europesays.com\/fr\/wp-json\/wp\/v2\/tags?post=237479"}],"curies":[{"name":"wp","href":"https:\/\/api.w.org\/{rel}","templated":true}]}}