{"id":237491,"date":"2025-07-09T11:39:10","date_gmt":"2025-07-09T11:39:10","guid":{"rendered":"https:\/\/www.europesays.com\/fr\/237491\/"},"modified":"2025-07-09T11:39:10","modified_gmt":"2025-07-09T11:39:10","slug":"paris-remplacant-une-maison-faubourienne-un-futur-immeuble-de-13-etages-menace-d-emmurer-cinquante-fenetres","status":"publish","type":"post","link":"https:\/\/www.europesays.com\/fr\/237491\/","title":{"rendered":"Paris\u00a0: rempla\u00e7ant une maison faubourienne, un futur immeuble de 13 \u00e9tages menace d\u2019\u00ab\u00a0emmurer\u00a0\u00bb cinquante fen\u00eatres"},"content":{"rendered":"<p class=\"paragraph text_align_left lp-f-body-02\">Au 192, rue Lecourbe, dans le<a href=\"https:\/\/www.leparisien.fr\/paris-75\/paris-75015\/\" target=\"_blank\" rel=\"noreferrer nofollow noopener\"> XVe arrondissement de Paris<\/a>, l\u2019ambiance est morose et les habitants se disent sous le choc. La raison ? Le promoteur immobilier Emerige s\u2019appr\u00eate \u00e0 construire un b\u00e2timent de 13 \u00e9tages qui va \u00ab emmurer \u00bb une cinquantaine de leurs fen\u00eatres.<\/p>\n<p class=\"paragraph text_align_left lp-f-body-02\">Le projet en question pr\u00e9voit de remplacer les anciennes maisons faubouriennes des \u00ab Ateliers Vaugirard \u00bb par un ensemble immobilier de 78 logements. Hauteur pr\u00e9vue : 39 m. Une construction qui va cr\u00e9er une cour de 4 m sur 4, enfermant le pignon de l\u2019immeuble voisin.<\/p>\n","protected":false},"excerpt":{"rendered":"Au 192, rue Lecourbe, dans le XVe arrondissement de Paris, l\u2019ambiance est morose et les habitants se disent&hellip;\n","protected":false},"author":2,"featured_media":237492,"comment_status":"","ping_status":"","sticky":false,"template":"","format":"standard","meta":{"footnotes":""},"categories":[1888],"tags":[11,1777,674,1011,27,1944,12,626,25],"class_list":{"0":"post-237491","1":"post","2":"type-post","3":"status-publish","4":"format-standard","5":"has-post-thumbnail","7":"category-paris","8":"tag-actualites","9":"tag-eu","10":"tag-europe","11":"tag-fr","12":"tag-france","13":"tag-ma-ville","14":"tag-news","15":"tag-paris","16":"tag-republique-francaise"},"share_on_mastodon":{"url":"https:\/\/pubeurope.com\/@fr\/114823086918223249","error":""},"_links":{"self":[{"href":"https:\/\/www.europesays.com\/fr\/wp-json\/wp\/v2\/posts\/237491","targetHints":{"allow":["GET"]}}],"collection":[{"href":"https:\/\/www.europesays.com\/fr\/wp-json\/wp\/v2\/posts"}],"about":[{"href":"https:\/\/www.europesays.com\/fr\/wp-json\/wp\/v2\/types\/post"}],"author":[{"embeddable":true,"href":"https:\/\/www.europesays.com\/fr\/wp-json\/wp\/v2\/users\/2"}],"replies":[{"embeddable":true,"href":"https:\/\/www.europesays.com\/fr\/wp-json\/wp\/v2\/comments?post=237491"}],"version-history":[{"count":0,"href":"https:\/\/www.europesays.com\/fr\/wp-json\/wp\/v2\/posts\/237491\/revisions"}],"wp:featuredmedia":[{"embeddable":true,"href":"https:\/\/www.europesays.com\/fr\/wp-json\/wp\/v2\/media\/237492"}],"wp:attachment":[{"href":"https:\/\/www.europesays.com\/fr\/wp-json\/wp\/v2\/media?parent=237491"}],"wp:term":[{"taxonomy":"category","embeddable":true,"href":"https:\/\/www.europesays.com\/fr\/wp-json\/wp\/v2\/categories?post=237491"},{"taxonomy":"post_tag","embeddable":true,"href":"https:\/\/www.europesays.com\/fr\/wp-json\/wp\/v2\/tags?post=237491"}],"curies":[{"name":"wp","href":"https:\/\/api.w.org\/{rel}","templated":true}]}}