{"id":237500,"date":"2025-07-09T11:44:11","date_gmt":"2025-07-09T11:44:11","guid":{"rendered":"https:\/\/www.europesays.com\/fr\/237500\/"},"modified":"2025-07-09T11:44:11","modified_gmt":"2025-07-09T11:44:11","slug":"lallemagne-doit-honorer-sa-promesse-de-visas-aux-afghans-refugies-selon-un-tribunal","status":"publish","type":"post","link":"https:\/\/www.europesays.com\/fr\/237500\/","title":{"rendered":"L&rsquo;Allemagne doit honorer sa promesse de visas aux Afghans r\u00e9fugi\u00e9s, selon un tribunal"},"content":{"rendered":"<p>Une d\u00e9cision de justice en faveur des r\u00e9fugi\u00e9s afghans\u00a0<\/p>\n<p>C&rsquo;est sur la situation d&rsquo;une famille en particulier que le tribunal administratif de Berlin a statu\u00e9 ce mardi. En octobre 2023, cette famille a obtenu une promesse d&rsquo;accueil par l&rsquo;<a href=\"https:\/\/www.bamf.de\/FR\/Startseite\/startseite_node.html\" target=\"_blank\" rel=\"nofollow noopener\">Office f\u00e9d\u00e9ral des migrations et des r\u00e9fugi\u00e9s (BAMF)<\/a>, dans le cadre du programme d&rsquo;admission aujourd&rsquo;hui suspendu. Depuis Islamabad, o\u00f9 plusieurs milliers d&rsquo;Afghans vivent en attente d&rsquo;un laisser-passer vers Berlin, les membres de cette famille ont d\u00e9pos\u00e9 une demande de visa aupr\u00e8s de l&rsquo;ambassade d&rsquo;Allemagne, qui leur a \u00e9t\u00e9 refus\u00e9e.\u00a0<\/p>\n<p>Arguant que leur vie est menac\u00e9e au Pakistan, o\u00f9 ils risquent la d\u00e9portation vers l&rsquo;Afghanistan, ils ont d\u00e9pos\u00e9 une demande urgente. Le tribunal administratif de Berlin a statu\u00e9 dans leur sens, jugeant que le gouvernement allemand doit leur d\u00e9livrer un visa.\u00a0<\/p>\n<p>Pour justifier leur d\u00e9cision, les juges ont soulign\u00e9 que\u00a0le gouvernement allemand s&rsquo;\u00e9tait \u00ab\u00a0l\u00e9galement engag\u00e9 \u00e0 accueillir des r\u00e9fugi\u00e9s par des avis d&rsquo;admission d\u00e9finitifs et non r\u00e9voqu\u00e9s\u00a0\u00bb, et ne peut donc pas\u00a0\u00ab\u00a0s&rsquo;exon\u00e9rer de cet engagement volontaire\u00a0\u00bb.\u00a0<\/p>\n<p>Le minist\u00e8re f\u00e9d\u00e9ral des Affaires \u00e9trang\u00e8res est tenu d&rsquo;agir imm\u00e9diatement par cette d\u00e9cision juridique, sauf s&rsquo;il d\u00e9cide de faire appel aupr\u00e8s du\u00a0Tribunal administratif sup\u00e9rieur de Berlin-Brandebourg. <\/p>\n<p>\u00a0<\/p>\n<p>Des programmes humanitaires chamboul\u00e9s par les \u00e9lections f\u00e9d\u00e9rales allemandes<\/p>\n<p class=\"p-empty\">\u00a0<\/p>\n<p>Apr\u00e8s le soudain retour au pouvoir des talibans \u00e0 l&rsquo;\u00e9t\u00e9 2021, l&rsquo;Allemagne a ouvert plusieurs programmes d&rsquo;admission pour des Afghans ayant collabor\u00e9 avec les Occidentaux, et pour les personnes courant un danger tr\u00e8s important. Dans ce cadre, le pays a accueilli pr\u00e8s de 36 500 Afghans vuln\u00e9rables.\u00a0\u00c0\u00a0l&rsquo;automne 2022, le gouvernement allemand a lanc\u00e9 un nouveau programme f\u00e9d\u00e9ral d&rsquo;admission des personnes particuli\u00e8rement vuln\u00e9rables originaires d&rsquo;Afghanistan, promettant des visas aux personnes s\u00e9lectionn\u00e9es.<\/p>\n<p>Mais ces derni\u00e8res semaines, ce programme a \u00e9t\u00e9 progressivement suspendu, notamment \u00e0 la suite des \u00e9lections de f\u00e9vrier 2025, qui ont vu\u00a0le parti d&rsquo;extr\u00eame-droite anti-immigration AfD arriver en deuxi\u00e8me position, et l&rsquo;immigration occuper une place centrale dans les d\u00e9bats. Plusieurs attaques mortelles perp\u00e9tr\u00e9es par des demandeurs d&rsquo;asile peu avant les \u00e9lections ont \u00e9galement nourri un sentiment anti-migrants dans l&rsquo;opinion publique.\u00a0<\/p>\n<p>Le nouveau gouvernement de centre-droit, compos\u00e9 de la CDU\/CSU et du SPD, a convenu dans son accord de coalition de mettre fin aux programmes f\u00e9d\u00e9raux d&rsquo;admission volontaire \u00ab\u00a0dans la mesure du possible\u00a0\u00bb.\u00a0Par cons\u00e9quent, environ 2400 Afghans \u00e0 qui l&rsquo;Allemagne avait promis un visa sont aujourd&rsquo;hui coinc\u00e9s \u00e0 Islamabad, au Pakistan, et des ONG estiment qu&rsquo;environ 17 000 Afghans sont dans les phases de s\u00e9lection et de candidature au programme aujourd&rsquo;hui dormant.\u00a0<\/p>\n<p>Le durcissement autour de la question migratoire en Allemagne s&rsquo;est \u00e9galement incarn\u00e9 r\u00e9cemment dans les propos du minist\u00e8re de l&rsquo;Int\u00e9rieur, Alexander Dobrindt (CSU), qui <a href=\"https:\/\/www.dw.com\/de\/dobrindt-strebt-abschiebe-vereinbarung-mit-taliban-an\/a-73136460\" target=\"_blank\" rel=\"nofollow noopener\">a d\u00e9clar\u00e9 d\u00e9but juillet souhaiter n\u00e9gocier directement avec le r\u00e9gime des talibans\u00a0<\/a>pour expulser des ressortissants afghans d&rsquo;Allemagne.\u00a0Un r\u00e9gime aujourd&rsquo;hui mis au banc de la communaut\u00e9 internationale pour ses violations r\u00e9p\u00e9t\u00e9es des droits humains, et en raison de la mise en place d&rsquo;un v\u00e9ritable \u00ab\u00a0<a href=\"https:\/\/news.un.org\/fr\/story\/2024\/06\/1146456\" target=\"_blank\" rel=\"nofollow noopener\">apartheid de genre<\/a>\u00ab\u00a0.\u00a0<\/p>\n<p>Pour recevoir gratuitement notre newsletter du lundi au vendredi, <a href=\"https:\/\/lepetitjournal.com\/newsletter\" target=\"_blank\" rel=\"nofollow noopener\">inscrivez-vous<\/a> !<br \/>Pour nous suivre sur <a href=\"https:\/\/www.facebook.com\/LPJAllemagne\/\" target=\"_blank\" rel=\"nofollow noopener\">Facebook<\/a>, <a href=\"https:\/\/twitter.com\/LPJ_Allemagne\" target=\"_blank\" rel=\"nofollow noopener\">Twitter<\/a>,<a href=\"https:\/\/www.linkedin.com\/company\/lepetitjournal-com-allemagne\" target=\"_blank\" rel=\"nofollow noopener\"> LinkedIn<\/a> et <a href=\"https:\/\/www.instagram.com\/lpj_Allemagne\/\" target=\"_blank\" rel=\"nofollow noopener\">Instagram<\/a>.<\/p>\n<p class=\"p-empty\">\u00a0<\/p>\n<p><script async src=\"https:\/\/platform.twitter.com\/widgets.js\" charset=\"utf-8\"><\/script><script async src=\"\/\/www.instagram.com\/embed.js\"><\/script><\/p>\n","protected":false},"excerpt":{"rendered":"Une d\u00e9cision de justice en faveur des r\u00e9fugi\u00e9s afghans\u00a0 C&rsquo;est sur la situation d&rsquo;une famille en particulier que&hellip;\n","protected":false},"author":2,"featured_media":237501,"comment_status":"","ping_status":"","sticky":false,"template":"","format":"standard","meta":{"footnotes":""},"categories":[1587],"tags":[11,672,1804,1805,1803,1777,674,1801,12,1802],"class_list":{"0":"post-237500","1":"post","2":"type-post","3":"status-publish","4":"format-standard","5":"has-post-thumbnail","7":"category-allemagne","8":"tag-actualites","9":"tag-allemagne","10":"tag-bundesrepublik-deutschland","11":"tag-de","12":"tag-deutschland","13":"tag-eu","14":"tag-europe","15":"tag-germany","16":"tag-news","17":"tag-republique-federale-dallemagne"},"share_on_mastodon":{"url":"https:\/\/pubeurope.com\/@fr\/114823106598892403","error":""},"_links":{"self":[{"href":"https:\/\/www.europesays.com\/fr\/wp-json\/wp\/v2\/posts\/237500","targetHints":{"allow":["GET"]}}],"collection":[{"href":"https:\/\/www.europesays.com\/fr\/wp-json\/wp\/v2\/posts"}],"about":[{"href":"https:\/\/www.europesays.com\/fr\/wp-json\/wp\/v2\/types\/post"}],"author":[{"embeddable":true,"href":"https:\/\/www.europesays.com\/fr\/wp-json\/wp\/v2\/users\/2"}],"replies":[{"embeddable":true,"href":"https:\/\/www.europesays.com\/fr\/wp-json\/wp\/v2\/comments?post=237500"}],"version-history":[{"count":0,"href":"https:\/\/www.europesays.com\/fr\/wp-json\/wp\/v2\/posts\/237500\/revisions"}],"wp:featuredmedia":[{"embeddable":true,"href":"https:\/\/www.europesays.com\/fr\/wp-json\/wp\/v2\/media\/237501"}],"wp:attachment":[{"href":"https:\/\/www.europesays.com\/fr\/wp-json\/wp\/v2\/media?parent=237500"}],"wp:term":[{"taxonomy":"category","embeddable":true,"href":"https:\/\/www.europesays.com\/fr\/wp-json\/wp\/v2\/categories?post=237500"},{"taxonomy":"post_tag","embeddable":true,"href":"https:\/\/www.europesays.com\/fr\/wp-json\/wp\/v2\/tags?post=237500"}],"curies":[{"name":"wp","href":"https:\/\/api.w.org\/{rel}","templated":true}]}}