{"id":237504,"date":"2025-07-09T11:46:12","date_gmt":"2025-07-09T11:46:12","guid":{"rendered":"https:\/\/www.europesays.com\/fr\/237504\/"},"modified":"2025-07-09T11:46:12","modified_gmt":"2025-07-09T11:46:12","slug":"cette-eleve-du-jura-a-eu-une-note-exceptionnelle-au-baccalaureat","status":"publish","type":"post","link":"https:\/\/www.europesays.com\/fr\/237504\/","title":{"rendered":"cette \u00e9l\u00e8ve du Jura a eu une note exceptionnelle au baccalaur\u00e9at"},"content":{"rendered":"<p>            Par<br \/>\n        <strong><br \/>\n            <a href=\"https:\/\/actu.fr\/auteur\/valentine-gaxieu-actu-fr\" title=\"Consulter tous les articles de Valentine Gaxieu\" target=\"_blank\" rel=\"noopener\">Valentine Gaxieu<\/a><br \/>\n        <\/strong><\/p>\n<p>        Publi\u00e9 le<\/p>\n<p>            9 juil. 2025 \u00e0 12h13        <\/p>\n<p>Quelle belle surprise pour <b>Ma\u00e9na Mottey<\/b>, habitante de <a href=\"https:\/\/actu.fr\/bourgogne-franche-comte\/rainans_39449\" target=\"_blank\" rel=\"noopener\">Rainans<\/a>, devant les r\u00e9sultats du baccalaur\u00e9at, ce vendredi 4\u00a0juillet.<\/p>\n<p class=\" wall-content\">Cette jeune lyc\u00e9enne de 18\u00a0ans, qui \u00e9tudiait au <b>lyc\u00e9e Charles-Nodier<\/b> de <a href=\"https:\/\/www.doledujura.fr\/\" target=\"_blank\" rel=\"noopener\">Dole<\/a>, a obtenu la <b>mention tr\u00e8s bien<\/b> et les<b> f\u00e9licitations du jury<\/b>, avec une moyenne de <b>18,77<\/b>, la deuxi\u00e8me meilleure moyenne de l\u2019\u00e9tablissement dolois.<\/p>\n<p>Triple 20\/20<\/p>\n<p class=\" wall-content\">Ses notes sont impressionnantes\u2009: 20\/20 en litt\u00e9rature anglaise (LLVE) \u2013 en prenant compte du fait qu\u2019elle a donc eu la <b>note maximale<\/b> \u00e0 l\u2019\u00e9crit et \u00e0 l\u2019oral -, 20\/20 pour la philosophie dans le cadre de sa sp\u00e9cialit\u00e9, 20\/20 au grand oral et 18\/20 en philosophie du tronc commun.<\/p>\n<p class=\" wall-content\">\u00ab\u2009Ces notes et les <b>f\u00e9licitations du jury<\/b>, c\u2019est ce que j\u2019esp\u00e9rais, ce que je visais, mais je ne m\u2019attendais pas \u00e0 les avoir. J\u2019ai pleur\u00e9 de joie avec mes amies. Je suis tr\u00e8s fi\u00e8re mais je ne r\u00e9alise pas encore\u2009\u00bb, confie-t-elle \u00e0 <a href=\"https:\/\/actu.fr\/voix-du-jura\/\" target=\"_blank\" rel=\"noopener\">Voix du Jura<\/a>.<\/p>\n<p>Vid\u00e9os : en ce moment sur ActuDes facilit\u00e9s depuis toujours<\/p>\n<p class=\" wall-content\">Pass\u00e9e par le Regroupement p\u00e9dagogique intercommunal de Menotey \u2013 Archelange \u2013 Gredisans \u2013 Chevigny puis par le <b>coll\u00e8ge de l\u2019Arc<\/b> \u00e0 Dole, Ma\u00e9na a toujours \u00e9t\u00e9 une <b>bonne \u00e9l\u00e8ve<\/b>\u2009: \u00ab\u2009J\u2019\u00e9tais surtout curieuse et je participais \u00e0 toutes les mati\u00e8res, m\u00eame celles qui m\u2019int\u00e9ressaient le moins. J\u2019ai eu des <b>facilit\u00e9s<\/b> car j\u2019apprends et retiens vite.\u2009\u00bb<\/p>\n<p class=\" wall-content\">Ces notes, elle le doit aussi \u00e0 ses nombreuses heures de travail. \u00ab\u2009Je travaillais environ une heure tous les soirs, et \u00e7a pouvait aller jusqu\u2019\u00e0 trois heures le mercredi et <b>quatre heures par jour<\/b> le week-end\u2009\u00bb, raconte-t-elle.<\/p>\n<blockquote class=\"ac-article-quote wall-content\">\n<p>\u00c7a pouvait aller jusqu\u2019\u00e0 trois heures le mercredi et quatre heures par jour le week-end<\/p>\n<p>Ma\u00e9na Mottey<\/p><\/blockquote>\n<p class=\" wall-content\">Un travail qui a pay\u00e9, car Ma\u00e9na a tourn\u00e9 autour des 18 de moyenne g\u00e9n\u00e9rale toute l\u2019ann\u00e9e, avec m\u00eame <b>18,93 au dernier trimestre<\/b>. \u00ab\u2009J\u2019avais peur d\u2019\u00eatre d\u00e9\u00e7ue par le bac mais finalement, \u00e7a repr\u00e9sente bien mon ann\u00e9e\u2009\u00bb, confie-t-elle.<\/p>\n<p>Un \u00e9chec l\u2019an dernier<\/p>\n<p class=\" wall-content\">Mais \u00e7a arrive aussi aux meilleurs d\u2019\u00e9chouer. L\u2019an dernier, cette brillante \u00e9l\u00e8ve a eu 14\/20 \u00e0 <b>l\u2019\u00e9preuve \u00e9crite de fran\u00e7ais<\/b>. M\u00eame si elle est consciente qu\u2019il s\u2019agit d\u2019une tr\u00e8s bonne note, celle-ci n\u2019\u00e9tait toutefois pas repr\u00e9sentative de ses r\u00e9sultats habituels.<\/p>\n<p class=\" wall-content\">\u00ab\u2009C\u2019est pour \u00e7a qu\u2019il ne faut pas s\u2019arr\u00eater \u00e0 un \u00e9chec\u2009\u00bb, souligne-t-elle. Et de poursuivre\u2009: \u00ab\u2009Il y a beaucoup de facteurs, selon les mati\u00e8res, les correcteurs, <b>\u00e7a peut varier<\/b>\u2026 Surtout pour les mati\u00e8res litt\u00e9raires.\u2009\u00bb<\/p>\n<blockquote class=\"ac-article-quote wall-content\">\n<p>Il ne faut pas s\u2019arr\u00eater \u00e0 un \u00e9chec<\/p>\n<p>Ma\u00e9na Mottey<\/p><\/blockquote>\n<p class=\" wall-content\">Et quand on lui demande son conseil pour r\u00e9ussir, la r\u00e9ponse est claire\u2009: <b>\u00eatre attentif en cours<\/b>. \u00ab\u2009C\u2019est plus de 70\u2009% du travail, et il faut se forcer \u00e0 participer\u2009\u00bb. Ma\u00e9na incite aussi les \u00e9l\u00e8ves et \u00e9tudiants \u00e0 lire pour <b>\u00e9toffer leur culture<\/b>, mais pas que. \u00ab\u2009Certains n\u2019aiment pas lire, mais il y a les films aussi. On a tendance \u00e0 les n\u00e9gliger car c\u2019est un support populaire, mais ils peuvent tout \u00e0 fait \u00eatre <b>cit\u00e9s dans des dissertations<\/b>\u2009! Apr\u00e8s, pour r\u00e9viser, il existe aussi des vid\u00e9os YouTube. Les images, c\u2019est plus efficace pour retenir.\u2009\u00bb<\/p>\n<p>Passionn\u00e9e de th\u00e9\u00e2tre<\/p>\n<p class=\" wall-content\">Ces nombreuses heures de travail ne l\u2019ont pas emp\u00each\u00e9e de <b>poursuivre ses passions<\/b>. En parall\u00e8le de ses cours, Ma\u00e9na faisait du <b>th\u00e9\u00e2tre<\/b> et \u00e9tait membre de <a href=\"https:\/\/www.facebook.com\/p\/LArt-Osoir-100092994863473\/\" target=\"_blank\" rel=\"noopener\">L\u2019Art Osoir<\/a> d\u2019Auxonne, du th\u00e9\u00e2tre d\u2019improvisation.<\/p>\n<p class=\" wall-content\">Depuis trois ans, elle faisait aussi partie de <b>l\u2019atelier th\u00e9\u00e2tre-philo<\/b> de son lyc\u00e9e, o\u00f9 elle a eu la chance de pouvoir jouer, lors de la derni\u00e8re repr\u00e9sentation, un des r\u00f4les principaux.<\/p>\n<p>Un avenir trac\u00e9<\/p>\n<p class=\" wall-content\">D\u00e8s le mois de septembre, la Rainantaise int\u00e9grera une <b>pr\u00e9pa litt\u00e9raire<\/b> au lyc\u00e9e Henri IV, \u00e0 Paris. \u00ab\u2009J\u2019ai un peu peur car le niveau est tr\u00e8s \u00e9lev\u00e9, mais je me dis qu\u2019on sera tous dans le m\u00eame bateau et il me tarde d\u2019apprendre beaucoup de choses\u2009\u00bb, d\u00e9clare-t-elle.<\/p>\n<p class=\" wall-content\">Il faut dire aussi que la capitale est la ville avec une des plus belles salles de th\u00e9\u00e2tre. \u00ab\u2009C\u2019est vrai que je pourrai voir de nombreuses pi\u00e8ces. Mais me concernant, je vais me <b>consacrer \u00e0 mes \u00e9tudes<\/b>. Je ne laisserai pas tomber le th\u00e9\u00e2tre mais je ne pourrai plus en faire autant. Je verrai si je peux faire des ateliers ou des petits stages dans le cadre de mon cursus\u2009\u00bb, explique-t-elle.<\/p>\n<p class=\" wall-content\">Ma\u00e9na ne l\u00e2che pas son r\u00eave d\u2019\u00eatre <b>com\u00e9dienne<\/b> mais pr\u00e9f\u00e8re \u00ab\u2009avoir un bagage litt\u00e9raire solide au cas o\u00f9\u2009\u00bb. Ce qui lui plairait bien, aussi, c\u2019est d\u2019\u00eatre <b>enseignante chercheuse<\/b> en philosophie ou en anglais.<\/p>\n<p class=\" wall-content\">Suivez toute l\u2019actualit\u00e9 de vos villes et m\u00e9dias favoris en vous inscrivant \u00e0 <a href=\"https:\/\/moncompte.actu.fr\" title=\"D\u00e9couvez Mon Actu\" rel=\"nofollow noopener\" data-trk=\"{&quot;cta&quot;:{&quot;action&quot;:&quot;https:\\\/\\\/moncompte.actu.fr&quot;,&quot;category&quot;:&quot;mon compte&quot;,&quot;from&quot;:&quot;article footer&quot;,&quot;name&quot;:&quot;Mon actu&quot;,&quot;type&quot;:&quot;cta&quot;}}\" target=\"_blank\">Mon Actu<\/a>.<\/p>\n","protected":false},"excerpt":{"rendered":"Par Valentine Gaxieu Publi\u00e9 le 9 juil. 2025 \u00e0 12h13 Quelle belle surprise pour Ma\u00e9na Mottey, habitante de&hellip;\n","protected":false},"author":2,"featured_media":237505,"comment_status":"","ping_status":"","sticky":false,"template":"","format":"standard","meta":{"footnotes":""},"categories":[1586],"tags":[11,3867,1057,1777,674,1779,1011,27,12,25,104,1778,364],"class_list":{"0":"post-237504","1":"post","2":"type-post","3":"status-publish","4":"format-standard","5":"has-post-thumbnail","7":"category-europe","8":"tag-actualites","9":"tag-baccalaureat","10":"tag-education","11":"tag-eu","12":"tag-europe","13":"tag-european-union","14":"tag-fr","15":"tag-france","16":"tag-news","17":"tag-republique-francaise","18":"tag-societe","19":"tag-ue","20":"tag-union-europeenne"},"share_on_mastodon":{"url":"https:\/\/pubeurope.com\/@fr\/114823114464358901","error":""},"_links":{"self":[{"href":"https:\/\/www.europesays.com\/fr\/wp-json\/wp\/v2\/posts\/237504","targetHints":{"allow":["GET"]}}],"collection":[{"href":"https:\/\/www.europesays.com\/fr\/wp-json\/wp\/v2\/posts"}],"about":[{"href":"https:\/\/www.europesays.com\/fr\/wp-json\/wp\/v2\/types\/post"}],"author":[{"embeddable":true,"href":"https:\/\/www.europesays.com\/fr\/wp-json\/wp\/v2\/users\/2"}],"replies":[{"embeddable":true,"href":"https:\/\/www.europesays.com\/fr\/wp-json\/wp\/v2\/comments?post=237504"}],"version-history":[{"count":0,"href":"https:\/\/www.europesays.com\/fr\/wp-json\/wp\/v2\/posts\/237504\/revisions"}],"wp:featuredmedia":[{"embeddable":true,"href":"https:\/\/www.europesays.com\/fr\/wp-json\/wp\/v2\/media\/237505"}],"wp:attachment":[{"href":"https:\/\/www.europesays.com\/fr\/wp-json\/wp\/v2\/media?parent=237504"}],"wp:term":[{"taxonomy":"category","embeddable":true,"href":"https:\/\/www.europesays.com\/fr\/wp-json\/wp\/v2\/categories?post=237504"},{"taxonomy":"post_tag","embeddable":true,"href":"https:\/\/www.europesays.com\/fr\/wp-json\/wp\/v2\/tags?post=237504"}],"curies":[{"name":"wp","href":"https:\/\/api.w.org\/{rel}","templated":true}]}}