{"id":237511,"date":"2025-07-09T11:52:09","date_gmt":"2025-07-09T11:52:09","guid":{"rendered":"https:\/\/www.europesays.com\/fr\/237511\/"},"modified":"2025-07-09T11:52:09","modified_gmt":"2025-07-09T11:52:09","slug":"quand-gailleton-spring-et-erdocio-sont-invites-a-faire-le-haka-des-all-blacks","status":"publish","type":"post","link":"https:\/\/www.europesays.com\/fr\/237511\/","title":{"rendered":"quand Gailleton, Spring et Erdocio sont invit\u00e9s \u00e0 faire le haka des All Blacks"},"content":{"rendered":"<p>            Par<br \/>\n        <strong><br \/>\n            <a href=\"https:\/\/actu.fr\/auteur\/thomas-corbet-actu-fr\" title=\"Consulter tous les articles de Thomas Corbet\" rel=\"nofollow noopener\" target=\"_blank\">Thomas Corbet<\/a><br \/>\n        <\/strong><\/p>\n<p>        Publi\u00e9 le<\/p>\n<p>            9 juil. 2025 \u00e0 12h46        <\/p>\n<p>Outre le fait que le <a href=\"https:\/\/actu.fr\/rugby\/xv-de-france\" rel=\"nofollow noopener\" target=\"_blank\">XV de France<\/a> doit encore affronter les <strong>All Blacks<\/strong> \u00e0 deux reprises apr\u00e8s un <a href=\"https:\/\/actu.fr\/sports\/rugby\/pro\/frayeur-francaise-a-dunedin-all-blacks-rouilles-la-defaite-des-bleus-vue-par-la-presse-etrangere_62874085.html\" rel=\"nofollow noopener\" target=\"_blank\">premier test encourageant<\/a>, la tourn\u00e9e en Nouvelle-Z\u00e9lande est aussi l\u2019occasion d\u2019aller \u00e0 la d\u00e9couverte d\u2019une culture diff\u00e9rente. Pendant un \u00e9change dans une communaut\u00e9 maori, <strong>plusieurs joueurs des Bleus<\/strong> dont \u00c9milien Gailleton ont \u00e9t\u00e9 invit\u00e9 \u00e0 <strong>participer au haka,\u00a0<\/strong>une s\u00e9quence film\u00e9e et publi\u00e9e dans <a href=\"https:\/\/www.youtube.com\/watch?v=W9kBaF01ofg\" rel=\"nofollow noopener\" target=\"_blank\">le dernier \u00e9pisode de Destins M\u00eal\u00e9s<\/a>.\u00a0<\/p>\n<p>XV de France : le haka des Bleus en Nouvelle-Z\u00e9lande<\/p>\n<p class=\" wall-content\">Quand elles sont bien encadr\u00e9es, et cette notion est malheureusement devenue importante, les tourn\u00e9es sont un th\u00e9\u00e2tre magnifique d\u2019\u00e9changes culturels, de d\u00e9couverte et d\u2019ouverture sur d\u2019autres modes de vie.<\/p>\n<p class=\" wall-content\">Facette incontournable du pays du long nuage blanc (Aotearoa en maori), la culture maori ayant donn\u00e9 son fameux haka aux All Blacks et \u00e0 laquelle les joueurs du XV de France sont all\u00e9s s\u2019initier. \u00c9milien Gailleton, Baptiste Erdocio et Tom Spring ont m\u00eame \u00e9t\u00e9 invit\u00e9s \u00e0 participer au haka.<\/p>\n<p class=\" wall-content\">\n<p>Une chor\u00e9graphie \u00e0 travailler<\/p>\n<p class=\" wall-content\">Parmi les joueurs choisis, l\u2019un des trois devait \u00eatre un peu moins d\u00e9pays\u00e9 que les autres : rappelons que Tom Spring est d\u2019ascendance maori par son p\u00e8re. Pour Baptiste Erdocio et \u00c9milien Gailleton en revanche, le territoire \u00e9tait totalement inconnu.<\/p>\n<p class=\" wall-content\">Le Palois et le Montpelli\u00e9rain ne se sont pas d\u00e9gonfl\u00e9s pour autant et ont tant bien que mal ex\u00e9cut\u00e9 la chor\u00e9graphie du haka. Certes sous le regard parfois hilare de certains de leur camarade de tourn\u00e9e !<\/p>\n<p>Vid\u00e9os : en ce moment sur Actu<\/p>\n<p class=\" wall-content\">Suivez toute l\u2019actualit\u00e9 de vos villes et m\u00e9dias favoris en vous inscrivant \u00e0 <a href=\"https:\/\/moncompte.actu.fr\" title=\"D\u00e9couvez Mon Actu\" rel=\"nofollow noopener\" data-trk=\"{&quot;cta&quot;:{&quot;action&quot;:&quot;https:\\\/\\\/moncompte.actu.fr&quot;,&quot;category&quot;:&quot;mon compte&quot;,&quot;from&quot;:&quot;article footer&quot;,&quot;name&quot;:&quot;Mon actu&quot;,&quot;type&quot;:&quot;cta&quot;}}\" target=\"_blank\">Mon Actu<\/a>.<\/p>\n","protected":false},"excerpt":{"rendered":"Par Thomas Corbet Publi\u00e9 le 9 juil. 2025 \u00e0 12h46 Outre le fait que le XV de France&hellip;\n","protected":false},"author":2,"featured_media":237512,"comment_status":"","ping_status":"","sticky":false,"template":"","format":"standard","meta":{"footnotes":""},"categories":[1416],"tags":[2305,1011,27,3788,479,1468,60,513],"class_list":{"0":"post-237511","1":"post","2":"type-post","3":"status-publish","4":"format-standard","5":"has-post-thumbnail","7":"category-rugby","8":"tag-all-blacks","9":"tag-fr","10":"tag-france","11":"tag-pro","12":"tag-rugby","13":"tag-rugby-football","14":"tag-sports","15":"tag-xv-de-france"},"share_on_mastodon":{"url":"https:\/\/pubeurope.com\/@fr\/114823138287182520","error":""},"_links":{"self":[{"href":"https:\/\/www.europesays.com\/fr\/wp-json\/wp\/v2\/posts\/237511","targetHints":{"allow":["GET"]}}],"collection":[{"href":"https:\/\/www.europesays.com\/fr\/wp-json\/wp\/v2\/posts"}],"about":[{"href":"https:\/\/www.europesays.com\/fr\/wp-json\/wp\/v2\/types\/post"}],"author":[{"embeddable":true,"href":"https:\/\/www.europesays.com\/fr\/wp-json\/wp\/v2\/users\/2"}],"replies":[{"embeddable":true,"href":"https:\/\/www.europesays.com\/fr\/wp-json\/wp\/v2\/comments?post=237511"}],"version-history":[{"count":0,"href":"https:\/\/www.europesays.com\/fr\/wp-json\/wp\/v2\/posts\/237511\/revisions"}],"wp:featuredmedia":[{"embeddable":true,"href":"https:\/\/www.europesays.com\/fr\/wp-json\/wp\/v2\/media\/237512"}],"wp:attachment":[{"href":"https:\/\/www.europesays.com\/fr\/wp-json\/wp\/v2\/media?parent=237511"}],"wp:term":[{"taxonomy":"category","embeddable":true,"href":"https:\/\/www.europesays.com\/fr\/wp-json\/wp\/v2\/categories?post=237511"},{"taxonomy":"post_tag","embeddable":true,"href":"https:\/\/www.europesays.com\/fr\/wp-json\/wp\/v2\/tags?post=237511"}],"curies":[{"name":"wp","href":"https:\/\/api.w.org\/{rel}","templated":true}]}}