{"id":237513,"date":"2025-07-09T11:53:13","date_gmt":"2025-07-09T11:53:13","guid":{"rendered":"https:\/\/www.europesays.com\/fr\/237513\/"},"modified":"2025-07-09T11:53:13","modified_gmt":"2025-07-09T11:53:13","slug":"anisimova-les-dessous-dun-retour-extraordinaire","status":"publish","type":"post","link":"https:\/\/www.europesays.com\/fr\/237513\/","title":{"rendered":"Anisimova, les dessous d&rsquo;un retour \u00ab extraordinaire \u00bb"},"content":{"rendered":"<p class=\"date\">\n                                                            Marie Mah\u00e9, Media365 : publi\u00e9 le mercredi 09 juillet 2025 \u00e0 11h20\n                                                    <\/p>\n<p>Demi-finaliste \u00e0 Wimbledon, Amanda Anisimova est revenu sur le circuit l&rsquo;an dernier, apr\u00e8s avoir fait un break. Une pause salvatrice qui a contribu\u00e9 \u00e0 son retour vers les sommets.<\/p>\n<p>A seulement 17 ans, Amanda Anisimova faisait parler d&rsquo;elle, en 2019, en se hissant en demi-finales de Roland-Garros. Quatre ans plus tard, l&rsquo;Am\u00e9ricaine avait pr\u00e9f\u00e9r\u00e9 prendre une pause, \u00e9puis\u00e9e mentalement, lors du printemps 2023. Au d\u00e9but de cette ann\u00e9e 2025, Anisimova avait confi\u00e9 \u00e0 L&rsquo;Equipe les raisons qui l&rsquo;avaient pouss\u00e9e \u00e0 tout arr\u00eater : \u00ab\u00a0Je sentais que j&rsquo;en avais besoin. C&rsquo;est comme si mon corps et mon esprit avaient eu besoin d&rsquo;une sorte de r\u00e9initialisation. Quand je m&rsquo;entra\u00eene, ou dans ma vie de tous les jours, je r\u00e9fl\u00e9chis tellement que je soumets mon corps \u00e0 un \u00e9puisement physique important. Je voulais couper avec cette r\u00e9flexion excessive, couper avec cette r\u00e9alit\u00e9, en fait. Ce que je voulais, c&rsquo;\u00e9tait un temps o\u00f9 j&rsquo;allais pouvoir ne plus avoir \u00e0 penser \u00e0 quoi que ce soit, \u00eatre simplement dans le moment pr\u00e9sent.\u00a0\u00bb Revenue sur le circuit en 2024, la joueuse a rapidement d\u00e9montr\u00e9 qu&rsquo;elle n&rsquo;avait rien perdu de ses nombreuses qualit\u00e9s.<\/p>\n<p>Anisimova, future membre du top 10<\/p>\n<p>Cette ann\u00e9e, Amanda Anisimova brille \u00e0 Wimbledon, o\u00f9 elle vient d&rsquo;ailleurs tout juste <a href=\"https:\/\/sports.orange.fr\/tennis\/wimbledon\/article\/wimbledon-f-anisimova-domine-pavlyuchenkova-et-se-qualifie-pour-les-demi-finales-CNT000002jujgq.html\" rel=\"nofollow noopener\" target=\"_blank\">d&rsquo;atteindre les demi-finales<\/a>, suite \u00e0 sa victoire, ce mardi, contre la Russe Anastasia Pavlyuchenkova, 50e joueuse mondiale, en deux sets (6-1, 7-6 (9)) et 1h41 de jeu. Apr\u00e8s ce succ\u00e8s, Anisimova s&rsquo;\u00e9tait exprim\u00e9e sur le court, dans des propos rapport\u00e9s par CNN : \u00ab \u00c7a a \u00e9t\u00e9 une ann\u00e9e extraordinaire pour moi. Tant de moments forts. \u00c7a a \u00e9t\u00e9 un vrai voyage, et j&rsquo;ai profit\u00e9 de chaque \u00e9tape. \u00bb Dans le dernier carr\u00e9, l&rsquo;Am\u00e9ricaine, 12e joueuse mondiale et t\u00eate de s\u00e9rie n\u00b013, affrontera <a href=\"https:\/\/sports.orange.fr\/tennis\/wimbledon\/article\/wimbledon-f-sabalenka-ecarte-difficilement-siegemund-CNT000002juiC9.html\" rel=\"nofollow noopener\" target=\"_blank\">la Bi\u00e9lorusse Aryna Sabalenkova, n\u00b01 mondiale et t\u00eate de s\u00e9rie n\u00b01<\/a>. Ce tr\u00e8s beau parcours, sur le gazon londonien, va lui permettre de continuer sa progression dans la hi\u00e9rarchie du tennis f\u00e9minin mondial. Ce lundi, l&rsquo;Am\u00e9ricaine sera huiti\u00e8me en cas de d\u00e9faite en demi-finales, septi\u00e8me en cas de finale ou cinqui\u00e8me si elle est sacr\u00e9e.<\/p>\n","protected":false},"excerpt":{"rendered":"Marie Mah\u00e9, Media365 : publi\u00e9 le mercredi 09 juillet 2025 \u00e0 11h20 Demi-finaliste \u00e0 Wimbledon, Amanda Anisimova est&hellip;\n","protected":false},"author":2,"featured_media":237514,"comment_status":"","ping_status":"","sticky":false,"template":"","format":"standard","meta":{"footnotes":""},"categories":[1415],"tags":[1011,27,60,1467],"class_list":{"0":"post-237513","1":"post","2":"type-post","3":"status-publish","4":"format-standard","5":"has-post-thumbnail","7":"category-tennis","8":"tag-fr","9":"tag-france","10":"tag-sports","11":"tag-tennis"},"share_on_mastodon":{"url":"https:\/\/pubeurope.com\/@fr\/114823141950236937","error":""},"_links":{"self":[{"href":"https:\/\/www.europesays.com\/fr\/wp-json\/wp\/v2\/posts\/237513","targetHints":{"allow":["GET"]}}],"collection":[{"href":"https:\/\/www.europesays.com\/fr\/wp-json\/wp\/v2\/posts"}],"about":[{"href":"https:\/\/www.europesays.com\/fr\/wp-json\/wp\/v2\/types\/post"}],"author":[{"embeddable":true,"href":"https:\/\/www.europesays.com\/fr\/wp-json\/wp\/v2\/users\/2"}],"replies":[{"embeddable":true,"href":"https:\/\/www.europesays.com\/fr\/wp-json\/wp\/v2\/comments?post=237513"}],"version-history":[{"count":0,"href":"https:\/\/www.europesays.com\/fr\/wp-json\/wp\/v2\/posts\/237513\/revisions"}],"wp:featuredmedia":[{"embeddable":true,"href":"https:\/\/www.europesays.com\/fr\/wp-json\/wp\/v2\/media\/237514"}],"wp:attachment":[{"href":"https:\/\/www.europesays.com\/fr\/wp-json\/wp\/v2\/media?parent=237513"}],"wp:term":[{"taxonomy":"category","embeddable":true,"href":"https:\/\/www.europesays.com\/fr\/wp-json\/wp\/v2\/categories?post=237513"},{"taxonomy":"post_tag","embeddable":true,"href":"https:\/\/www.europesays.com\/fr\/wp-json\/wp\/v2\/tags?post=237513"}],"curies":[{"name":"wp","href":"https:\/\/api.w.org\/{rel}","templated":true}]}}