{"id":237515,"date":"2025-07-09T11:55:09","date_gmt":"2025-07-09T11:55:09","guid":{"rendered":"https:\/\/www.europesays.com\/fr\/237515\/"},"modified":"2025-07-09T11:55:09","modified_gmt":"2025-07-09T11:55:09","slug":"motogp-si-marc-marquez-continue-a-ce-rythme-ducati-lui-versera-plus-de-6-millions-deuros-de-bonus-a-la-fin-de-lannee","status":"publish","type":"post","link":"https:\/\/www.europesays.com\/fr\/237515\/","title":{"rendered":"MotoGP : si Marc Marquez continue \u00e0 ce rythme, Ducati lui versera plus de 6 millions d\u2019euros de bonus \u00e0 la fin de l\u2019ann\u00e9e"},"content":{"rendered":"<p><strong>Dix Grands Prix. Neuf titres mondiaux en vue. Une<br \/>\ndomination \u00e9clatante\u2026 et une facture sal\u00e9e. Voil\u00e0 le r\u00e9sum\u00e9 \u00e0 la<br \/>\nmi-temps de la premi\u00e8re saison de Marc Marquez chez Ducati. Si<br \/>\nl\u2019Espagnol remplit les vitrines de Borgo Panigale de troph\u00e9es, il<br \/>\nsiphonne aussi son compte bancaire \u00e0 coups de bonus<br \/>\nfaramineux\u2026<\/strong><\/p>\n<p>En seulement dix courses, <strong>Marquez<\/strong> a d\u00e9j\u00e0<br \/>\nencaiss\u00e9 pr\u00e8s de 1,5 million d\u2019euros de primes, gr\u00e2ce \u00e0 son<br \/>\nimpressionnant bilan de <strong>six<\/strong> victoires dominicales<br \/>\net <strong>neuf<\/strong> sprints remport\u00e9s. Et la mi-saison n\u2019est<br \/>\nm\u00eame pas encore atteinte\u202f! Si la cadence infernale se poursuit, le<br \/>\npilote espagnol pourrait <strong>d<\/strong><strong>\u00e9passer les 6<br \/>\nmillions d<\/strong><strong>\u2019euros<\/strong> de bonus \u00e0 la fin de<br \/>\nl\u2019ann\u00e9e, hors salaire fixe.<\/p>\n<p>Les chiffres sont l\u00e0 :<\/p>\n<p><strong>150 000 \u20ac<\/strong> pour chaque victoire le dimanche<\/p>\n<p><strong>40 000 \u20ac<\/strong> par sprint gagn\u00e9<\/p>\n<p><strong>80 000 \u20ac<\/strong> pour une deuxi\u00e8me place en GP<\/p>\n<p><strong>40 000 \u20ac<\/strong> pour une troisi\u00e8me place<\/p>\n<p>Et <strong>Ducati<\/strong> a pr\u00e9vu le coup de gr\u00e2ce : <strong>3<br \/>\nmillions d\u2019euros suppl\u00e9mentaires si Marquez d\u00e9croche le titre<br \/>\nmondial<\/strong>. Au rythme o\u00f9 il va, cette prime semble plus que<br \/>\nprobable.<\/p>\n<p><img loading=\"lazy\" decoding=\"async\" class=\"aligncenter size-full wp-image-1307191\" src=\"https:\/\/www.europesays.com\/fr\/wp-content\/uploads\/2025\/07\/Marc-Marquez-2-1.jpg\" alt=\"Marc Marquez \" width=\"642\" height=\"391\"  \/><\/p>\n<p><strong>Marc Marquez\u00a0: un<br \/>\ninvestissement\u2026 qui rapporte sur la piste<\/strong><\/p>\n<p>Certes, le contrat de <strong>Marquez<\/strong> repr\u00e9sente un<br \/>\nimpact financier. Mais sportivement, <strong>Ducati<\/strong><br \/>\ns\u2019offre le luxe d\u2019avoir \u201cle meilleur pilote du monde sur la<br \/>\nmeilleure moto\u201d, comme le r\u00e9p\u00e8tent \u00e0 l\u2019envi les hommes en<br \/>\nrouge.<\/p>\n<p>Malgr\u00e9 quelques revers \u2013 accidents et courses sous la pluie \u2013<br \/>\n<strong>Marc Marquez<\/strong> a transform\u00e9 chaque opportunit\u00e9 en<br \/>\nor. <strong>Ducati<\/strong> savoure la gloire d\u2019avoir le meilleur<br \/>\npilote sur la meilleure moto, mais \u00e0 quel prix ? Chaque tour men\u00e9<br \/>\nen <a href=\"https:\/\/www.motogp.com\/en\" rel=\"nofollow noopener\" target=\"_blank\">MotoGP<\/a> par<br \/>\n<strong>Marc<\/strong> est une victoire\u2026 et un ch\u00e8que.<\/p>\n<p>Le <a href=\"https:\/\/www.paddock-gp.com\/motogp-le-circuit-du-prochain-grand-prix-vise-le-patrimoine-mondial-de-lunesco\/\" rel=\"nofollow noopener\" target=\"_blank\"><br \/>\n<strong>Sachsenring<\/strong><\/a>, o\u00f9 <strong>Marquez<\/strong> r\u00e8gne<br \/>\nen ma\u00eetre, s\u2019annonce comme une nouvelle razzia. Pour Ducati, le<br \/>\ntriomphe a un co\u00fbt, mais avec <strong>Marquez<\/strong>, la l\u00e9gende<br \/>\nn\u2019a pas de prix. Pour l\u2019instant, chez <a href=\"https:\/\/www.paddock-gp.com\/wsbk-et-wss-vers-un-grand-ralentissement-en-2027-sous-la-pression-de-ducati-et-yamaha\/\" rel=\"nofollow noopener\" target=\"_blank\"><br \/>\n<strong>Ducati<\/strong><\/a>, la seule chose qui roule plus vite que<br \/>\nla Desmosedici GP25, c\u2019est le compteur des primes de <strong>Marc<br \/>\nMarquez<\/strong>.<\/p>\n<p><img loading=\"lazy\" decoding=\"async\" class=\"aligncenter size-full wp-image-1307192\" src=\"https:\/\/www.europesays.com\/fr\/wp-content\/uploads\/2025\/07\/Marc-Marquez-3.jpg\" alt=\"Marc Marquez \" width=\"577\" height=\"381\"  \/><\/p>\n","protected":false},"excerpt":{"rendered":"Dix Grands Prix. Neuf titres mondiaux en vue. Une domination \u00e9clatante\u2026 et une facture sal\u00e9e. Voil\u00e0 le r\u00e9sum\u00e9&hellip;\n","protected":false},"author":2,"featured_media":237516,"comment_status":"","ping_status":"","sticky":false,"template":"","format":"standard","meta":{"footnotes":""},"categories":[1413],"tags":[1011,27,1457,1456,60],"class_list":{"0":"post-237515","1":"post","2":"type-post","3":"status-publish","4":"format-standard","5":"has-post-thumbnail","7":"category-moto","8":"tag-fr","9":"tag-france","10":"tag-moto","11":"tag-motocycle","12":"tag-sports"},"share_on_mastodon":{"url":"https:\/\/pubeurope.com\/@fr\/114823150096824217","error":""},"_links":{"self":[{"href":"https:\/\/www.europesays.com\/fr\/wp-json\/wp\/v2\/posts\/237515","targetHints":{"allow":["GET"]}}],"collection":[{"href":"https:\/\/www.europesays.com\/fr\/wp-json\/wp\/v2\/posts"}],"about":[{"href":"https:\/\/www.europesays.com\/fr\/wp-json\/wp\/v2\/types\/post"}],"author":[{"embeddable":true,"href":"https:\/\/www.europesays.com\/fr\/wp-json\/wp\/v2\/users\/2"}],"replies":[{"embeddable":true,"href":"https:\/\/www.europesays.com\/fr\/wp-json\/wp\/v2\/comments?post=237515"}],"version-history":[{"count":0,"href":"https:\/\/www.europesays.com\/fr\/wp-json\/wp\/v2\/posts\/237515\/revisions"}],"wp:featuredmedia":[{"embeddable":true,"href":"https:\/\/www.europesays.com\/fr\/wp-json\/wp\/v2\/media\/237516"}],"wp:attachment":[{"href":"https:\/\/www.europesays.com\/fr\/wp-json\/wp\/v2\/media?parent=237515"}],"wp:term":[{"taxonomy":"category","embeddable":true,"href":"https:\/\/www.europesays.com\/fr\/wp-json\/wp\/v2\/categories?post=237515"},{"taxonomy":"post_tag","embeddable":true,"href":"https:\/\/www.europesays.com\/fr\/wp-json\/wp\/v2\/tags?post=237515"}],"curies":[{"name":"wp","href":"https:\/\/api.w.org\/{rel}","templated":true}]}}