{"id":237517,"date":"2025-07-09T11:56:14","date_gmt":"2025-07-09T11:56:14","guid":{"rendered":"https:\/\/www.europesays.com\/fr\/237517\/"},"modified":"2025-07-09T11:56:14","modified_gmt":"2025-07-09T11:56:14","slug":"lun-de-ses-bolides-est-actuellement-en-vente","status":"publish","type":"post","link":"https:\/\/www.europesays.com\/fr\/237517\/","title":{"rendered":"l&rsquo;un de ses bolides est actuellement en vente"},"content":{"rendered":"<p itemprop=\"description\">Lors d\u2019une vente aux ench\u00e8res fin juillet, de nombreux lots en rapport avec le monde de la Formule 1 seront mis aux ench\u00e8res. Il y en a un qui a retenu notre attention, le voici !<\/p>\n<p dir=\"auto\">Cette vente aux ench\u00e8res, organis\u00e9e par la maison RM Sotheby\u2019s, mettra aux ench\u00e8res les 29 et 30 juillet prochains des centaines de pi\u00e8ces du monde de la Formule 1. <strong>Une vente nomm\u00e9e \u00ab Les champions \u2013 Schumacher et les l\u00e9gendes de la F1 \u00bb<\/strong>. Selon RM Sotheby\u2019s, il s\u00a0\u00bbagira d&rsquo;\u00ab une collection \u00e9blouissante de souvenirs de Formule 1 de classe mondiale \u00bb.<\/p>\n<p>    La Honda CBR1000RR SC59 de Michael Schumacher <\/p>\n<p><img loading=\"lazy\" decoding=\"async\" itemprop=\"thumbnailUrl\" class=\"size-large wp-image-1388258 img-responsive \" src=\"https:\/\/www.europesays.com\/fr\/wp-content\/uploads\/2025\/07\/miki2-768x499.png\" alt=\"Une moto bien particuli\u00e8re, avec seulement 3 752 kilom\u00e8tres au compteur\" width=\"768\" height=\"499\"\/> \u00a9  Fabian Boehm \/ RM Sotheby&rsquo;s<\/p>\n<p dir=\"auto\">Un des lots qui sera propos\u00e9 a particuli\u00e8rement retenu notre attention. <strong>Il s\u2019agit d\u2019un bolide ayant appartenu au septuple champion du monde de Formule 1, Michael Schumacher<\/strong>. Alors, ce n&rsquo;est pas une voiture, mais bien d\u2019un engin \u00e0 deux roues : une moto bien particuli\u00e8re avec seulement 3 752 kilom\u00e8tres au compteur.<\/p>\n<p dir=\"auto\">Il s\u2019agit d\u2019une Honda CBR de 2010 qui est pass\u00e9e entre les mains de <a href=\"https:\/\/www.hrp-motorsport.de\/geschichte\" target=\"_blank\" rel=\"noopener nofollow\">Holzhauer Racing Performance<\/a> (HRP), un pr\u00e9parateur moto travaillant sur des Honda et \u00e9galement pr\u00e9sent en course dans le championnat du monde de Superbike. <strong>La CBR de Michael Schumacher n\u2019a plus rien \u00e0 voir avec une moto d\u2019usine<\/strong>. Elle embarque une technologie de pointe, comme un calculateur g\u00e9rant le contr\u00f4le de traction, ainsi que le contr\u00f4le du wheeling et du patinage. HRP y a \u00e9galement install\u00e9 des pi\u00e8ces haute performance comme une bo\u00eete \u00e0 air, un refroidisseur d&rsquo;huile, un guidon, un levier de vitesses rapide, un syst\u00e8me d&rsquo;\u00e9chappement Akrapovi\u010d Titan, etc.<\/p>\n<p dir=\"auto\">Cette moto est accompagn\u00e9e d\u2019un casque et de gants de moto de l\u2019\u00e9quipementier Schuberth. <strong>Vendue sans prix de r\u00e9serve, RM Sotheby\u2019s l\u2019estime entre 25 000 et 35 000 euros<\/strong>.<\/p>\n<p> Une vente pour les passionn\u00e9s de Formule 1 <\/p>\n<p dir=\"auto\">Comme nous l\u2019avons \u00e9voqu\u00e9 pr\u00e9c\u00e9demment, cette moto ne sera \u00e9videmment pas le seul lot propos\u00e9 par RM Sotheby\u2019s. <strong>Au total, vous aurez pr\u00e8s de 300 pi\u00e8ces propos\u00e9es<\/strong>, chacune sans prix de r\u00e9serve.<\/p>\n<p dir=\"auto\">En plus de la Honda de Michael Schumacher, parmi les pi\u00e8ces phares, vous retrouverez des bottines de course, de v\u00e9ritables pi\u00e8ces de Formule 1, des dizaines de casques, des gants, ou encore des combinaisons ayant appartenu \u00e0 des l\u00e9gendes de la Formule 1 comme <a href=\"https:\/\/www.autoplus.fr\/actualite\/insolite\/lewis-hamilton-totalement-dithyrambique-concernant-la-ferrari-f80-1385992.html\" target=\"_blank\" rel=\"noopener nofollow\">Lewis Hamilton<\/a>, Ayrton Senna ou Michael Schumacher. <strong>Vous avez, par exemple, la combinaison de course OMP sign\u00e9e par Schumacher, qu&rsquo;il a port\u00e9e lors de sa victoire au Grand Prix de Monaco en 1997 au volant de sa Ferrari.<\/strong><\/p>\n<p dir=\"auto\">Plus abordables, vous pouvez retrouver des visi\u00e8res de casques sign\u00e9es par des pilotes comme Fernando Alonso, Eddie Irvine, mais \u00e9galement des T-shirts, des cagoules de course. Et pour ces lots, pas besoin de d\u00e9penser des dizaines de milliers d\u2019euros. Par exemple, vous avez une gourde Scuderia Ferrari sign\u00e9e de la main de Michael Schumacher, estim\u00e9e entre 50 et 100 \u20ac. <strong>Une bonne occasion de s\u2019offrir un petit bout de l\u2019histoire de la Formule 1 et du sport automobile sans se ruiner.<\/strong><\/p>\n<p dir=\"auto\">Si vous \u00eates int\u00e9ress\u00e9, sachez que cette vente sera enti\u00e8rement en ligne <a href=\"https:\/\/rmsothebys.com\/auctions\/tc25\/\" rel=\"nofollow noopener\" target=\"_blank\">sur le site de RM Sotheby\u2019s<\/a> les 29 et 30 juillet prochain.<\/p>\n","protected":false},"excerpt":{"rendered":"Lors d\u2019une vente aux ench\u00e8res fin juillet, de nombreux lots en rapport avec le monde de la Formule&hellip;\n","protected":false},"author":2,"featured_media":237518,"comment_status":"","ping_status":"","sticky":false,"template":"","format":"standard","meta":{"footnotes":""},"categories":[1412],"tags":[1451,1452,1453,1454,1455,1011,27,1638,60],"class_list":{"0":"post-237517","1":"post","2":"type-post","3":"status-publish","4":"format-standard","5":"has-post-thumbnail","7":"category-f1","8":"tag-f1","9":"tag-formula-1","10":"tag-formula1","11":"tag-formule-1","12":"tag-formule1","13":"tag-fr","14":"tag-france","15":"tag-has_diapo","16":"tag-sports"},"share_on_mastodon":{"url":"https:\/\/pubeurope.com\/@fr\/114823154005576931","error":""},"_links":{"self":[{"href":"https:\/\/www.europesays.com\/fr\/wp-json\/wp\/v2\/posts\/237517","targetHints":{"allow":["GET"]}}],"collection":[{"href":"https:\/\/www.europesays.com\/fr\/wp-json\/wp\/v2\/posts"}],"about":[{"href":"https:\/\/www.europesays.com\/fr\/wp-json\/wp\/v2\/types\/post"}],"author":[{"embeddable":true,"href":"https:\/\/www.europesays.com\/fr\/wp-json\/wp\/v2\/users\/2"}],"replies":[{"embeddable":true,"href":"https:\/\/www.europesays.com\/fr\/wp-json\/wp\/v2\/comments?post=237517"}],"version-history":[{"count":0,"href":"https:\/\/www.europesays.com\/fr\/wp-json\/wp\/v2\/posts\/237517\/revisions"}],"wp:featuredmedia":[{"embeddable":true,"href":"https:\/\/www.europesays.com\/fr\/wp-json\/wp\/v2\/media\/237518"}],"wp:attachment":[{"href":"https:\/\/www.europesays.com\/fr\/wp-json\/wp\/v2\/media?parent=237517"}],"wp:term":[{"taxonomy":"category","embeddable":true,"href":"https:\/\/www.europesays.com\/fr\/wp-json\/wp\/v2\/categories?post=237517"},{"taxonomy":"post_tag","embeddable":true,"href":"https:\/\/www.europesays.com\/fr\/wp-json\/wp\/v2\/tags?post=237517"}],"curies":[{"name":"wp","href":"https:\/\/api.w.org\/{rel}","templated":true}]}}