{"id":237524,"date":"2025-07-09T12:00:11","date_gmt":"2025-07-09T12:00:11","guid":{"rendered":"https:\/\/www.europesays.com\/fr\/237524\/"},"modified":"2025-07-09T12:00:11","modified_gmt":"2025-07-09T12:00:11","slug":"video-zeus-le-cheval-metallique-des-jeux-olympiques-helitreuille-pour-etre-expose-au-mont-saint-michel","status":"publish","type":"post","link":"https:\/\/www.europesays.com\/fr\/237524\/","title":{"rendered":"VID\u00c9O &#8211; Zeus, le cheval m\u00e9tallique des Jeux Olympiques, h\u00e9litreuill\u00e9 pour \u00eatre expos\u00e9 au Mont-Saint-Michel"},"content":{"rendered":"<p>C&rsquo;est une des stars des Jeux Olympiques de Paris. Le cheval en m\u00e9tal Zeus a fait un tour de France depuis la c\u00e9r\u00e9monie d&rsquo;ouverture. Il est expos\u00e9 gratuitement tout l&rsquo;\u00e9t\u00e9 au Mont-Saint-Michel (Manche). Cette sculpture fabriqu\u00e9e \u00e0 Nantes a \u00e9t\u00e9 h\u00e9litreuill\u00e9e ce mercredi matin. <\/p>\n<p>Le mythique <strong>cheval en m\u00e9tal des Jeux Olympiques va passer son \u00e9t\u00e9 au Mont-Saint-Michel.<\/strong> Zeus a \u00e9t\u00e9 amen\u00e9 ce mercredi matin sur le site normand.\u00a0Il \u00e9tait l&rsquo;une des stars de la c\u00e9r\u00e9monie d&rsquo;ouverture des Jeux de Paris. L&rsquo;image\u00a0a marqu\u00e9 tous les esprits\u00a0: le 26 juillet 2024, cette sculpture m\u00e9tallique descendait la Seine devant un public nombreux. Depuis, cette \u0153uvre\u00a0<a class=\"IciLink ici-link IciArticleLink g-ici-body-regular-1 underline brand svelte-lu7k6w\" href=\"https:\/\/www.francebleu.fr\/infos\/culture-loisirs\/jo-paris-2024-c-est-de-la-fierte-un-atelier-nantais-derriere-la-creation-du-cheval-metallique-sur-la-seine-4737290\" rel=\"nofollow noopener\" target=\"_blank\">con\u00e7ue \u00e0 Nantes<\/a>\u00a0a vu du pays\u00a0! Elle\u00a0<a class=\"IciLink ici-link IciArticleLink g-ici-body-regular-1 underline brand svelte-lu7k6w\" href=\"https:\/\/www.francebleu.fr\/infos\/culture-loisirs\/le-cheval-metallique-de-la-ceremonie-d-ouverture-des-jo-de-paris-expose-dans-plusieurs-villes-de-france-6796810\" rel=\"nofollow noopener\" target=\"_blank\">est partie en tourn\u00e9e<\/a>\u00a0le 3 mars 2025. Elle a \u00e9t\u00e9 expos\u00e9e dans plusieurs villes en France et en Europe.\u00a0<a class=\"IciLink ici-link IciArticleLink g-ici-body-regular-1 underline brand svelte-lu7k6w\" href=\"https:\/\/www.francebleu.fr\/infos\/culture-loisirs\/le-cheval-nantais-de-la-ceremonie-d-ouverture-des-jeux-olympiques-expose-a-la-mairie-de-paris-3418402\" rel=\"nofollow noopener\" target=\"_blank\">Paris,<\/a>\u00a0<a target=\"_blank\" rel=\"nofollow noopener noreferrer\" class=\"IciLink ici-link IciArticleLink g-ici-body-regular-1 underline brand svelte-lu7k6w\" href=\"https:\/\/www.facebook.com\/FranceBleuHerault\/videos\/3935725490036360\">Montpellier<\/a>, Lyon ou encore Milan.\u00a0<a class=\"IciLink ici-link IciArticleLink g-ici-body-regular-1 underline brand svelte-lu7k6w\" href=\"https:\/\/www.francebleu.fr\/video-zeus-le-cheval-metallique-de-la-ceremonie-d-ouverture-des-jo-visible-gratuitement-au-mucem-a-marseille-6622620\" rel=\"nofollow noopener\" target=\"_blank\">Elle\u00a0\u00e9tait Marseille<\/a>\u00a0du 16 au 26 avril et\u00a0<a class=\"IciLink ici-link IciArticleLink g-ici-body-regular-1 underline brand svelte-lu7k6w\" href=\"https:\/\/www.francebleu.fr\/infos\/culture-loisirs\/zeus-le-cheval-metallique-des-jeux-olympiques-de-retour-a-nantes-du-19-au-29-septembre-6244317\" rel=\"nofollow noopener\" target=\"_blank\">sera de retour \u00e0 Nantes<\/a>, du 19 au 29 septembre. D&rsquo;ici l\u00e0, Zeus va galoper en juillet et en ao\u00fbt devant l&rsquo;abbaye du Mont-Saint-Michel.<\/p>\n<p>Zeus transport\u00e9 en h\u00e9licopt\u00e8re jusqu&rsquo;au Mont-Saint-Michel<\/p>\n<p>L&rsquo;imposant cheval m\u00e9tallique n&rsquo;est pas mont\u00e9 au galop tout en haut du Mont-Saint-Michel. <strong>Il a \u00e9t\u00e9 transport\u00e9 en h\u00e9licopt\u00e8re<\/strong>, ce mercredi matin. Une man\u0153uvre d\u00e9licate par les airs pour d\u00e9placer la sculpture qui mesure 2,50 m\u00e8tres de haut et 3,80 m\u00e8tres de long. Un joli spectacle au lever du jour sous les yeux de son cr\u00e9ateur, Aur\u00e9lien Meyer\u00a0: <strong>\u00ab\u00a0L&rsquo;arriv\u00e9e de Zeus a \u00e9t\u00e9 majestueuse,<\/strong> absolument magnifique dans ce ciel normand matinal. Je suis tr\u00e8s heureux d&rsquo;avoir v\u00e9cu ce moment-l\u00e0. Je l&rsquo;ai vu atterrir dans cet \u00e9crin d&rsquo;une beaut\u00e9 incroyable. Que r\u00eaver de mieux\u00a0?\u00a0\u00bb Les touristes risquent d&rsquo;\u00eatre encore plus nombreux que d&rsquo;habitude sur ce lieu d\u00e9j\u00e0 pris\u00e9 des vacanciers.\u00a0Il suffit de se rendre en balade au Mont-Saint-Michel pour voir Zeus, l&rsquo;entr\u00e9e sur le site est gratuite. Il faut cependant s&rsquo;acquitter du prix du parking. Il faut\u00a0<a target=\"_blank\" rel=\"nofollow noopener noreferrer\" class=\"IciLink ici-link IciArticleLink g-ici-body-regular-1 underline brand svelte-lu7k6w\" href=\"https:\/\/montsaintmichel.gouv.fr\/acceder-au-mont-saint-michel\/horaires-et-tarifs\">compter une vingtaine d&rsquo;euros<\/a>\u00a0si le v\u00e9hicule reste stationn\u00e9 plusieurs heures.<\/p>\n<p>\u00c0 lire aussi   <img decoding=\"async\" src=\"https:\/\/www.europesays.com\/fr\/wp-content\/uploads\/2025\/07\/560x315_sc_080-hl-vvaldivia-2472800.jpg\" alt=\"Snoop Dogg lors du relais de la flamme olympique en Seine-Saint-Denis le 26 juillet 2024\" style=\"--_image-preview:url('data:image\/jpeg;base64,\/9j\/2wBDACgcHiMeGSgjISMtKygwPGRBPDc3PHtYXUlkkYCZlo+AjIqgtObDoKrarYqMyP\/L2u71\/\/\/\/m8H\/\/\/\/6\/+b9\/\/j\/2wBDASstLTw1PHZBQXb4pYyl+Pj4+Pj4+Pj4+Pj4+Pj4+Pj4+Pj4+Pj4+Pj4+Pj4+Pj4+Pj4+Pj4+Pj4+Pj4+Pj4+Pj\/wAARCAAXACoDASIAAhEBAxEB\/8QAGQAAAwEBAQAAAAAAAAAAAAAAAAEDAgQF\/8QAGRABAQEBAQEAAAAAAAAAAAAAAAESAhET\/8QAFgEBAQEAAAAAAAAAAAAAAAAAAQAC\/8QAFBEBAAAAAAAAAAAAAAAAAAAAAP\/aAAwDAQACEQMRAD8A9P0rWNFekmr0Wk70zewltjbn2X0RU0LQCGLU+qAinei2AyX\/2Q==');\" loading=\"lazy\" fetchpriority=\"low\" aria-hidden=\"true\" class=\"svelte-1pnmlwx rounded\" onload=\"this.__e=event\" onerror=\"this.__e=event\"\/><img loading=\"lazy\" decoding=\"async\" class=\"VisualPreview svelte-1rldrkz\" src=\"data:image\/jpeg;base64,\/9j\/2wBDACgcHiMeGSgjISMtKygwPGRBPDc3PHtYXUlkkYCZlo+AjIqgtObDoKrarYqMyP\/L2u71\/\/\/\/m8H\/\/\/\/6\/+b9\/\/j\/2wBDASstLTw1PHZBQXb4pYyl+Pj4+Pj4+Pj4+Pj4+Pj4+Pj4+Pj4+Pj4+Pj4+Pj4+Pj4+Pj4+Pj4+Pj4+Pj4+Pj4+Pj\/wAARCAAqAB8DASIAAhEBAxEB\/8QAFwAAAwEAAAAAAAAAAAAAAAAAAAECA\/\/EABcQAQEBAQAAAAAAAAAAAAAAAAABERL\/xAAWAQEBAQAAAAAAAAAAAAAAAAAAAQL\/xAAVEQEBAAAAAAAAAAAAAAAAAAAAAf\/aAAwDAQACEQMRAD8AupO0tbZOLjPVSkGejUaWoL0dM+hoC1Np1nVD09QcB\/\/Z\" alt=\"Zeus, le cheval en m\u00e9tal des Jeux Olympiques, est expos\u00e9 tout l'\u00e9t\u00e9 au Mont-Saint-Michel\" width=\"600\" height=\"800\"\/>  Zeus, le cheval en m\u00e9tal des Jeux Olympiques, est expos\u00e9 tout l&rsquo;\u00e9t\u00e9 au Mont-Saint-Michel \u00a9 Radio France &#8211; Louis Fontaine<img loading=\"lazy\" decoding=\"async\" class=\"VisualPreview svelte-1rldrkz\" src=\"data:image\/jpeg;base64,\/9j\/2wBDACgcHiMeGSgjISMtKygwPGRBPDc3PHtYXUlkkYCZlo+AjIqgtObDoKrarYqMyP\/L2u71\/\/\/\/m8H\/\/\/\/6\/+b9\/\/j\/2wBDASstLTw1PHZBQXb4pYyl+Pj4+Pj4+Pj4+Pj4+Pj4+Pj4+Pj4+Pj4+Pj4+Pj4+Pj4+Pj4+Pj4+Pj4+Pj4+Pj4+Pj\/wAARCAAfACoDASIAAhEBAxEB\/8QAGAAAAwEBAAAAAAAAAAAAAAAAAQIDAAT\/xAAYEAEBAQEBAAAAAAAAAAAAAAAAAQISEf\/EABYBAQEBAAAAAAAAAAAAAAAAAAACA\/\/EABURAQEAAAAAAAAAAAAAAAAAAAAR\/9oADAMBAAIRAxEAPwC4ehdFumtZQ\/rep9NNFIqKc0bopHPdlu07ot0havYzaHTTQOmbHtzzRugf\/9k=\" alt=\"Zeus, le cheval m\u00e9tallique des Jeux de Paris est expos\u00e9 au Mont-Saint-Michel pour l'\u00e9t\u00e9\" width=\"600\" height=\"450\"\/>  Zeus, le cheval m\u00e9tallique des Jeux de Paris est expos\u00e9 au Mont-Saint-Michel pour l&rsquo;\u00e9t\u00e9 \u00a9 Radio France &#8211; Louis Fontaine<\/p>\n","protected":false},"excerpt":{"rendered":"C&rsquo;est une des stars des Jeux Olympiques de Paris. Le cheval en m\u00e9tal Zeus a fait un tour&hellip;\n","protected":false},"author":2,"featured_media":237525,"comment_status":"","ping_status":"","sticky":false,"template":"","format":"standard","meta":{"footnotes":""},"categories":[1358],"tags":[1348,1384,1385,1386,58,59,1011,27],"class_list":{"0":"post-237524","1":"post","2":"type-post","3":"status-publish","4":"format-standard","5":"has-post-thumbnail","7":"category-arts-et-design","8":"tag-arts","9":"tag-arts-and-design","10":"tag-arts-et-design","11":"tag-design","12":"tag-divertissement","13":"tag-entertainment","14":"tag-fr","15":"tag-france"},"share_on_mastodon":{"url":"https:\/\/pubeurope.com\/@fr\/114823169891521075","error":""},"_links":{"self":[{"href":"https:\/\/www.europesays.com\/fr\/wp-json\/wp\/v2\/posts\/237524","targetHints":{"allow":["GET"]}}],"collection":[{"href":"https:\/\/www.europesays.com\/fr\/wp-json\/wp\/v2\/posts"}],"about":[{"href":"https:\/\/www.europesays.com\/fr\/wp-json\/wp\/v2\/types\/post"}],"author":[{"embeddable":true,"href":"https:\/\/www.europesays.com\/fr\/wp-json\/wp\/v2\/users\/2"}],"replies":[{"embeddable":true,"href":"https:\/\/www.europesays.com\/fr\/wp-json\/wp\/v2\/comments?post=237524"}],"version-history":[{"count":0,"href":"https:\/\/www.europesays.com\/fr\/wp-json\/wp\/v2\/posts\/237524\/revisions"}],"wp:featuredmedia":[{"embeddable":true,"href":"https:\/\/www.europesays.com\/fr\/wp-json\/wp\/v2\/media\/237525"}],"wp:attachment":[{"href":"https:\/\/www.europesays.com\/fr\/wp-json\/wp\/v2\/media?parent=237524"}],"wp:term":[{"taxonomy":"category","embeddable":true,"href":"https:\/\/www.europesays.com\/fr\/wp-json\/wp\/v2\/categories?post=237524"},{"taxonomy":"post_tag","embeddable":true,"href":"https:\/\/www.europesays.com\/fr\/wp-json\/wp\/v2\/tags?post=237524"}],"curies":[{"name":"wp","href":"https:\/\/api.w.org\/{rel}","templated":true}]}}