{"id":237526,"date":"2025-07-09T12:01:13","date_gmt":"2025-07-09T12:01:13","guid":{"rendered":"https:\/\/www.europesays.com\/fr\/237526\/"},"modified":"2025-07-09T12:01:13","modified_gmt":"2025-07-09T12:01:13","slug":"cet-ouvrage-vivement-recommande-par-lilia-hassaine-est-lun-de-ses-preferes","status":"publish","type":"post","link":"https:\/\/www.europesays.com\/fr\/237526\/","title":{"rendered":"cet ouvrage vivement recommand\u00e9 par Lilia Hassaine est \u00ab l\u2019un de ses pr\u00e9f\u00e9r\u00e9s \u00bb"},"content":{"rendered":"<p><b>La journaliste et romanci\u00e8re, dont le dernier ouvrage \u00ab Panorama \u00bb continue de se placer dans les meilleures ventes en librairies, d\u00e9voile quel livre elle recommande de d\u00e9couvrir, et pourquoi.<\/b><\/p>\n<p>Vous manquez d&rsquo;id\u00e9e lecture pour cet \u00e9t\u00e9 ? Lilia Hassaine va peut-\u00eatre pouvoir vous aider. La journaliste, ancienne chroniqueuse de l&rsquo;\u00e9mission de TMC Quotidien<a href=\"https:\/\/www.femina.fr\/article\/x-infos-sur-lilia-hassaine-l-autrice-de-soleil-amer-et-panorama#xtor=AL-34\" rel=\"nofollow noopener\" target=\"_blank\" data-ylk=\"slk:et romanci\u00e8re;elm:context_link;itc:0;sec:content-canvas\" class=\"link \"> et romanci\u00e8re<\/a> (LOeil du paon, Soleil amer, Panorama&#8230;) <a href=\"https:\/\/www.youtube.com\/watch?v=iYy_iWrT5Zk\" rel=\"nofollow noopener\" target=\"_blank\" data-ylk=\"slk:a \u00e9t\u00e9 interrog\u00e9e par Fondation Vinci Autoroutes;elm:context_link;itc:0;sec:content-canvas\" class=\"link \">a \u00e9t\u00e9 interrog\u00e9e par Fondation Vinci Autoroutes<\/a> sur ses coups de coeur litt\u00e9raire. Et voici l&rsquo;ouvrage qu&rsquo;elle recommande vivement, notamment \u00e0 ceux qui ne sont pas traditionnellement des fondus de lecture.<\/p>\n<p><b>A d\u00e9couvrir \u00e9galement : <\/b> <a href=\"https:\/\/www.femina.fr\/article\/quels-romans-lire-cette-semaine-notre-selection-avec-le-magnifique-la-fille-du-grand-hiver-d-isabelle-autissier#xtor=AL-34\" rel=\"nofollow noopener\" target=\"_blank\" data-ylk=\"slk:Quels romans lire cette semaine ? Notre s\u00e9lection, avec le magnifique \u00ab La Fille du grand hiver \u00bb d\u2019Isabelle Autissier;elm:context_link;itc:0;sec:content-canvas\" class=\"link \">Quels romans lire cette semaine ? Notre s\u00e9lection, avec le magnifique \u00ab La Fille du grand hiver \u00bb d\u2019Isabelle Autissier<\/a><\/p>\n<p>\u00ab L&rsquo;Adversaire \u00bb, le livre pr\u00e9f\u00e9r\u00e9 de Lilia Hassaine<\/p>\n<p>\u00ab C&rsquo;est un roman vrai, qu&rsquo;on ne l\u00e2che pas \u00bb. Voici en quelques mots comment Lilia Hassaine r\u00e9sume L&rsquo;Adversaire, roman sign\u00e9 Emmanuel Carr\u00e8re, sorti en 2000 aux \u00e9ditions P.O.L. \u00ab C&rsquo;est tout simplement un de mes romans pr\u00e9f\u00e9r\u00e9s, et c&rsquo;est surtout le livre que je recommande \u00e0 tous ceux qui ne lisent pas ou n&rsquo;aiment pas lire. En 2 pages, m\u00eame pas, en une page, on entre dedans et on ne peut plus le l\u00e2cher, promet l&rsquo;\u00e9crivaine. C&rsquo;est un livre qui se lit tr\u00e8s vite, tr\u00e8s bien et est extr\u00eamement bien \u00e9crit.\u00bb Dans L&rsquo;Adversaire, l&rsquo;\u00e9crivain Emmanuel Carr\u00e8re partage sa correspondance avec Jean-Claude Romand, tristement c\u00e9l\u00e8bre pour avoir tu\u00e9 sa femme, ses deux enfants et ses parents en 1993. Celui qui avait articul\u00e9 sa vie autour de mensonges et se faisait notamment passer pour un chercheur surdipl\u00f4m\u00e9 et un&#8230;<\/p>\n<p><a href=\"https:\/\/www.femina.fr\/article\/un-roman-que-je-conseille-a-tous-ceux-qui-ne-lisent-pas-cet-ouvrage-vivement-recommande-par-lilia-hassaine-est-l-un-de-ses-prefe#xtor=AL-34\" rel=\"nofollow noopener\" target=\"_blank\" data-ylk=\"slk:Lire la suite sur Femina.fr;elm:context_link;itc:0;sec:content-canvas\" class=\"link \">Lire la suite sur Femina.fr<\/a><\/p>\n<p>A lire aussi<\/p>\n","protected":false},"excerpt":{"rendered":"La journaliste et romanci\u00e8re, dont le dernier ouvrage \u00ab Panorama \u00bb continue de se placer dans les meilleures&hellip;\n","protected":false},"author":2,"featured_media":237527,"comment_status":"","ping_status":"","sticky":false,"template":"","format":"standard","meta":{"footnotes":""},"categories":[1357],"tags":[1379,58,37687,59,1011,27,37686,1380],"class_list":{"0":"post-237526","1":"post","2":"type-post","3":"status-publish","4":"format-standard","5":"has-post-thumbnail","7":"category-livres","8":"tag-books","9":"tag-divertissement","10":"tag-emmanuel-carrere","11":"tag-entertainment","12":"tag-fr","13":"tag-france","14":"tag-lilia-hassaine","15":"tag-livres"},"share_on_mastodon":{"url":"https:\/\/pubeurope.com\/@fr\/114823173533258690","error":""},"_links":{"self":[{"href":"https:\/\/www.europesays.com\/fr\/wp-json\/wp\/v2\/posts\/237526","targetHints":{"allow":["GET"]}}],"collection":[{"href":"https:\/\/www.europesays.com\/fr\/wp-json\/wp\/v2\/posts"}],"about":[{"href":"https:\/\/www.europesays.com\/fr\/wp-json\/wp\/v2\/types\/post"}],"author":[{"embeddable":true,"href":"https:\/\/www.europesays.com\/fr\/wp-json\/wp\/v2\/users\/2"}],"replies":[{"embeddable":true,"href":"https:\/\/www.europesays.com\/fr\/wp-json\/wp\/v2\/comments?post=237526"}],"version-history":[{"count":0,"href":"https:\/\/www.europesays.com\/fr\/wp-json\/wp\/v2\/posts\/237526\/revisions"}],"wp:featuredmedia":[{"embeddable":true,"href":"https:\/\/www.europesays.com\/fr\/wp-json\/wp\/v2\/media\/237527"}],"wp:attachment":[{"href":"https:\/\/www.europesays.com\/fr\/wp-json\/wp\/v2\/media?parent=237526"}],"wp:term":[{"taxonomy":"category","embeddable":true,"href":"https:\/\/www.europesays.com\/fr\/wp-json\/wp\/v2\/categories?post=237526"},{"taxonomy":"post_tag","embeddable":true,"href":"https:\/\/www.europesays.com\/fr\/wp-json\/wp\/v2\/tags?post=237526"}],"curies":[{"name":"wp","href":"https:\/\/api.w.org\/{rel}","templated":true}]}}