{"id":237536,"date":"2025-07-09T12:06:09","date_gmt":"2025-07-09T12:06:09","guid":{"rendered":"https:\/\/www.europesays.com\/fr\/237536\/"},"modified":"2025-07-09T12:06:09","modified_gmt":"2025-07-09T12:06:09","slug":"wimbledon-sinner-est-un-sacre-cachotier","status":"publish","type":"post","link":"https:\/\/www.europesays.com\/fr\/237536\/","title":{"rendered":"Wimbledon > Sinner est un sacr\u00e9 cachotier"},"content":{"rendered":"<p>Ce mardi, tous les m\u00e9dias ont logi\u00adque\u00adment annonc\u00e9 que le joueur italien avait annul\u00e9 son entrai\u00adne\u00adment. Mais Jannik est un malin puisque selon plusieurs obser\u00adva\u00adteurs et notam\u00adment ESPN, il avait r\u00e9serv\u00e9 un cr\u00e9neau sur les courts indoor \u00e0 l\u2019abri des regards et des m\u00e9dias.<\/p>\n<p>Cela confirme donc que l\u2019IRM a \u00e9t\u00e9 plut\u00f4t posi\u00adtive suite \u00e0 sa bles\u00adsure au coude droit survenue face \u00e0 Dimitrov.\u00a0<\/p>\n<p>Il devrait donc \u00eatre sur le court face \u00e0 Shelton ce mercredi apr\u00e8s\u2010midi, reste \u00e0 savoir s\u2019il sera vrai\u00adment \u00e0 100% de son poten\u00adtiel. Son \u00e9chauf\u00adfe\u00adment \u00e0 11h30 a \u00e9t\u00e9 confirm\u00e9 ce jour o\u00f9 il est arriv\u00e9 sur le court avec un gros bandage.<\/p>\n<blockquote class=\"twitter-tweet\">\n<p lang=\"en\" dir=\"ltr\">Jannik arrived for trai\u00adning with a bandage on his right arm.<\/p>\n<p>Forza \ud83e\udd8a\ud83e\udd1e<\/p>\n<p>Via <a href=\"https:\/\/twitter.com\/Simon_Forever?ref_src=twsrc%5Etfw\" data-wpel-link=\"external\" target=\"_blank\" rel=\"nofollow external noopener\">@Simon_Forever<\/a> <a href=\"https:\/\/t.co\/1i8HoedEyA\" data-wpel-link=\"external\" target=\"_blank\" rel=\"nofollow external noopener\">pic.twitter.com\/1i8HoedEyA<\/a><\/p>\n<p>\u2014 Janniksin_Updates (@JannikSinner_Up) <a href=\"https:\/\/twitter.com\/JannikSinner_Up\/status\/1942877736265015432?ref_src=twsrc%5Etfw\" data-wpel-link=\"external\" target=\"_blank\" rel=\"nofollow external noopener\">July 9,\u00a02025<\/a><\/p><\/blockquote>\n<p>Les deux joueurs se sont d\u00e9j\u00e0 jou\u00e9s six fois. Sinner m\u00e8ne 5 \u00e0 1. il avait d\u00e9j\u00e0 domin\u00e9 Shelton l\u2019an dernier \u00e0 Wimbledon sans vrai\u00adment trembler.<\/p>\n<p class=\"post-published-date\" style=\"color: silver; font-size: 75%; text-align: left;\">Publi\u00e9 le mercredi 9 juillet 2025 \u00e0 12:40<\/p>\n<p><script async src=\"https:\/\/platform.twitter.com\/widgets.js\" charset=\"utf-8\"><\/script><\/p>\n","protected":false},"excerpt":{"rendered":"Ce mardi, tous les m\u00e9dias ont logi\u00adque\u00adment annonc\u00e9 que le joueur italien avait annul\u00e9 son entrai\u00adne\u00adment. Mais Jannik&hellip;\n","protected":false},"author":2,"featured_media":237537,"comment_status":"","ping_status":"","sticky":false,"template":"","format":"standard","meta":{"footnotes":""},"categories":[9],"tags":[6580,1011,27,1679,2127,60],"class_list":{"0":"post-237536","1":"post","2":"type-post","3":"status-publish","4":"format-standard","5":"has-post-thumbnail","7":"category-sports","8":"tag-dimitrov","9":"tag-fr","10":"tag-france","11":"tag-simon","12":"tag-sinner","13":"tag-sports"},"share_on_mastodon":{"url":"https:\/\/pubeurope.com\/@fr\/114823193207139505","error":""},"_links":{"self":[{"href":"https:\/\/www.europesays.com\/fr\/wp-json\/wp\/v2\/posts\/237536","targetHints":{"allow":["GET"]}}],"collection":[{"href":"https:\/\/www.europesays.com\/fr\/wp-json\/wp\/v2\/posts"}],"about":[{"href":"https:\/\/www.europesays.com\/fr\/wp-json\/wp\/v2\/types\/post"}],"author":[{"embeddable":true,"href":"https:\/\/www.europesays.com\/fr\/wp-json\/wp\/v2\/users\/2"}],"replies":[{"embeddable":true,"href":"https:\/\/www.europesays.com\/fr\/wp-json\/wp\/v2\/comments?post=237536"}],"version-history":[{"count":0,"href":"https:\/\/www.europesays.com\/fr\/wp-json\/wp\/v2\/posts\/237536\/revisions"}],"wp:featuredmedia":[{"embeddable":true,"href":"https:\/\/www.europesays.com\/fr\/wp-json\/wp\/v2\/media\/237537"}],"wp:attachment":[{"href":"https:\/\/www.europesays.com\/fr\/wp-json\/wp\/v2\/media?parent=237536"}],"wp:term":[{"taxonomy":"category","embeddable":true,"href":"https:\/\/www.europesays.com\/fr\/wp-json\/wp\/v2\/categories?post=237536"},{"taxonomy":"post_tag","embeddable":true,"href":"https:\/\/www.europesays.com\/fr\/wp-json\/wp\/v2\/tags?post=237536"}],"curies":[{"name":"wp","href":"https:\/\/api.w.org\/{rel}","templated":true}]}}