{"id":237538,"date":"2025-07-09T12:07:09","date_gmt":"2025-07-09T12:07:09","guid":{"rendered":"https:\/\/www.europesays.com\/fr\/237538\/"},"modified":"2025-07-09T12:07:09","modified_gmt":"2025-07-09T12:07:09","slug":"pourquoi-le-retour-du-realisateur-fait-parler","status":"publish","type":"post","link":"https:\/\/www.europesays.com\/fr\/237538\/","title":{"rendered":"pourquoi le retour du r\u00e9alisateur fait parler ?"},"content":{"rendered":"<p>Six ans apr\u00e8s la controverse autour d\u2019Intermezzo, Abdellatif Kechiche revient sur le devant de la sc\u00e8ne avec Canto Due, s\u00e9lectionn\u00e9 en comp\u00e9tition officielle au Festival de Locarno. Un retour qui suscite l\u2019attention, apr\u00e8s plusieurs pol\u00e9miques li\u00e9es \u00e0 ses pr\u00e9c\u00e9dents films.<\/p>\n<p>Disparu des radars depuis plusieurs ann\u00e9es, Abdellatif Kechiche signe un retour aussi inattendu que scrut\u00e9\u202f: Mektoub, My Love : Canto Due, dernier volet de sa trilogie inachev\u00e9e, figure dans la s\u00e9lection officielle du Festival de Locarno, du 6 au 16 ao\u00fbt. Un come-back sous tension pour le cin\u00e9aste de <a href=\"https:\/\/www.fnac.com\/o9140668\/La-vie-d-Adele-Chapitres-1-et-2-Cesar-2014-du-meilleur-espoir-feminin\/w-4\" target=\"_blank\" rel=\"noreferrer noopener\">La vie d\u2019Ad\u00e8le<\/a> (2013), accus\u00e9 de comportements probl\u00e9matiques sur ses tournages et entour\u00e9 de pol\u00e9miques.<\/p>\n<p>Trilogie maudite<\/p>\n<p>Ce nouveau film s\u2019inscrit dans une saga d\u00e9but\u00e9e avec <a href=\"https:\/\/www.fnac.com\/o10139255\/Mektoub-My-Love-Canto-Uno\/w-4\" target=\"_blank\" rel=\"noreferrer noopener\">Canto Uno<\/a> (2017), s\u00e9lectionn\u00e9 \u00e0 la Mostra de Venise avant sa sortie en salle. Il devait \u00eatre suivi d\u2019un deuxi\u00e8me opus, Intermezzo, pr\u00e9sent\u00e9 \u00e0 Cannes en 2019, mais jamais diffus\u00e9 en dehors du festival. Le <a href=\"https:\/\/www.fnac.com\/video.asp\" target=\"_blank\" rel=\"noreferrer noopener\">film<\/a> avait provoqu\u00e9 un toll\u00e9 en raison d\u2019une sc\u00e8ne de cunnilingus non simul\u00e9e et de son traitement jug\u00e9 voyeuriste du corps f\u00e9minin. L\u2019actrice Oph\u00e9lie Bau avait quitt\u00e9 la salle en pleine projection.<\/p>\n<p>La bande-annonce de La vie d\u2019Ad\u00e8le. <\/p>\n<p>Mais surtout, l\u2019affaire Intermezzo a mis en lumi\u00e8re un ensemble plus large de controverses. Sur le tournage de La vie d\u2019Ad\u00e8le, le syndicat SPIAC-CGT avait d\u00e9nonc\u00e9 des conditions de travail proches du harc\u00e8lement. <a href=\"https:\/\/leclaireur.fnac.com\/article\/427025-la-bete-que-vaut-le-nouveau-film-avec-lea-seydoux\/\" target=\"_blank\" rel=\"noreferrer noopener\">L\u00e9a Seydoux<\/a> a qualifi\u00e9 l\u2019exp\u00e9rience de \u00ab\u00a0proche de la prostitution\u00a0\u00bb, tandis qu\u2019<a href=\"https:\/\/leclaireur.fnac.com\/article\/608691-too-much-cest-quoi-cette-serie-avec-adele-exarchopoulos\/\" target=\"_blank\" rel=\"noreferrer noopener\">Ad\u00e8le Exarchopoulos<\/a> a jug\u00e9 le tournage \u00ab\u00a0horrible\u00a0\u00bb. En 2018, Kechiche a \u00e9galement \u00e9t\u00e9 vis\u00e9 par une plainte pour agression sexuelle, class\u00e9e sans suite en 2020.<\/p>\n<p>Silence<\/p>\n<p>Apr\u00e8s le naufrage d\u2019Intermezzo \u2013 film techniquement bloqu\u00e9 faute de droits musicaux et dont la soci\u00e9t\u00e9 de production a \u00e9t\u00e9 liquid\u00e9e \u2013, Kechiche s\u2019est retir\u00e9 de la sc\u00e8ne m\u00e9diatique. Il n\u2019est r\u00e9apparu qu\u2019en 2022 lors d\u2019une masterclass \u00e0 Montpellier.<\/p>\n<p><strong class=\"small\">En stock<\/strong><\/p>\n<p>        Acheter sur Fnac.com<\/p>\n<p>De son nouveau long-m\u00e9trage, aucune information n\u2019a encore \u00e9t\u00e9 r\u00e9v\u00e9l\u00e9e, si ce n\u2019est que le film a \u00e9t\u00e9 tourn\u00e9 en 2017 et dure 2h14. Le directeur artistique du festival, Giona Nazzaro, a simplement d\u00e9clar\u00e9\u202f: \u00ab\u00a0C\u2019est un film sur lequel nous avons travaill\u00e9 tr\u00e8s longuement. Et donc, gr\u00e2ce \u00e0 la confiance du producteur, nous sommes tr\u00e8s fiers, \u00e0 Locarno, de pouvoir le proposer\u00a0\u00bb, a-t-il partag\u00e9 \u00e0 l\u2018AFP.<\/p>\n<p>Reste \u00e0 savoir, au regard de ce come-back surprise, comment sera accueilli le retour en comp\u00e9tition du r\u00e9alisateur et si son film saura convaincre les festivaliers, ou au contraire rappeler \u00e0 nos m\u00e9moires la pr\u00e9sentation de sa premi\u00e8re partie \u00e0 Cannes. <\/p>\n<p>Une comp\u00e9tition relev\u00e9e<\/p>\n<p>Mais le retour de Kechiche ne doit pas occulter la richesse de la s\u00e9lection 2025. Parmi les films en lice figurent Dracula de Radu Jude, Mare\u2019s Nest de Ben Rivers ou encore Hair, Paper, Water de Tr\u01b0\u01a1ng Minh Qu\u00fd. Hors comp\u00e9tition, la Piazza Grande accueillera notamment <a href=\"https:\/\/leclaireur.fnac.com\/article\/597910-valeur-sentimentale-que-vaut-le-film-de-joachim-trier-critique\/\" target=\"_blank\" rel=\"noreferrer noopener\">Valeur sentimentale<\/a> de Joachim Trier, La petite derni\u00e8re d\u2019Hafsia Herzi ou encore un in\u00e9dit de Jafar Panahi.<\/p>\n<p>La bande-annonce de Valeur sentimentale. <\/p>\n","protected":false},"excerpt":{"rendered":"Six ans apr\u00e8s la controverse autour d\u2019Intermezzo, Abdellatif Kechiche revient sur le devant de la sc\u00e8ne avec Canto&hellip;\n","protected":false},"author":2,"featured_media":237539,"comment_status":"","ping_status":"","sticky":false,"template":"","format":"standard","meta":{"footnotes":""},"categories":[8],"tags":[58,59,1011,27,1062],"class_list":{"0":"post-237538","1":"post","2":"type-post","3":"status-publish","4":"format-standard","5":"has-post-thumbnail","7":"category-divertissement","8":"tag-divertissement","9":"tag-entertainment","10":"tag-fr","11":"tag-france","12":"tag-polemique"},"share_on_mastodon":{"url":"https:\/\/pubeurope.com\/@fr\/114823197111720305","error":""},"_links":{"self":[{"href":"https:\/\/www.europesays.com\/fr\/wp-json\/wp\/v2\/posts\/237538","targetHints":{"allow":["GET"]}}],"collection":[{"href":"https:\/\/www.europesays.com\/fr\/wp-json\/wp\/v2\/posts"}],"about":[{"href":"https:\/\/www.europesays.com\/fr\/wp-json\/wp\/v2\/types\/post"}],"author":[{"embeddable":true,"href":"https:\/\/www.europesays.com\/fr\/wp-json\/wp\/v2\/users\/2"}],"replies":[{"embeddable":true,"href":"https:\/\/www.europesays.com\/fr\/wp-json\/wp\/v2\/comments?post=237538"}],"version-history":[{"count":0,"href":"https:\/\/www.europesays.com\/fr\/wp-json\/wp\/v2\/posts\/237538\/revisions"}],"wp:featuredmedia":[{"embeddable":true,"href":"https:\/\/www.europesays.com\/fr\/wp-json\/wp\/v2\/media\/237539"}],"wp:attachment":[{"href":"https:\/\/www.europesays.com\/fr\/wp-json\/wp\/v2\/media?parent=237538"}],"wp:term":[{"taxonomy":"category","embeddable":true,"href":"https:\/\/www.europesays.com\/fr\/wp-json\/wp\/v2\/categories?post=237538"},{"taxonomy":"post_tag","embeddable":true,"href":"https:\/\/www.europesays.com\/fr\/wp-json\/wp\/v2\/tags?post=237538"}],"curies":[{"name":"wp","href":"https:\/\/api.w.org\/{rel}","templated":true}]}}