{"id":237573,"date":"2025-07-09T12:31:12","date_gmt":"2025-07-09T12:31:12","guid":{"rendered":"https:\/\/www.europesays.com\/fr\/237573\/"},"modified":"2025-07-09T12:31:12","modified_gmt":"2025-07-09T12:31:12","slug":"juan-et-nice-prets-a-faire-la-java","status":"publish","type":"post","link":"https:\/\/www.europesays.com\/fr\/237573\/","title":{"rendered":"Juan et Nice pr\u00eats \u00e0 faire la java !"},"content":{"rendered":"<p>                    <img loading=\"lazy\" decoding=\"async\" src=\"https:\/\/www.europesays.com\/fr\/wp-content\/uploads\/2025\/07\/f7cc5dd0934247270c3ec8926453b5.jpg\" class=\"img-responsive post-image\" width=\"680\" height=\"510\" alt=\"Juan et Nice pr\u00eats \u00e0 (\u2026)\" title=\"Juan et Nice pr\u00eats \u00e0 faire la java !\"\/><\/p>\n<p class=\"chapo\">Sans attendre le mois d\u2019ao\u00fbt et sa nuit des \u00e9toiles filantes, une pluie de stars va s\u2019abattre sur la Pin\u00e8de Gould du 10 au 20 juillet et sur la place Mass\u00e9na du 24 au 27 juillet.<\/p>\n<p><strong>Pour sa <a href=\"https:\/\/jazzajuan.com\/\" class=\"texte\" rel=\"external nofollow noopener\" target=\"_blank\">64e \u00e9dition<\/a>, Juan a une nouvelle fois attir\u00e9 les grands noms de la plan\u00e8te Jazz, qui sera en surchauffe climatique avec le retour de nombreux artistes qui se sont d\u00e9j\u00e0 produits dans ce temple en plein air. <\/strong> Cocorico avec <strong>Emile Londonien<\/strong> qui ouvrira un bal \u00e9lectro-jazz-fusion (10\/07) et qui sera suivi par le groupe <strong>AIR<\/strong> que l\u2019on a appr\u00e9ci\u00e9 lors de la c\u00e9r\u00e9monie de cl\u00f4ture des Jeux Olympiques de Paris. Le lendemain, grosse soir\u00e9e avec la diva <strong>Dianne Reeves<\/strong> et avec le chanteur et pianiste <strong>Jamie Cullum<\/strong> qui a d\u00e9j\u00e0 fait chavirer \u00e0 plusieurs reprises le festival par sa musicalit\u00e9 et sa personnalit\u00e9 d\u00e9bordante.<br class=\"autobr\"\/><br \/>\nOn retrouvera le samedi 12 la chanteuse germano-kenyane <strong>Ayo<\/strong> pour ses douces et sensuelles m\u00e9lodies avant la venue de <strong>Ben Harper et The Innocent Criminals.<\/strong> La pression ne retombera pas le mardi 15 avec <strong>Robert Plant<\/strong> pour des voyages musicaux teint\u00e9s de blues et de jazz, tout comme le lendemain avec le crooner <strong>Gregory Porter<\/strong>.<br class=\"autobr\"\/><br \/>\nLe 17, place \u00e0<strong> Ibrahim Maalouf,<\/strong> le 18, dancefloor g\u00e9ant en perspective avec<strong> Caravan Palace.<\/strong> Samedi 19, nouveau rendez-vous avec <strong>Herbie Hancock<\/strong>, l\u00e9gende \u00e0 lui tout seul, accompagn\u00e9 de \u2019sidemen\u2019 inventifs.<br class=\"autobr\"\/><br \/>\nQue demander de plus\u00a0? Ah oui, des concerts (gratuits) chaque soir \u00e0 la Petite Pin\u00e8de avec la sc\u00e8ne montante du jazz et des pointures. Sans oublier des marching bands dans les rues et un jazz club pour aller jusqu\u2019au bout de la nuit.<\/p>\n<p>Le savoureux cocktail du Nice Jazz Fest\u2019<\/p>\n<p>Un festival qui resterait sagement sur une programmation convenue, m\u00eame avec les meilleurs, serait condamn\u00e9 \u00e0 dispara\u00eetre. C\u2019est pourquoi le<a href=\"https:\/\/www.nicejazzfest.fr\/fr\/\" class=\"spip_out\" rel=\"external nofollow noopener\" target=\"_blank\">rendez-vous estival ni\u00e7ois<\/a> bat la campagne musicale en invitant des artistes nouveaux qui s\u00e9duisent le public jeune. Celui-ci trouvera son compte dans la programmation de la sc\u00e8ne Massena, avec une affiche 2025 qui rassemble les chanteurs et musiciens \u00ab\u00a0bankable\u00a0\u00bb.<br class=\"autobr\"\/><br \/>\nOn ne peut pas louper <strong>Raye<\/strong>, le frisson britannique du moment, nourrie de la musique et de la personnalit\u00e9 de Nina Simone (le 24 juillet). Le lendemain, le guitariste <strong>M <\/strong> vient avec le groupe <strong>Lamomali<\/strong>, collectif d\u2019artistes franco-malien qui m\u00e9lange la musique africaine, le world, le rock et la pop, avec la voix prenante de <strong>Fatoumata Diawara.<\/strong> Sans oublier <strong>Feu\u00a0! Chatterton<\/strong> (le 27), qui nous enchante depuis une quinzaine d\u2019ann\u00e9es d\u00e9j\u00e0, et le m\u00eame soir <strong>Santa,<\/strong> \u00e9chapp\u00e9e en solo du groupe d\u2019origine ni\u00e7oise Hyphen Hyphen. Que du beau monde, si l\u2019on ajoute le DJ am\u00e9ricain <strong>Mustard <\/strong> (le 25). Les nuits seront longues sur la grande sc\u00e8ne\u00a0!<\/p>\n<p><strong>Pour la note bleue chimiquement pure, cela se passera au Th\u00e9\u00e2tre de Verdure<\/strong>. Dans notre s\u00e9lection, <strong>China Moses<\/strong>, fille de Dee Dee Bridgewater, pour une soir\u00e9e m\u00e9tiss\u00e9e swing, blues, soul, funk et R&amp;B, et <strong>John Scofield<\/strong>, l\u00e9gende de la sc\u00e8ne jazz pour ses collaborations avec Charles Mingus et Miles Davis notamment (le 24\/07).<br class=\"autobr\"\/><br \/>\nLe lendemain, les semelles de vent des guitares manouches de <strong>Stochelo <\/strong> et<strong> Mozes Rosenberg<\/strong> qui revisiteront les musiques des films de Charlie Chaplin. Samedi 26, \u00e9ni\u00e8me retour d\u2019un Am\u00e9ricain \u00e0 Nice avec le contrebassiste <strong>Christian McBride<\/strong> et son groupe sur le r\u00e9pertoire du Ray Brown Trio, et <strong>The Cookers<\/strong>, formidable septet all stars avec des pointures qui mettent leur \u00e9nergie au service du post-bop.<\/p>\n<p>Le dimanche 27, <strong>Monsieur M\u00e2l\u00e2,<\/strong> le groupe de petits jeunes fusionnels particuli\u00e8rement inventifs, que l\u2019on vous recommande chaudement.<\/p>\n<p>Et on terminera en apoth\u00e9ose avec le contrebassiste <strong>Avishai Cohen<\/strong> qui nous entra\u00eenera sur ses chemins toujours surprenants. Le bouquet final revient \u00e0 un band de circonstance compos\u00e9 de <strong>Hugh Coltman<\/strong>, <strong>China Moses, Robin McKelle, Jowee Omicil<\/strong> pour redonner vie aux standards et faire revivre le meilleur du jazzz.<\/p>\n<p>Visuel de Une\u00a0: M et Fatoumata Diaware vont faire chanter le public ni\u00e7ois\u00a0! \u00a9DR<\/p>\n","protected":false},"excerpt":{"rendered":"Sans attendre le mois d\u2019ao\u00fbt et sa nuit des \u00e9toiles filantes, une pluie de stars va s\u2019abattre sur&hellip;\n","protected":false},"author":2,"featured_media":237574,"comment_status":"","ping_status":"","sticky":false,"template":"","format":"standard","meta":{"footnotes":""},"categories":[2819],"tags":[1111,11,2408,1777,674,1011,27,12,2401,882,25],"class_list":{"0":"post-237573","1":"post","2":"type-post","3":"status-publish","4":"format-standard","5":"has-post-thumbnail","7":"category-nice","8":"tag-actu","9":"tag-actualites","10":"tag-appels-d","11":"tag-eu","12":"tag-europe","13":"tag-fr","14":"tag-france","15":"tag-news","16":"tag-nice","17":"tag-provence-alpes-cote-dazur","18":"tag-republique-francaise"},"share_on_mastodon":{"url":"https:\/\/pubeurope.com\/@fr\/114823291468191338","error":""},"_links":{"self":[{"href":"https:\/\/www.europesays.com\/fr\/wp-json\/wp\/v2\/posts\/237573","targetHints":{"allow":["GET"]}}],"collection":[{"href":"https:\/\/www.europesays.com\/fr\/wp-json\/wp\/v2\/posts"}],"about":[{"href":"https:\/\/www.europesays.com\/fr\/wp-json\/wp\/v2\/types\/post"}],"author":[{"embeddable":true,"href":"https:\/\/www.europesays.com\/fr\/wp-json\/wp\/v2\/users\/2"}],"replies":[{"embeddable":true,"href":"https:\/\/www.europesays.com\/fr\/wp-json\/wp\/v2\/comments?post=237573"}],"version-history":[{"count":0,"href":"https:\/\/www.europesays.com\/fr\/wp-json\/wp\/v2\/posts\/237573\/revisions"}],"wp:featuredmedia":[{"embeddable":true,"href":"https:\/\/www.europesays.com\/fr\/wp-json\/wp\/v2\/media\/237574"}],"wp:attachment":[{"href":"https:\/\/www.europesays.com\/fr\/wp-json\/wp\/v2\/media?parent=237573"}],"wp:term":[{"taxonomy":"category","embeddable":true,"href":"https:\/\/www.europesays.com\/fr\/wp-json\/wp\/v2\/categories?post=237573"},{"taxonomy":"post_tag","embeddable":true,"href":"https:\/\/www.europesays.com\/fr\/wp-json\/wp\/v2\/tags?post=237573"}],"curies":[{"name":"wp","href":"https:\/\/api.w.org\/{rel}","templated":true}]}}