{"id":237579,"date":"2025-07-09T12:34:11","date_gmt":"2025-07-09T12:34:11","guid":{"rendered":"https:\/\/www.europesays.com\/fr\/237579\/"},"modified":"2025-07-09T12:34:11","modified_gmt":"2025-07-09T12:34:11","slug":"a-nantes-des-habitants-exasperes-salarment-de-la-cohabitation-avec-des-familles-roms","status":"publish","type":"post","link":"https:\/\/www.europesays.com\/fr\/237579\/","title":{"rendered":"\u00e0 Nantes, des habitants exasp\u00e9r\u00e9s s\u2019alarment de la cohabitation avec des familles Roms"},"content":{"rendered":"<p>Une minorit\u00e9 de familles perturbe le quotidien d\u2019une copropri\u00e9t\u00e9 du quartier Bellevue. Les r\u00e9sidents esp\u00e8rent que le pr\u00e9fet va faire venir les forces de l\u2019ordre dans le cadre d\u2019une proc\u00e9dure d\u2019expulsion en cours.<\/p>\n<p class=\"fig-paragraph\">\u00c0\u00a0<a href=\"http:\/\/www.lefigaro.fr\/nantes\/pres-de-nantes-le-terrain-d-insertion-temporaire-pour-roms-va-finalement-voir-le-jour-malgre-l-opposition-des-riverains-20250604\" target=\"_blank\" data-fig-type=\"NewsFlash\" rel=\"noopener\" data-gtm-custom-categorie=\"navigation\" data-gtm-custom-action=\"crossclick\" data-gtm-custom-label=\"Contextuel\" data-gtm-event=\"customEventSPE\" data-fig-domain=\"LEFIGARO\">Nantes<\/a>, les r\u00e9sidents de la copropri\u00e9t\u00e9 du square des\u00a0<a href=\"http:\/\/www.lefigaro.fr\/nantes\/nouveaux-coups-de-feu-a-nantes-un-homme-blesse-au-genou-probablement-victime-d-une-jambisation-20240917\" target=\"_blank\" data-fig-type=\"NewsFlash\" rel=\"noopener\" data-gtm-custom-categorie=\"navigation\" data-gtm-custom-action=\"crossclick\" data-gtm-custom-label=\"Contextuel\" data-gtm-event=\"customEventSPE\" data-fig-domain=\"LEFIGARO\">Rochelets<\/a>, dans le quartier prioritaire de\u00a0<a href=\"http:\/\/www.lefigaro.fr\/nantes\/a-nantes-la-peur-et-les-humiliations-des-habitants-du-quartier-bellevue-gangrene-par-la-violence-20240320\" target=\"_blank\" data-fig-type=\"NewsFlash\" rel=\"noopener\" data-gtm-custom-categorie=\"navigation\" data-gtm-custom-action=\"crossclick\" data-gtm-custom-label=\"Contextuel\" data-gtm-event=\"customEventSPE\" data-fig-domain=\"LEFIGARO\">Bellevue<\/a>, n\u2019en peuvent plus. Nuisances sonores et olfactives, insultes, excr\u00e9ments dans les ascenseurs&#8230; Depuis quatre ans, la cohabitation avec des\u00a0<a href=\"https:\/\/www.lefigaro.fr\/actualite-france\/main-d-oeuvre-debrouille-et-larcins-au-coeur-des-56-bidonvilles-du-pays-nantais-20230523\" target=\"_blank\" data-fig-type=\"Article\" rel=\"noopener\" data-gtm-custom-categorie=\"navigation\" data-gtm-custom-action=\"crossclick\" data-gtm-custom-label=\"Contextuel\" data-gtm-event=\"customEventSPE\" data-fig-domain=\"LEFIGARO\">familles Roms<\/a>\u00a0devient de plus en plus difficile, malgr\u00e9 les m\u00e9diations r\u00e9p\u00e9t\u00e9es.<\/p>\n<p class=\"fig-paragraph\">La situation a pris une telle ampleur que depuis lundi, une\u00a0<a href=\"http:\/\/www.lefigaro.fr\/nice\/narcotrafic-apres-plusieurs-fusillades-christian-estrosi-deploie-ses-agents-de-securite-privee-a-l-est-de-nice-20250128\" target=\"_blank\" data-fig-type=\"NewsFlash\" rel=\"noopener\" data-gtm-custom-categorie=\"navigation\" data-gtm-custom-action=\"crossclick\" data-gtm-custom-label=\"Contextuel\" data-gtm-event=\"customEventSPE\" data-fig-domain=\"LEFIGARO\">soci\u00e9t\u00e9 de gardiennage priv\u00e9e<\/a>\u00a0a \u00e9t\u00e9 embauch\u00e9e pour faire respecter le r\u00e8glement de 17\u00a0h \u00e0 minuit. Co\u00fbt de l\u2019initiative\u00a0: 12.000\u20ac pour deux semaines. \u00abElle fait le boulot de la police et du pr\u00e9fet, pay\u00e9e par la copropri\u00e9t\u00e9\u00bb, r\u00e9sume une habitante lass\u00e9e de la situation, esp\u00e9rant qu\u2019une subvention permette de couvrir ces frais. \u00abC\u2019est un enfer\u00bb, confie cette m\u00e8re de famille, qui va chercher sa fille \u00e0 l\u2019arr\u00eat de tram et ne la laisse plus sortir seule. Elle attend aussi avec impatience de pouvoir \u00e0 nouveau rentrer chez elle par les parties communes, et d\u2019arr\u00eater d\u2019emprunter le souterrain ou le local poubelle.<\/p>\n<p>                                    <a class=\"fig-a11y-skip a11y-hidden\" href=\"#fig-a11y-skip-main-inarticle\"><br \/>\n        Passer la publicit\u00e9<br \/>\n    <\/a><\/p>\n<p>Volont\u00e9 de d\u00e9m\u00e9nager<\/p>\n<p class=\"fig-paragraph\">\u00abDes membres du conseil syndical me disent qu\u2019ils veulent d\u00e9m\u00e9nager et vendre, m\u00eame \u00e0 perte\u00bb, confie la r\u00e9sidente, \u00e9voquant des troubles depuis que des familles Roms sont arriv\u00e9es et se sont impos\u00e9es en 2021. Comme le rapporte\u00a0<a href=\"https:\/\/www.francebleu.fr\/infos\/societe\/le-prefet-doit-agir-ces-habitants-d-une-copropriete-de-bellevue-a-nantes-veulent-le-depart-de-familles-roms-4209025\" target=\"_blank\" rel=\"noopener\" data-gtm-custom-categorie=\"navigation\" data-gtm-custom-action=\"crossclick\" data-gtm-custom-label=\"Contextuel\" data-gtm-event=\"customEventSPE\">France Bleu Loire Oc\u00e9an<\/a>, les habitants subissent un calvaire depuis quatre ans. \u00abC\u2019est une copropri\u00e9t\u00e9 class\u00e9e en plan de sauvegarde par l\u2019\u00c9tat car elle est en grande difficult\u00e9, sociale technique et financi\u00e8re. Il y a une paup\u00e9risation de la fa\u00e7on d\u2019occuper les logements\u00bb, explique Pauline Brosset Izquierdo, responsable du service copropri\u00e9t\u00e9 chez 4\u2019immo, en charge de celle des Rochelets. Il y a quelques ann\u00e9es, des propri\u00e9taires \u00abont voulu donner un coup de main \u00e0 des familles et leur donner leur chance. Pour certains, \u00e7a s\u2019est bien pass\u00e9, pour d\u2019autres, cela ne s\u2019est pas bien pass\u00e9\u00bb. \u00abLe sujet c\u2019est le manque de civisme\u00bb, ajoute-t-elle, ne souhaitant pas stigmatiser la communaut\u00e9.<\/p>\n<p class=\"fig-paragraph\">Sur 360 appartements, environ cinq posent probl\u00e8me, sans que rien ne bouge. Des tentatives de squats ont m\u00eame \u00e9t\u00e9 constat\u00e9es. \u00abOn n\u2019est pas abandonn\u00e9 par la force publique mais personne sait trop par quel bout prendre les choses\u00bb, reconna\u00eet Pauline, qui souligne n\u00e9anmoins l\u2019accompagnement \u00e9tatique et municipal. Dans le cadre du Grand Bellevue, 350 millions d\u2019euros ont \u00e9t\u00e9 engag\u00e9s pour la transformation du quartier. Pourtant, pour chaque logement probl\u00e9matique au sein des Rochelets, elle d\u00e9nombre \u00abune centaine de signalements par an\u00bb.<\/p>\n<p>\u00abImpuissants face au syst\u00e8me\u00bb<\/p>\n<p class=\"fig-paragraph\">Si le sujet revient au centre du d\u00e9bat, c\u2019est parce que trois proc\u00e9dures d\u2019expulsion sont en cours. Selon les habitants, les familles concern\u00e9es ne veulent pas en entendre parler. A contrario, les r\u00e9sidents placent tous leurs espoirs dans ces proc\u00e9dures. Un propri\u00e9taire de logements, souhaitant rester anonyme, a accueilli plusieurs familles. Si avec l\u2019une d\u2019entre elles, il n\u2019a pas rencontr\u00e9 de soucis particuliers, il a vite d\u00e9chant\u00e9 en accueillant successivement quatre familles \u00e0 probl\u00e8mes, dont deux sont encore l\u00e0. \u00abMoi, je pars du principe que tout le monde a droit \u00e0 sa chance. Cependant, \u00e0 force de me faire engueuler par les voisins, de r\u00e9pondre au syndic et de g\u00e9rer des locataires \u00e0 qui je dois rappeler des r\u00e8gles qu\u2019ils ne retiennent pas, j\u2019ai d\u00fb entamer deux proc\u00e9dures d\u2019expulsion.\u00bb Il a aussi subi des impay\u00e9s. \u00abC\u2019est inadmissible qu\u2019on puisse laisser des gens avec aussi de peu de bonne volont\u00e9 foutre le bordel, sans issue judiciaire\u00bb, s\u2019agace celui a d\u00fb attendre la fin du bail avant d\u2019aller au tribunal, sans que ses locataires ne daignent partir. Maintenant, il esp\u00e8re que le pr\u00e9fet va faire intervenir les forces de l\u2019ordre.<\/p>\n<p class=\"fig-paragraph\">Sollicit\u00e9e par Le Figaro, la pr\u00e9fecture de Loire-Atlantique indique n\u2019avoir \u00e9t\u00e9 pour l\u2019instant \u00e9t\u00e9 saisie que \u00abd\u2019un seul PV d\u2019huissier r\u00e9quisitionnant la force publique\u00bb. Pour celui-ci, sa r\u00e9ponse est la suivante\u00a0: \u00abConform\u00e9ment \u00e0 la proc\u00e9dure aff\u00e9rente aux expulsions locatives, une fois le PV de r\u00e9quisition de la force publique transmis \u00e0 la Pr\u00e9fecture, une enqu\u00eate est conduite sur le volet social ainsi que pour d\u00e9terminer les \u00e9ventuels troubles \u00e0 l\u2019ordre public associ\u00e9s \u00e0 une expulsion forc\u00e9e. Ce n\u2019est qu\u2019\u00e0 l\u2019issue et en fonction de ces retours que le Pr\u00e9fet peut accorder le concours de la force publique pour une expulsion \u00e0 partir du mois d\u2019ao\u00fbt.\u00bb<\/p>\n<p class=\"fig-paragraph\">\u00abTous les copropri\u00e9taires veulent les faire d\u00e9gager tellement on se sent impuissants face au syst\u00e8me, reprend le propri\u00e9taire, qui s\u2019interroge sur la mani\u00e8re dont la ville de Nantes va\u00a0g\u00e9rer le\u00a0<a href=\"http:\/\/www.lefigaro.fr\/nantes\/nantes-a-peine-entame-le-demantelement-d-un-des-plus-grands-bidonvilles-de-france-prend-du-retard-20241205\" target=\"_blank\" data-fig-type=\"NewsFlash\" rel=\"noopener\" data-gtm-custom-categorie=\"navigation\" data-gtm-custom-action=\"crossclick\" data-gtm-custom-label=\"Contextuel\" data-gtm-event=\"customEventSPE\" data-fig-domain=\"LEFIGARO\">d\u00e9mant\u00e8lement<\/a>\u00a0en cours de\u00a0<a href=\"http:\/\/www.lefigaro.fr\/nantes\/nantes-la-procedure-d-evacuation-de-l-un-des-plus-grands-bidonvilles-de-france-enclenchee-cet-ete-20240626\" target=\"_blank\" data-fig-type=\"NewsFlash\" rel=\"noopener\" data-gtm-custom-categorie=\"navigation\" data-gtm-custom-action=\"crossclick\" data-gtm-custom-label=\"Contextuel\" data-gtm-event=\"customEventSPE\" data-fig-domain=\"LEFIGARO\">l\u2019un des plus grands bidonvilles de France<\/a>. Ils ne vont pas pouvoir \u00eatre accueillis dans les parcs priv\u00e9s, et les gens comme moi ne vont plus le faire&#8230;\u00bb Aujourd\u2019hui, l\u2019exasp\u00e9ration est telle que certains font courir le bruit qu\u2019ils poss\u00e8dent des armes chez eux. Un habitant tr\u00e8s agac\u00e9 est mont\u00e9 lui-m\u00eame chez une famille envahissante, provoquant une altercation. Les r\u00e9sidents se sentent menac\u00e9s et \u00abl\u00e0 \u00e7a devient de plus en plus dangereux\u00bb conclut une m\u00e8re de famille qui conna\u00eet tr\u00e8s bien le contexte.<\/p>\n","protected":false},"excerpt":{"rendered":"Une minorit\u00e9 de familles perturbe le quotidien d\u2019une copropri\u00e9t\u00e9 du quartier Bellevue. Les r\u00e9sidents esp\u00e8rent que le pr\u00e9fet&hellip;\n","protected":false},"author":2,"featured_media":237580,"comment_status":"","ping_status":"","sticky":false,"template":"","format":"standard","meta":{"footnotes":""},"categories":[2818],"tags":[1111,11,32243,1777,674,1011,27,766,12,2636,25,21088],"class_list":{"0":"post-237579","1":"post","2":"type-post","3":"status-publish","4":"format-standard","5":"has-post-thumbnail","7":"category-nantes","8":"tag-actu","9":"tag-actualites","10":"tag-copropriete","11":"tag-eu","12":"tag-europe","13":"tag-fr","14":"tag-france","15":"tag-nantes","16":"tag-news","17":"tag-pays-de-la-loire","18":"tag-republique-francaise","19":"tag-roms"},"share_on_mastodon":{"url":"https:\/\/pubeurope.com\/@fr\/114823303572434810","error":""},"_links":{"self":[{"href":"https:\/\/www.europesays.com\/fr\/wp-json\/wp\/v2\/posts\/237579","targetHints":{"allow":["GET"]}}],"collection":[{"href":"https:\/\/www.europesays.com\/fr\/wp-json\/wp\/v2\/posts"}],"about":[{"href":"https:\/\/www.europesays.com\/fr\/wp-json\/wp\/v2\/types\/post"}],"author":[{"embeddable":true,"href":"https:\/\/www.europesays.com\/fr\/wp-json\/wp\/v2\/users\/2"}],"replies":[{"embeddable":true,"href":"https:\/\/www.europesays.com\/fr\/wp-json\/wp\/v2\/comments?post=237579"}],"version-history":[{"count":0,"href":"https:\/\/www.europesays.com\/fr\/wp-json\/wp\/v2\/posts\/237579\/revisions"}],"wp:featuredmedia":[{"embeddable":true,"href":"https:\/\/www.europesays.com\/fr\/wp-json\/wp\/v2\/media\/237580"}],"wp:attachment":[{"href":"https:\/\/www.europesays.com\/fr\/wp-json\/wp\/v2\/media?parent=237579"}],"wp:term":[{"taxonomy":"category","embeddable":true,"href":"https:\/\/www.europesays.com\/fr\/wp-json\/wp\/v2\/categories?post=237579"},{"taxonomy":"post_tag","embeddable":true,"href":"https:\/\/www.europesays.com\/fr\/wp-json\/wp\/v2\/tags?post=237579"}],"curies":[{"name":"wp","href":"https:\/\/api.w.org\/{rel}","templated":true}]}}