{"id":237598,"date":"2025-07-09T12:45:11","date_gmt":"2025-07-09T12:45:11","guid":{"rendered":"https:\/\/www.europesays.com\/fr\/237598\/"},"modified":"2025-07-09T12:45:11","modified_gmt":"2025-07-09T12:45:11","slug":"un-evenement-un-message-aussi-de-la-collectivite","status":"publish","type":"post","link":"https:\/\/www.europesays.com\/fr\/237598\/","title":{"rendered":"un \u00e9v\u00e8nement, un message aussi de la collectivit\u00e9"},"content":{"rendered":"<p>Lyon plut\u00f4t que Londres. Cette ann\u00e9e, Lyon a \u00e9t\u00e9 retenue par la f\u00e9d\u00e9ration europ\u00e9enne de sport gay et lesbien (EGLSF) pour accueillir les 22e jeux europ\u00e9ens d\u00e9di\u00e9s aux sportifs LGBT + et, au-del\u00e0, toute personne qui se sentirait discrimin\u00e9e dans le sport, pour son handicap ou son genre. \u201cLyon est fi\u00e8re\u201d, comme l\u2019affichent deux banderoles et des drapeaux arc-en-ciel accroch\u00e9s au fronton de l\u2019h\u00f4tel de ville, depuis le d\u00e9but juin, mois des fiert\u00e9s.<\/p>\n<p><strong>Label Fier Sport<\/strong><\/p>\n<p>\u201cD\u00e8s 2021, le maire Gr\u00e9gory Doucet nous a accord\u00e9 le soutien de la ville, rappelle C\u00e9dric Lemari\u00e9, pr\u00e9sident d\u2019EuroGames Lyon 2025,\u00a0 l\u2019association organisatrice avec la f\u00e9d\u00e9ration sportive LGBT et ex-pr\u00e9sident de Cargo, club multisport LGBT+ lyonnais, \u00e0 l\u2019initiative de la candidature. Face \u00e0 Londres, sa forte communaut\u00e9 &#8230;<\/p>\n<p class=\"blocCut__title\">\n\t\t\t\t\t\t\t\t\t[80% reste \u00e0 lire]\n\t\t\t\t\t\t\t<\/p>\n<p class=\"blocCut__title--type2\">Article r\u00e9serv\u00e9 aux abonn\u00e9s<\/p>\n<p class=\"blocCut__title--type3\">Club Acteurs du sport<\/p>\n<p class=\"blocCut__title--type2\">VOUS N&rsquo;\u00eaTES PAS ABONN\u00e9 ?<\/p>\n<p class=\"blocCut__title--type4\">Testez notre Offre D\u00e9couverte Club acteurs du sport pendant 15 jours<\/p>\n<p>\t\t\t\t\t\t\t\t<a href=\"https:\/\/www.abonnement.infopro-digital.com\/offre-decouverte-du-club-acteurs-du-sport\/inscription\/628\/3418#xtor=CS5-305-[site_paywall]-[https:\/\/www.lagazettedescommunes.com\/993618\/eurogames-a-lyon-un-evenement-un-message-aussi-de-la-collectivite\/]-[page_article]-[a]\" target=\"_blank\" class=\"btn__full buttonTypeA buttonTypeA--1\" rel=\"noopener\">J\u2019en profite<\/a><\/p>\n<p class=\"blocRef__title\">R\u00e9f\u00e9rences<\/p>\n<p>\u00a0<\/p>\n<p>(*) N\u00e9 de l\u2019h\u00e9ritage des Gay games \u00e0 Paris en 2018, l\u2019objectif du label Fier, mis en \u0153uvre par la fondation est de permettre plus d\u2019inclusion des personnes lesbiennes, gays, bisexuelles et trans (LGBT+) dans le sport, et d\u2019en faire des activit\u00e9s plus respectueuses de la diversit\u00e9.<\/p>\n","protected":false},"excerpt":{"rendered":"Lyon plut\u00f4t que Londres. Cette ann\u00e9e, Lyon a \u00e9t\u00e9 retenue par la f\u00e9d\u00e9ration europ\u00e9enne de sport gay et&hellip;\n","protected":false},"author":2,"featured_media":237599,"comment_status":"","ping_status":"","sticky":false,"template":"","format":"standard","meta":{"footnotes":""},"categories":[1889],"tags":[15618,1111,15620,47,11,15617,2430,15616,15621,1777,674,15622,1011,27,15624,2428,12,25,517,15619],"class_list":{"0":"post-237598","1":"post","2":"type-post","3":"status-publish","4":"format-standard","5":"has-post-thumbnail","7":"category-lyon","8":"tag-a-la-une-acteurs-du-sport","9":"tag-actu","10":"tag-actu-expert-acteurs-du-sport","11":"tag-actualite","12":"tag-actualites","13":"tag-actualites-acteurs-du-sport","14":"tag-auvergne-rhone-alpes","15":"tag-club-acteurs-du-sport","16":"tag-equipements-sportifs","17":"tag-eu","18":"tag-europe","19":"tag-federations-sportives","20":"tag-fr","21":"tag-france","22":"tag-froux","23":"tag-lyon","24":"tag-news","25":"tag-republique-francaise","26":"tag-sport","27":"tag-toute-lactu-acteurs-du-sport"},"share_on_mastodon":{"url":"https:\/\/pubeurope.com\/@fr\/114823346469759802","error":""},"_links":{"self":[{"href":"https:\/\/www.europesays.com\/fr\/wp-json\/wp\/v2\/posts\/237598","targetHints":{"allow":["GET"]}}],"collection":[{"href":"https:\/\/www.europesays.com\/fr\/wp-json\/wp\/v2\/posts"}],"about":[{"href":"https:\/\/www.europesays.com\/fr\/wp-json\/wp\/v2\/types\/post"}],"author":[{"embeddable":true,"href":"https:\/\/www.europesays.com\/fr\/wp-json\/wp\/v2\/users\/2"}],"replies":[{"embeddable":true,"href":"https:\/\/www.europesays.com\/fr\/wp-json\/wp\/v2\/comments?post=237598"}],"version-history":[{"count":0,"href":"https:\/\/www.europesays.com\/fr\/wp-json\/wp\/v2\/posts\/237598\/revisions"}],"wp:featuredmedia":[{"embeddable":true,"href":"https:\/\/www.europesays.com\/fr\/wp-json\/wp\/v2\/media\/237599"}],"wp:attachment":[{"href":"https:\/\/www.europesays.com\/fr\/wp-json\/wp\/v2\/media?parent=237598"}],"wp:term":[{"taxonomy":"category","embeddable":true,"href":"https:\/\/www.europesays.com\/fr\/wp-json\/wp\/v2\/categories?post=237598"},{"taxonomy":"post_tag","embeddable":true,"href":"https:\/\/www.europesays.com\/fr\/wp-json\/wp\/v2\/tags?post=237598"}],"curies":[{"name":"wp","href":"https:\/\/api.w.org\/{rel}","templated":true}]}}