{"id":237630,"date":"2025-07-09T13:03:10","date_gmt":"2025-07-09T13:03:10","guid":{"rendered":"https:\/\/www.europesays.com\/fr\/237630\/"},"modified":"2025-07-09T13:03:10","modified_gmt":"2025-07-09T13:03:10","slug":"les-bleues-sinclinent-face-au-japon-en-ligue-des-nations-lequipe","status":"publish","type":"post","link":"https:\/\/www.europesays.com\/fr\/237630\/","title":{"rendered":"Les Bleues s&#039;inclinent face au Japon en Ligue des nations &#8211; L&#039;\u00c9quipe"},"content":{"rendered":"<ol>\n<li><a href=\"https:\/\/news.google.com\/rss\/articles\/CBMisAFBVV95cUxQc3IzVUNpczN6ZWdBUzdmTlpRYS1sZ0JPOXR2dzdkbkJpWnBCcTRLdGFsMWJ2TzF0VnltVURoUTRxSThlOE9nWGlkUHdaLVMxZ0FwMHItTVpnVkhqdFlyam9sVjVJRHFHZ3NuSTIzTFk3MEtMbXJOMDFicm5YalM5QlpQLWhsTnkydjV6bnlxMGhWdVFnUlZpM05wZGlHeXB6S085MmdDYWQ1b0gzQXV4eQ?oc=5\" target=\"_blank\" rel=\"nofollow noopener\">Les Bleues s&rsquo;inclinent face au Japon en Ligue des nations<\/a>&nbsp;&nbsp;L&rsquo;\u00c9quipe<\/li>\n<li><a href=\"https:\/\/news.google.com\/rss\/articles\/CBMinAJBVV95cUxNYjJKVjg1ODVfSHh5VzYyOEZ6NHVhb0owWWJGdWNLdFdYOXpqOGpwVVMzUWJIWHlRTG4tSE84RXNyM3hkVW1QcTUwdDdIdjNGQzNTRjZOYnRzTDlCZFJ3WTgtTzl6NmxXRlU1ZFZVS2s5MmxYMThQa0ZxdDFKWUw3dWVPWUhnV2ZLbVBUdWlLSFJxQnRXa3BaRnRwLUUtbk1hNUpjbE9CcnhZU2tRazNoaTFjZk5sckdsb2p3clZEbGtKdTVpT2dnN0hydnExM2l5S1dUaTY4U1BlSW9QMFQwTllfUTc2V2tvYjlvYTdCSE10VjA5Q1VaeU9MMURtZFk4MlVGWlJpbVU2Z0xDUUtIWlNsZUU0c2VGb1N0LQ?oc=5\" target=\"_blank\" rel=\"nofollow noopener\">France &#8211; Japon. \u00c0 quelle heure et sur quelle cha\u00eene regarder la Ligue des Nations f\u00e9minine de Volley<\/a>&nbsp;&nbsp;Ouest-France<\/li>\n<li><a href=\"https:\/\/news.google.com\/rss\/articles\/CBMiywFBVV95cUxOUG53RmlpVnpXb0FQTDlXWk9Nd2lXcUxZWlR2c1NYRHhQZjJ5a3U1R29SS3o0R0hVRkk0UVpUamFUTklXOEhHTnZka3EydVJOSm9CX1l2X0F6N0ZCLWZNcHdoZlE0aGVZVlJNQ3ZHVDRNZ2dHbDBBbE51cVp5RWF1WTAxVVNCbHhqeEo5TW5hQTM3YnJhcEFuYlYxb2FaV0RQUjYwa2lxRUxRbmlJMk1oZFVKOGpZb2JMcTU3X1VOMFZRUjJFNnBXRVgzVQ?oc=5\" target=\"_blank\" rel=\"nofollow noopener\">Le replay de France &#8211; Japon (Set 3) &#8211; Volley (F) &#8211; Ligue des Nations<\/a>&nbsp;&nbsp;Orange Actualit\u00e9s | Sports<\/li>\n<li><a href=\"https:\/\/news.google.com\/rss\/articles\/CBMixgFBVV95cUxPT1FJRVc0aVBsMG9qMjJhT012QmlhV2gtM0ZTclVEYjAybFRXRzdaYV9HbGwxOG1hWS1nMm5qalYxQ2hDRDlWWjBDbU5USTI3Z3hXQThzNTNlMWNwekdQME9QeThRelFPQkNOa25NY0dVMFRNck9HUFNLUnVHcHAwT3g4cjh1X3RNR1dlWjhtZnVmMk9kVEltMU85bm9HM2hZVDRJaXNtdW1QbjhleW5ZNWpFRkxVeEIxN1E1TzlFRzE0OFBzU1E?oc=5\" target=\"_blank\" rel=\"nofollow noopener\">Volley : les Fran\u00e7aises s\u00e8chement battues par le Japon en Ligue des nations<\/a>&nbsp;&nbsp;Le Figaro<\/li>\n<li><a href=\"https:\/\/news.google.com\/rss\/articles\/CBMiswFBVV95cUxQcklTLV8xZkJxeXR4SXg5b0RCZzY0ZXlCWkxEeW9tYmtzcUtIX3ZZWGJyWi04eTBnVm1YN1JHUFIxUjVyWVl6a21TUkdOUXdvcHFDSnNlaEozdUhXUmNQRHlTOUFnYW9BYmJMWXhScTRtTXJHaDFsV2pHYzlJVk10N2dud3dfRFN5OGVfbmlTWHljS0c5b2tYc2wwek1UZ0RfSmRENlNrUXhjRlFPbnlJMF94NA?oc=5\" target=\"_blank\" rel=\"nofollow noopener\">Volley Ligue des Nations 2025 (F) : Les Bleues tombent logiquement contre les Japonaises<\/a>&nbsp;&nbsp;Dicodusport<\/li>\n<\/ol>\n","protected":false},"excerpt":{"rendered":"Les Bleues s&rsquo;inclinent face au Japon en Ligue des nations&nbsp;&nbsp;L&rsquo;\u00c9quipe France &#8211; Japon. \u00c0 quelle heure et sur&hellip;\n","protected":false},"author":2,"featured_media":237631,"comment_status":"","ping_status":"","sticky":false,"template":"","format":"standard","meta":{"footnotes":""},"categories":[1417],"tags":[1011,27,60,1470,1469],"class_list":{"0":"post-237630","1":"post","2":"type-post","3":"status-publish","4":"format-standard","5":"has-post-thumbnail","7":"category-volley","8":"tag-fr","9":"tag-france","10":"tag-sports","11":"tag-volley","12":"tag-volleyball"},"share_on_mastodon":{"url":"https:\/\/pubeurope.com\/@fr\/114823417262181730","error":""},"_links":{"self":[{"href":"https:\/\/www.europesays.com\/fr\/wp-json\/wp\/v2\/posts\/237630","targetHints":{"allow":["GET"]}}],"collection":[{"href":"https:\/\/www.europesays.com\/fr\/wp-json\/wp\/v2\/posts"}],"about":[{"href":"https:\/\/www.europesays.com\/fr\/wp-json\/wp\/v2\/types\/post"}],"author":[{"embeddable":true,"href":"https:\/\/www.europesays.com\/fr\/wp-json\/wp\/v2\/users\/2"}],"replies":[{"embeddable":true,"href":"https:\/\/www.europesays.com\/fr\/wp-json\/wp\/v2\/comments?post=237630"}],"version-history":[{"count":0,"href":"https:\/\/www.europesays.com\/fr\/wp-json\/wp\/v2\/posts\/237630\/revisions"}],"wp:featuredmedia":[{"embeddable":true,"href":"https:\/\/www.europesays.com\/fr\/wp-json\/wp\/v2\/media\/237631"}],"wp:attachment":[{"href":"https:\/\/www.europesays.com\/fr\/wp-json\/wp\/v2\/media?parent=237630"}],"wp:term":[{"taxonomy":"category","embeddable":true,"href":"https:\/\/www.europesays.com\/fr\/wp-json\/wp\/v2\/categories?post=237630"},{"taxonomy":"post_tag","embeddable":true,"href":"https:\/\/www.europesays.com\/fr\/wp-json\/wp\/v2\/tags?post=237630"}],"curies":[{"name":"wp","href":"https:\/\/api.w.org\/{rel}","templated":true}]}}