{"id":237660,"date":"2025-07-09T13:19:11","date_gmt":"2025-07-09T13:19:11","guid":{"rendered":"https:\/\/www.europesays.com\/fr\/237660\/"},"modified":"2025-07-09T13:19:11","modified_gmt":"2025-07-09T13:19:11","slug":"chapeau-delizabeth-ii-boucles-doreilles-de-lady-di-la-tenue-de-kate-middleton-fait-sensation-lors-de-laccueil-du-president-macron-a-windsor","status":"publish","type":"post","link":"https:\/\/www.europesays.com\/fr\/237660\/","title":{"rendered":"Chapeau d&rsquo;Elizabeth II, boucles d&rsquo;oreilles de Lady Di : la tenue de Kate Middleton fait sensation lors de l&rsquo;accueil du pr\u00e9sident Macron \u00e0 Windsor"},"content":{"rendered":"<p><a href=\"https:\/\/www.dhnet.be\/lifestyle\/people\/2025\/07\/02\/kate-middleton-revient-sur-son-combat-contre-le-cancer-et-la-complexite-de-lapres-traitement-une-experience-bouleversante-QRXAITCN7VFV5NIYET3HSEUCSI\/\" target=\"_blank\" rel=\"noopener noreferrer\" class=\"ap-StoryInterstitialLink ap-StoryElement ap-StoryElement--mb js-paywall-target\">Kate Middleton revient sur son combat contre le cancer et la complexit\u00e9 de l&rsquo;apr\u00e8s-traitement: \u00ab\u00a0Une exp\u00e9rience bouleversante\u00a0\u00bb<\/a><img loading=\"lazy\" decoding=\"async\" class=\"w-full lazyload lazyload--opacity object-contain\" style=\"aspect-ratio:150 \/ 100;opacity:1\" alt=\"Le prince William et Kate Middleton accueillent le pr\u00e9sident fran\u00e7ais Emmanuel Macron et son \u00e9pouse Brigitte sur le tarmac la RAF Northolt, \u00e0 Londres, le 8 juillet 2025.\" width=\"768\" height=\"512\" fetchpriority=\"auto\" src=\"https:\/\/www.europesays.com\/fr\/wp-content\/uploads\/2025\/04\/1743819792_235_S5VKD3X55FFF3BW6V4SEHXNP7I.png\"  data- data-optimumx=\"1\"\/>Le prince William et Kate Middleton accueillent le pr\u00e9sident fran\u00e7ais Emmanuel Macron et son \u00e9pouse Brigitte sur le tarmac la RAF Northolt, \u00e0 Londres, le 8 juillet 2025. \u00a9AFP or Licensors<\/p>\n<p class=\"ap-StoryElement ap-StoryElement--mb ap-StoryText\">C&rsquo;est \u00ab\u00a0un moment important pour nos nations\u00a0\u00bb et \u00ab\u00a0c&rsquo;est aussi un moment important pour notre Europe\u00a0\u00bb, a comment\u00e9 sur X le pr\u00e9sident fran\u00e7ais. L&rsquo;Europe et le Royaume-Uni doivent \u00ab\u00a0ouvrir de nouvelles voies de coop\u00e9ration\u00a0\u00bb face aux \u00ab\u00a0grands d\u00e9fis\u00a0\u00bb mondiaux, a-t-il ajout\u00e9.<\/p>\n<p class=\"ap-StoryElement ap-StoryElement--mb ap-StoryText\">La d\u00e9l\u00e9gation s&rsquo;est ensuite dirig\u00e9e vers Windsor o\u00f9 les attendaient le roi Charles III et la reine Camilla. Le souverain est apparu avec un \u0153il rouge, ce qui a suscit\u00e9 de vives inqui\u00e9tudes aupr\u00e8s des plus fins observateurs. Une rupture d&rsquo;un vaisseau sanguin a provoqu\u00e9 ce ph\u00e9nom\u00e8ne b\u00e9nin, a rassur\u00e9 le Palais de Buckingham, sans lieu avec le traitement m\u00e9dical qu&rsquo;il suit pour combattre le cancer.<\/p>\n<p><img loading=\"lazy\" decoding=\"async\" class=\"w-full lazyload lazyload--opacity object-contain\" style=\"aspect-ratio:142 \/ 100;opacity:1\" alt=\"France's President Emmanuel Macron (R) talks to Britain's King Charles III, who's eye is red, during a ceremonial welcome at Windsor Castle, in Windsor west of London, on July 8, 2025, on the first day of a three-day state visit to Britain. French President Emmanuel Macron began a three-day state visit to Britain on Tuesday, which will see him address parliament and try to rekindle a purportedly warm relationship with King Charles III. (Photo by Dylan Martinez \/ POOL \/ AFP)\" width=\"768\" height=\"543\" fetchpriority=\"auto\" src=\"https:\/\/www.europesays.com\/fr\/wp-content\/uploads\/2025\/04\/1743819792_235_S5VKD3X55FFF3BW6V4SEHXNP7I.png\"  data- data-optimumx=\"1\"\/>Depuis le Brexit, c&rsquo;est la premi\u00e8re visite d&rsquo;\u00c9tat d&rsquo;un dirigeant de l&rsquo;Union europ\u00e9enne.La France \u00e0 l&rsquo;honneur<\/p>\n<p class=\"ap-StoryElement ap-StoryElement--mb ap-StoryText\">La premi\u00e8re journ\u00e9e s&rsquo;est cl\u00f4tur\u00e9e par un d\u00eener de gala dans la chapelle St George&rsquo;s. Mick Jagger et Elton John figuraient parmi la liste des quelque 150 invit\u00e9s. Une fois de plus, Kate Middleton a attir\u00e9 tous les regards.<\/p>\n<p><a href=\"https:\/\/www.dhnet.be\/actu\/belgique\/2025\/07\/09\/programmes-individuels-et-deplacement-incognitos-la-famille-royale-va-profiter-des-vacances-au-soleil-CJDSKSQAFJFVNASPLATS2KFPP4\/\" target=\"_blank\" rel=\"noopener noreferrer\" class=\"ap-StoryInterstitialLink ap-StoryElement ap-StoryElement--mb\">Programmes \u00ab\u00a0individuels\u00a0\u00bb et d\u00e9placement incognitos : la famille royale va profiter des vacances au soleil<\/a><\/p>\n<p class=\"ap-StoryElement ap-StoryElement--mb ap-StoryText\">La princesse de Galles est apparue avec un diad\u00e8me aux n\u0153uds d&rsquo;amour, son favori. Sa robe rouge qui porte la griffe fran\u00e7aise de Givenchy r\u00e9pondait \u00e0 la tenue blanche de Camilla et \u00e0 la robe bleu roi de Brigitte Macron. Un subtil rappel du drapeau fran\u00e7ais et britannique, comme une preuve des liens qui unissent les deux pays.<\/p>\n<p class=\"ap-StoryElement ap-StoryElement--mb ap-StoryText\">L&rsquo;amiti\u00e9 entre le Royaume-Uni et la France \u00ab\u00a0est essentielle \u00e0 la pr\u00e9servation des libert\u00e9s et de la paix en Europe\u00a0\u00bb, a d\u00e9clar\u00e9 Emmanuel Macron lors de son discours avant le d\u00eener. Assis \u00e0 c\u00f4t\u00e9 de Kate Middleton, il a affich\u00e9 une belle complicit\u00e9, lui adressant m\u00eame un clin d&rsquo;\u0153il.<\/p>\n<p>\u00c9changes<\/p>\n<p class=\"ap-StoryElement ap-StoryElement--mb ap-StoryText\">Malgr\u00e9 la maladie, le souverain n&rsquo;a pas ralenti la cadence et a tenu r\u00e9pondre pr\u00e9sent pour renforcer les liens avec la France. \u00ab\u00a0Aujourd&rsquo;hui nos deux pays sont confront\u00e9s \u00e0 une multitude de menaces complexes, provenant de multiples directions. En tant qu&rsquo;amis et alli\u00e9s, nous les affrontons ensemble\u00a0\u00bb, a aussi affirm\u00e9 Charles III<\/p>\n<p><a href=\"https:\/\/www.dhnet.be\/lifestyle\/people\/2025\/06\/06\/alors-que-la-princesse-kate-se-bat-contre-un-cancer-le-prince-william-a-deja-planifie-ses-funerailles-V6B7GS5MP5CL3OTUZNVWS3S5Q4\/\" target=\"_blank\" rel=\"noopener noreferrer\" class=\"ap-StoryInterstitialLink ap-StoryElement ap-StoryElement--mb\">Le prince William a d\u00e9j\u00e0 organis\u00e9 les fun\u00e9railles de la princesse Kate, qui se bat contre un cancer<\/a><\/p>\n<p class=\"ap-StoryElement ap-StoryElement--mb ap-StoryText\">La diplomatie passe par les discussions, les tenues mais aussi par les gestes. L&rsquo;Hexagone va pr\u00eater la tapisserie de Bayeux au British Museum de septembre 2026 \u00e0 juin 2027 en \u00e9changes de pi\u00e8ces du tr\u00e9sor arch\u00e9ologique du navire-tombe Sutton Hoo.<\/p>\n","protected":false},"excerpt":{"rendered":"Kate Middleton revient sur son combat contre le cancer et la complexit\u00e9 de l&rsquo;apr\u00e8s-traitement: \u00ab\u00a0Une exp\u00e9rience bouleversante\u00a0\u00bbLe prince&hellip;\n","protected":false},"author":2,"featured_media":237661,"comment_status":"","ping_status":"","sticky":false,"template":"","format":"standard","meta":{"footnotes":""},"categories":[8],"tags":[58,20075,59,1011,27],"class_list":{"0":"post-237660","1":"post","2":"type-post","3":"status-publish","4":"format-standard","5":"has-post-thumbnail","7":"category-divertissement","8":"tag-divertissement","9":"tag-elizabeth-ii","10":"tag-entertainment","11":"tag-fr","12":"tag-france"},"share_on_mastodon":{"url":"https:\/\/pubeurope.com\/@fr\/114823480560050697","error":""},"_links":{"self":[{"href":"https:\/\/www.europesays.com\/fr\/wp-json\/wp\/v2\/posts\/237660","targetHints":{"allow":["GET"]}}],"collection":[{"href":"https:\/\/www.europesays.com\/fr\/wp-json\/wp\/v2\/posts"}],"about":[{"href":"https:\/\/www.europesays.com\/fr\/wp-json\/wp\/v2\/types\/post"}],"author":[{"embeddable":true,"href":"https:\/\/www.europesays.com\/fr\/wp-json\/wp\/v2\/users\/2"}],"replies":[{"embeddable":true,"href":"https:\/\/www.europesays.com\/fr\/wp-json\/wp\/v2\/comments?post=237660"}],"version-history":[{"count":0,"href":"https:\/\/www.europesays.com\/fr\/wp-json\/wp\/v2\/posts\/237660\/revisions"}],"wp:featuredmedia":[{"embeddable":true,"href":"https:\/\/www.europesays.com\/fr\/wp-json\/wp\/v2\/media\/237661"}],"wp:attachment":[{"href":"https:\/\/www.europesays.com\/fr\/wp-json\/wp\/v2\/media?parent=237660"}],"wp:term":[{"taxonomy":"category","embeddable":true,"href":"https:\/\/www.europesays.com\/fr\/wp-json\/wp\/v2\/categories?post=237660"},{"taxonomy":"post_tag","embeddable":true,"href":"https:\/\/www.europesays.com\/fr\/wp-json\/wp\/v2\/tags?post=237660"}],"curies":[{"name":"wp","href":"https:\/\/api.w.org\/{rel}","templated":true}]}}