{"id":237664,"date":"2025-07-09T13:21:10","date_gmt":"2025-07-09T13:21:10","guid":{"rendered":"https:\/\/www.europesays.com\/fr\/237664\/"},"modified":"2025-07-09T13:21:10","modified_gmt":"2025-07-09T13:21:10","slug":"lidl-condamne-en-appel-a-verser-43-millions-deuros-dindemnisations-a-intermarche-liberation","status":"publish","type":"post","link":"https:\/\/www.europesays.com\/fr\/237664\/","title":{"rendered":"Lidl condamn\u00e9 en appel \u00e0 verser 43\u00a0millions d\u2019euros d\u2019indemnisations \u00e0 Intermarch\u00e9 \u2013 Lib\u00e9ration"},"content":{"rendered":"<p class=\"sc-ksZaOG ehjQrN text-element\">Passage en caisse. La cha\u00eene de <a href=\"https:\/\/www.liberation.fr\/economie\/social\/a-lidl-une-nouvelle-greve-illimitee-pour-demander-des-conditions-de-travail-decentes-20250512_YRCLGWDZBFHPTFROEFEBN6VBSY\/?redirected=1\" target=\"_blank\" rel=\"noopener\" title=\"https:\/\/www.liberation.fr\/economie\/social\/a-lidl-une-nouvelle-greve-illimitee-pour-demander-des-conditions-de-travail-decentes-20250512_YRCLGWDZBFHPTFROEFEBN6VBSY\/?redirected=1\">supermarch\u00e9 Lidl<\/a> a \u00e9t\u00e9 condamn\u00e9e par la cour d\u2019appel de Paris \u00e0 verser 43 millions d\u2019euros d\u2019indemnisation \u00e0 son concurrent <a href=\"https:\/\/www.liberation.fr\/economie\/conso\/apres-avoir-rachete-casino-intermarche-sengage-a-reprendre-81-magasins-colruyt-en-france-20250617_DWDD2EMM3BCWNKZBGB4TIJT2SI\/\" target=\"_blank\" rel=\"noreferrer noopener\" title=\"https:\/\/www.liberation.fr\/economie\/conso\/apres-avoir-rachete-casino-intermarche-sengage-a-reprendre-81-magasins-colruyt-en-france-20250617_DWDD2EMM3BCWNKZBGB4TIJT2SI\/\">Intermarch\u00e9 <\/a>pour pratiques commerciales trompeuses, d\u2019apr\u00e8s un arr\u00eat consult\u00e9 ce mercredi 9 juillet par l\u2019AFP. Dans la foul\u00e9e, Lidl a annonc\u00e9 qu\u2019elle allait se pourvoir en Cassation.<\/p>\n<p class=\"sc-ksZaOG ehjQrN text-element\">Le distributeur allemand est d\u00e9clar\u00e9 \u00abresponsable de pratiques commerciales trompeuses\u00bb en raison de la diffusion, pendant plusieurs ann\u00e9es, <a href=\"https:\/\/www.liberation.fr\/medias\/1999\/09\/22\/publicite-les-deux-geants-de-la-grande-distribution-exploitent-le-meme-creneau-de-communication-carr_284154\/\" target=\"_blank\" rel=\"noopener\" title=\"https:\/\/www.liberation.fr\/medias\/1999\/09\/22\/publicite-les-deux-geants-de-la-grande-distribution-exploitent-le-meme-creneau-de-communication-carr_284154\/\">de spots publicitaires \u00e0 la t\u00e9l\u00e9vision<\/a> pr\u00e9sentant des promotions pour des produits \u00absans assurer leur disponibilit\u00e9 pendant une dur\u00e9e de 15 semaines dans l\u2019ensemble de ses magasins\u00bb, notifie la d\u00e9cision dat\u00e9e du 4 juillet. Cela revient \u00e0 \u00abdes agissements de<a href=\"https:\/\/www.liberation.fr\/economie\/conso\/carrefour-et-intermarche-soupconnes-de-pratiques-anticoncurrentielles-dans-la-distribution-de-produits-bio-20250402_JUBDDT66ZNE2THT6ADKEKTKIFM\/\" target=\"_blank\" rel=\"noopener\" title=\"https:\/\/www.liberation.fr\/economie\/conso\/carrefour-et-intermarche-soupconnes-de-pratiques-anticoncurrentielles-dans-la-distribution-de-produits-bio-20250402_JUBDDT66ZNE2THT6ADKEKTKIFM\/\"> concurrence d\u00e9loyale<\/a>\u00bb envers son concurrent Intermarch\u00e9 \u00abouvrant droit \u00e0 r\u00e9paration\u00bb.<\/p>\n<p class=\"sc-ksZaOG ehjQrN text-element\">Intermarch\u00e9 n\u2019a pas souhait\u00e9 faire de commentaire. La soci\u00e9t\u00e9 ITM (charg\u00e9e de la politique commerciale du Groupement des Mousquetaires qui comprend Intermarch\u00e9 et Netto) a assign\u00e9 le groupe allemand en justice en 2019 pour ses publicit\u00e9s diffus\u00e9es \u00e0 compter de 2017. Si la demande avait \u00e9t\u00e9 d\u00e9bout\u00e9e en premi\u00e8re instance, le 30 mai 2022, Intermarch\u00e9 a finalement eu gain de cause en appel.<\/p>\n<p class=\"sc-ksZaOG ehjQrN text-element\">Les spots publicitaires d\u00e9cri\u00e9s \u2013 374 entre 2017 et 2023 \u2013 \u00abfont la promotion de produits pr\u00e9sent\u00e9s \u00e0 un prix attractif, \u00e0 travers une utilisation du produit en situation et d\u2019un affichage en gros du prix\u00bb, d\u00e9crit la cour. Si \u00abune mention Supermarch\u00e9s concern\u00e9s sur Lidl.fr appara\u00eet \u00e0 la fin de chaque spot t\u00e9l\u00e9vis\u00e9\u00bb \u00e0 l\u2019\u00e9crit puis d\u00e8s 2021 en \u00abvoix off\u00bb, \u00abla Cour constate que cette mention ne figure pas dans les publicit\u00e9s de fa\u00e7on tr\u00e8s apparente, dans la mesure o\u00f9 elle n\u2019appara\u00eet sur l\u2019\u00e9cran que l\u2019espace de quelques secondes, en petits caract\u00e8res, et tout en bas, \u00e0 droite de l\u2019\u00e9cran\u00bb.<\/p>\n<p class=\"sc-ksZaOG ehjQrN text-element\">\u00abForce est ainsi d\u2019admettre qu\u2019elle est susceptible de passer inaper\u00e7ue aux yeux du consommateur ou \u00e0 tout le moins d\u2019\u00eatre mal comprise\u00bb, est-il expliqu\u00e9. De plus, \u00aben diffusant ces publicit\u00e9s, la soci\u00e9t\u00e9 Lidl avait \u00e9galement conscience qu\u2019elle ne garantissait pas la disponibilit\u00e9 des produits, pour une dur\u00e9e suffisante, dans l\u2019ensemble des magasins, ce qui suffit \u00e0 caract\u00e9riser l\u2019\u00e9l\u00e9ment intentionnel des infractions\u00bb.<\/p>\n<p class=\"sc-ksZaOG ehjQrN text-element\"><b>Mise \u00e0 jour <\/b>\u00e0 13 h 51 avec l\u2019annonce du pourvoi en Cassation.<\/p>\n","protected":false},"excerpt":{"rendered":"Passage en caisse. La cha\u00eene de supermarch\u00e9 Lidl a \u00e9t\u00e9 condamn\u00e9e par la cour d\u2019appel de Paris \u00e0&hellip;\n","protected":false},"author":2,"featured_media":237665,"comment_status":"","ping_status":"","sticky":false,"template":"","format":"standard","meta":{"footnotes":""},"categories":[6],"tags":[35,33,34,1011,27,18542,21438,37695,37696,23424,37697,37698,37699,1247],"class_list":{"0":"post-237664","1":"post","2":"type-post","3":"status-publish","4":"format-standard","5":"has-post-thumbnail","7":"category-economie","8":"tag-business","9":"tag-economie","10":"tag-economy","11":"tag-fr","12":"tag-france","13":"tag-lidl","14":"tag-logo","15":"tag-salary","16":"tag-shop","17":"tag-store","18":"tag-strike","19":"tag-sunday","20":"tag-supermarket","21":"tag-work"},"share_on_mastodon":{"url":"https:\/\/pubeurope.com\/@fr\/114823488198232603","error":""},"_links":{"self":[{"href":"https:\/\/www.europesays.com\/fr\/wp-json\/wp\/v2\/posts\/237664","targetHints":{"allow":["GET"]}}],"collection":[{"href":"https:\/\/www.europesays.com\/fr\/wp-json\/wp\/v2\/posts"}],"about":[{"href":"https:\/\/www.europesays.com\/fr\/wp-json\/wp\/v2\/types\/post"}],"author":[{"embeddable":true,"href":"https:\/\/www.europesays.com\/fr\/wp-json\/wp\/v2\/users\/2"}],"replies":[{"embeddable":true,"href":"https:\/\/www.europesays.com\/fr\/wp-json\/wp\/v2\/comments?post=237664"}],"version-history":[{"count":0,"href":"https:\/\/www.europesays.com\/fr\/wp-json\/wp\/v2\/posts\/237664\/revisions"}],"wp:featuredmedia":[{"embeddable":true,"href":"https:\/\/www.europesays.com\/fr\/wp-json\/wp\/v2\/media\/237665"}],"wp:attachment":[{"href":"https:\/\/www.europesays.com\/fr\/wp-json\/wp\/v2\/media?parent=237664"}],"wp:term":[{"taxonomy":"category","embeddable":true,"href":"https:\/\/www.europesays.com\/fr\/wp-json\/wp\/v2\/categories?post=237664"},{"taxonomy":"post_tag","embeddable":true,"href":"https:\/\/www.europesays.com\/fr\/wp-json\/wp\/v2\/tags?post=237664"}],"curies":[{"name":"wp","href":"https:\/\/api.w.org\/{rel}","templated":true}]}}