{"id":237670,"date":"2025-07-09T13:24:12","date_gmt":"2025-07-09T13:24:12","guid":{"rendered":"https:\/\/www.europesays.com\/fr\/237670\/"},"modified":"2025-07-09T13:24:12","modified_gmt":"2025-07-09T13:24:12","slug":"les-grosses-economies-proposees-par-les-senateurs-de-droite-liberation","status":"publish","type":"post","link":"https:\/\/www.europesays.com\/fr\/237670\/","title":{"rendered":"les grosses \u00e9conomies propos\u00e9es par les s\u00e9nateurs de droite \u2013 Lib\u00e9ration"},"content":{"rendered":"<p class=\"sc-ksZaOG ehjQrN text-element\">Ni \u00abcontre-budget\u00bb ni \u00abanti-budget\u00bb. C\u2019est une \u00abcontribution\u00bb issue des travaux des s\u00e9nateurs de la majorit\u00e9 de droite et du centre que sont all\u00e9s d\u00e9tailler \u00e0 Matignon, lundi 7 juillet dans l\u2019apr\u00e8s-midi, le pr\u00e9sident du S\u00e9nat, G\u00e9rard Larcher, le s\u00e9nateur LR et rapporteur du Budget, Jean-Fran\u00e7ois Husson, son homologue (Union centriste) \u00e0 la commission des Affaires sociales, Elisabeth Doineau, et le pr\u00e9sident LR de cette commission, Philippe Mouiller. Ils ont propos\u00e9 une baisse des d\u00e9penses \u00abentre 30 milliards, fourchette basse, et 50 milliards, fourchette haute, calcule Husson. Dont 10,5 milliards concernant la S\u00e9curit\u00e9 sociale.\u00bb Voil\u00e0 qui a d\u00fb plaire \u00e0 leurs interlocuteurs, le Premier ministre, Fran\u00e7ois Bayrou, et la <a href=\"https:\/\/www.liberation.fr\/economie\/social\/budget-2026-amelie-de-montchalin-promet-que-lavantage-fiscal-pour-la-garde-denfants-ne-sera-pas-modifie-20250610_47FKRBTYZ5BDXAXR2LDVMOMS2Q\/\" target=\"_blank\" rel=\"noopener\" title=\"https:\/\/www.liberation.fr\/economie\/social\/budget-2026-amelie-de-montchalin-promet-que-lavantage-fiscal-pour-la-garde-denfants-ne-sera-pas-modifie-20250610_47FKRBTYZ5BDXAXR2LDVMOMS2Q\/\">ministre d<\/a><\/p>\n","protected":false},"excerpt":{"rendered":"Ni \u00abcontre-budget\u00bb ni \u00abanti-budget\u00bb. C\u2019est une \u00abcontribution\u00bb issue des travaux des s\u00e9nateurs de la majorit\u00e9 de droite et&hellip;\n","protected":false},"author":2,"featured_media":237671,"comment_status":"","ping_status":"","sticky":false,"template":"","format":"standard","meta":{"footnotes":""},"categories":[2],"tags":[11,25548,1011,27,3228,12,1004],"class_list":{"0":"post-237670","1":"post","2":"type-post","3":"status-publish","4":"format-standard","5":"has-post-thumbnail","7":"category-actualites","8":"tag-actualites","9":"tag-budget-public","10":"tag-fr","11":"tag-france","12":"tag-lr","13":"tag-news","14":"tag-senat"},"share_on_mastodon":{"url":"https:\/\/pubeurope.com\/@fr\/114823500188206453","error":""},"_links":{"self":[{"href":"https:\/\/www.europesays.com\/fr\/wp-json\/wp\/v2\/posts\/237670","targetHints":{"allow":["GET"]}}],"collection":[{"href":"https:\/\/www.europesays.com\/fr\/wp-json\/wp\/v2\/posts"}],"about":[{"href":"https:\/\/www.europesays.com\/fr\/wp-json\/wp\/v2\/types\/post"}],"author":[{"embeddable":true,"href":"https:\/\/www.europesays.com\/fr\/wp-json\/wp\/v2\/users\/2"}],"replies":[{"embeddable":true,"href":"https:\/\/www.europesays.com\/fr\/wp-json\/wp\/v2\/comments?post=237670"}],"version-history":[{"count":0,"href":"https:\/\/www.europesays.com\/fr\/wp-json\/wp\/v2\/posts\/237670\/revisions"}],"wp:featuredmedia":[{"embeddable":true,"href":"https:\/\/www.europesays.com\/fr\/wp-json\/wp\/v2\/media\/237671"}],"wp:attachment":[{"href":"https:\/\/www.europesays.com\/fr\/wp-json\/wp\/v2\/media?parent=237670"}],"wp:term":[{"taxonomy":"category","embeddable":true,"href":"https:\/\/www.europesays.com\/fr\/wp-json\/wp\/v2\/categories?post=237670"},{"taxonomy":"post_tag","embeddable":true,"href":"https:\/\/www.europesays.com\/fr\/wp-json\/wp\/v2\/tags?post=237670"}],"curies":[{"name":"wp","href":"https:\/\/api.w.org\/{rel}","templated":true}]}}