{"id":237672,"date":"2025-07-09T13:25:12","date_gmt":"2025-07-09T13:25:12","guid":{"rendered":"https:\/\/www.europesays.com\/fr\/237672\/"},"modified":"2025-07-09T13:25:12","modified_gmt":"2025-07-09T13:25:12","slug":"loire-un-cas-de-dengue-autochtone-detecte-a-saint-chamond-une-nouvelle-demoustication-prevue","status":"publish","type":"post","link":"https:\/\/www.europesays.com\/fr\/237672\/","title":{"rendered":"Loire. Un cas de dengue autochtone d\u00e9tect\u00e9 \u00e0 Saint-Chamond : une nouvelle d\u00e9moustication pr\u00e9vue"},"content":{"rendered":"<p>L&rsquo;agence r\u00e9gionale de sant\u00e9 Auvergne-Rh\u00f4ne-Alpes indique avoir re\u00e7u le signalement d&rsquo;une forte suspicion de dengue autochtone, c&rsquo;est \u00e0 dire une infection contract\u00e9e par une personne n&rsquo;ayant pas quitt\u00e9 le territoire m\u00e9tropolitain. Ce cas a \u00e9t\u00e9 signal\u00e9 le vendredi 4 juillet 2025 dans la commune de Saint-Chamond. <\/p>\n<p>Selon l&rsquo;ARS, \u00ab il s&rsquo;agit du premier cas autochtone de dengue identifi\u00e9 cette ann\u00e9e en Auvergne-Rh\u00f4ne-Alpes et dans le d\u00e9partement de la Loire\u00a0\u00bb.<\/p>\n<p>Un premier cas de dengue \u00ab import\u00e9\u00a0\u00bb fin juin<\/p>\n<p>A la fin du mois de juin, un autre cas de dengue avait \u00e9t\u00e9 identifi\u00e9 dans la commune de Saint-Chamond, et plus pr\u00e9cis\u00e9ment dans le quartier Saint-Julien.<\/p>\n<p>Des op\u00e9rations de d\u00e9moustication avaient alors d\u00fb \u00eatre men\u00e9es dans la nuit du mardi 1er au mercredi 2 juillet afin d&rsquo;\u00e9liminer la pr\u00e9sence de moustiques tigres qui auraient pu propager le virus dans le voisinage. <\/p>\n<p>  Nouvelle d\u00e9moustication mercredi soir<\/p>\n<p>Une nouvelle op\u00e9ration de d\u00e9moustication doit \u00eatre r\u00e9alis\u00e9e dans la nuit du mercredi 9 au jeudi 10 juillet 2025 dans la commune de Saint-Chamond, et plus particuli\u00e8rement \u00ab\u00a0dans le secteur\u00a0fr\u00e9quent\u00e9 par la personne infect\u00e9e\u00a0\u00bb, pr\u00e9cise <a href=\"https:\/\/www.auvergne-rhone-alpes.ars.sante.fr\/forte-suspicion-de-cas-autochtone-de-dengue-saint-chamond-loire-point-de-situation\" target=\"_blank\" rel=\"nofollow noopener\">l&rsquo;ARS<\/a>. <\/p>\n<p>Les habitants du quartier concern\u00e9s seront inform\u00e9s du traitement par un mot laiss\u00e9 dans leurs bo\u00eetes aux lettres. \u00ab\u00a0Si vous n&rsquo;avez pas re\u00e7u d&rsquo;informations dans votre bo\u00eete aux lettres, c&rsquo;est que votre logement n&rsquo;est pas concern\u00e9 par ces op\u00e9rations\u00a0\u00bb, indique l&rsquo;ARS dans un communiqu\u00e9. <\/p>\n<p>Jeudi, toujours selon le communiqu\u00e9 de l&rsquo;agence r\u00e9gionale de sant\u00e9, \u00ab\u00a0des \u00e9quipes de l&rsquo;ARS et de Sant\u00e9 publique France r\u00e9aliseront du porte-\u00e0-porte aupr\u00e8s des logements dans le secteur pour identifier les habitants qui pr\u00e9senteraient ou auraient pr\u00e9sent\u00e9 des sympt\u00f4mes \u00e9vocateurs de la dengue\u00a0\u00bb.<\/p>\n","protected":false},"excerpt":{"rendered":"L&rsquo;agence r\u00e9gionale de sant\u00e9 Auvergne-Rh\u00f4ne-Alpes indique avoir re\u00e7u le signalement d&rsquo;une forte suspicion de dengue autochtone, c&rsquo;est \u00e0&hellip;\n","protected":false},"author":2,"featured_media":237673,"comment_status":"","ping_status":"","sticky":false,"template":"","format":"standard","meta":{"footnotes":""},"categories":[9653],"tags":[1111,11,2430,7539,1777,674,274,107,1011,27,3367,12,25,9669,9670,4001,71],"class_list":{"0":"post-237672","1":"post","2":"type-post","3":"status-publish","4":"format-standard","5":"has-post-thumbnail","7":"category-saint-etienne","8":"tag-actu","9":"tag-actualites","10":"tag-auvergne-rhone-alpes","11":"tag-edition-loire-sud","12":"tag-eu","13":"tag-europe","14":"tag-faits-divers-justice","15":"tag-fil-info","16":"tag-fr","17":"tag-france","18":"tag-loire","19":"tag-news","20":"tag-republique-francaise","21":"tag-saint-chamond","22":"tag-saint-chamond-ville","23":"tag-saint-etienne","24":"tag-sante"},"share_on_mastodon":{"url":"https:\/\/pubeurope.com\/@fr\/114823503730782169","error":""},"_links":{"self":[{"href":"https:\/\/www.europesays.com\/fr\/wp-json\/wp\/v2\/posts\/237672","targetHints":{"allow":["GET"]}}],"collection":[{"href":"https:\/\/www.europesays.com\/fr\/wp-json\/wp\/v2\/posts"}],"about":[{"href":"https:\/\/www.europesays.com\/fr\/wp-json\/wp\/v2\/types\/post"}],"author":[{"embeddable":true,"href":"https:\/\/www.europesays.com\/fr\/wp-json\/wp\/v2\/users\/2"}],"replies":[{"embeddable":true,"href":"https:\/\/www.europesays.com\/fr\/wp-json\/wp\/v2\/comments?post=237672"}],"version-history":[{"count":0,"href":"https:\/\/www.europesays.com\/fr\/wp-json\/wp\/v2\/posts\/237672\/revisions"}],"wp:featuredmedia":[{"embeddable":true,"href":"https:\/\/www.europesays.com\/fr\/wp-json\/wp\/v2\/media\/237673"}],"wp:attachment":[{"href":"https:\/\/www.europesays.com\/fr\/wp-json\/wp\/v2\/media?parent=237672"}],"wp:term":[{"taxonomy":"category","embeddable":true,"href":"https:\/\/www.europesays.com\/fr\/wp-json\/wp\/v2\/categories?post=237672"},{"taxonomy":"post_tag","embeddable":true,"href":"https:\/\/www.europesays.com\/fr\/wp-json\/wp\/v2\/tags?post=237672"}],"curies":[{"name":"wp","href":"https:\/\/api.w.org\/{rel}","templated":true}]}}