{"id":237676,"date":"2025-07-09T13:27:10","date_gmt":"2025-07-09T13:27:10","guid":{"rendered":"https:\/\/www.europesays.com\/fr\/237676\/"},"modified":"2025-07-09T13:27:10","modified_gmt":"2025-07-09T13:27:10","slug":"lay-saint-christophe-larboretum-un-spectacle-au-verger-communal","status":"publish","type":"post","link":"https:\/\/www.europesays.com\/fr\/237676\/","title":{"rendered":"Lay-Saint-Christophe. L\u2019arboretum, un spectacle au verger communal"},"content":{"rendered":"<p>Pour f\u00eater ses 30 ans, le bassin de Pompey propose des rendez-vous culturels dans les arbres de la communaut\u00e9 de communes. Les arbres, fid\u00e8les amis, nous donnent tout\u00a0: nourriture, chaleur pour nos corps et nos c\u0153urs, rem\u00e8des, ombre protectrice.<\/p>\n<p>Ils seront c\u00e9l\u00e9br\u00e9s le <strong>samedi 12\u00a0juillet<\/strong> , \u00e0 15\u00a0h\u00a030 et 20\u00a0h, au verger communal de Lay-Saint-Christophe par la compagnie des arbres qui offrira gratuitement un spectacle d\u00e9cal\u00e9 et po\u00e9tique \u00e0 ne pas manquer.<\/p>\n","protected":false},"excerpt":{"rendered":"Pour f\u00eater ses 30 ans, le bassin de Pompey propose des rendez-vous culturels dans les arbres de la&hellip;\n","protected":false},"author":2,"featured_media":237677,"comment_status":"","ping_status":"","sticky":false,"template":"","format":"standard","meta":{"footnotes":""},"categories":[9635],"tags":[1111,11,13561,1687,1704,1777,674,1011,27,775,27128,1702,12,25,3140],"class_list":{"0":"post-237676","1":"post","2":"type-post","3":"status-publish","4":"format-standard","5":"has-post-thumbnail","7":"category-nancy","8":"tag-actu","9":"tag-actualites","10":"tag-cc-du-bassin-de-pompey-54b2","11":"tag-culture-loisirs","12":"tag-edition-nancy-et-agglomeration","13":"tag-eu","14":"tag-europe","15":"tag-fr","16":"tag-france","17":"tag-grand-est","18":"tag-lay-saint-christophe","19":"tag-nancy","20":"tag-news","21":"tag-republique-francaise","22":"tag-spectacle"},"share_on_mastodon":{"url":"https:\/\/pubeurope.com\/@fr\/114823511702037860","error":""},"_links":{"self":[{"href":"https:\/\/www.europesays.com\/fr\/wp-json\/wp\/v2\/posts\/237676","targetHints":{"allow":["GET"]}}],"collection":[{"href":"https:\/\/www.europesays.com\/fr\/wp-json\/wp\/v2\/posts"}],"about":[{"href":"https:\/\/www.europesays.com\/fr\/wp-json\/wp\/v2\/types\/post"}],"author":[{"embeddable":true,"href":"https:\/\/www.europesays.com\/fr\/wp-json\/wp\/v2\/users\/2"}],"replies":[{"embeddable":true,"href":"https:\/\/www.europesays.com\/fr\/wp-json\/wp\/v2\/comments?post=237676"}],"version-history":[{"count":0,"href":"https:\/\/www.europesays.com\/fr\/wp-json\/wp\/v2\/posts\/237676\/revisions"}],"wp:featuredmedia":[{"embeddable":true,"href":"https:\/\/www.europesays.com\/fr\/wp-json\/wp\/v2\/media\/237677"}],"wp:attachment":[{"href":"https:\/\/www.europesays.com\/fr\/wp-json\/wp\/v2\/media?parent=237676"}],"wp:term":[{"taxonomy":"category","embeddable":true,"href":"https:\/\/www.europesays.com\/fr\/wp-json\/wp\/v2\/categories?post=237676"},{"taxonomy":"post_tag","embeddable":true,"href":"https:\/\/www.europesays.com\/fr\/wp-json\/wp\/v2\/tags?post=237676"}],"curies":[{"name":"wp","href":"https:\/\/api.w.org\/{rel}","templated":true}]}}