{"id":237716,"date":"2025-07-09T13:48:10","date_gmt":"2025-07-09T13:48:10","guid":{"rendered":"https:\/\/www.europesays.com\/fr\/237716\/"},"modified":"2025-07-09T13:48:10","modified_gmt":"2025-07-09T13:48:10","slug":"nos-enfants-ne-peuvent-plus-y-jouer","status":"publish","type":"post","link":"https:\/\/www.europesays.com\/fr\/237716\/","title":{"rendered":"Nos enfants ne peuvent plus y jouer"},"content":{"rendered":"<p>            Par<br \/>\n        <strong><br \/>\n            <a href=\"https:\/\/actu.fr\/auteur\/david-saint-sernin\" title=\"Consulter tous les articles de David Saint-Sernin\" rel=\"nofollow noopener\" target=\"_blank\">David Saint-Sernin<\/a><br \/>\n        <\/strong><\/p>\n<p>        Publi\u00e9 le<\/p>\n<p>            9 juil. 2025 \u00e0 15h20        <\/p>\n<p>Il y a quelques jours, ce terrain de football \u00e9tait utilis\u00e9 pour un de football \u00e0 sept solidaire organis\u00e9 par l\u2019association de Montrab\u00e9 \u00ab\u2009Les Pieds Gauches\u2009\u00bb au b\u00e9n\u00e9fice de l\u2019association Un Maillot pour la Vie. Ce mercredi 9\u00a0juillet 2025, changement de d\u00e9cors au stade Basti\u00e9 de <a href=\"https:\/\/actu.fr\/occitanie\/montrabe_31389\" rel=\"nofollow noopener\" target=\"_blank\">Montrab\u00e9 (Haute-Garonne)<\/a>, pr\u00e8s de Toulouse. <strong>Plusieurs dizaines de caravanes<\/strong> stationnent sur la pelouse. Une communaut\u00e9 de<a href=\"https:\/\/actu.fr\/occitanie\/pibrac_31417\/les-gens-du-voyage-s-installent-de-facon-illegale-80-caravanes-a-l-entree-d-une-commune-pres-de-toulouse_62785196.html\" rel=\"nofollow noopener\" target=\"_blank\"> gens du voyage<\/a> s\u2019est install\u00e9e lundi.<\/p>\n<p>Les gens du voyage install\u00e9s depuis lundi<\/p>\n<p class=\" wall-content\">La mairie de Montrab\u00e9 confirme\u2009:<\/p>\n<p class=\" wall-content\">\u00ab\u2009Lundi 7\u00a0juillet, aux alentours de 18h30, plusieurs caravanes appartenant \u00e0 des citoyens fran\u00e7ais itin\u00e9rants ont p\u00e9n\u00e9tr\u00e9 sur le terrain de sport de Basti\u00e9 sans autorisation. Face \u00e0 cette situation, M. le Maire a rapidement contact\u00e9 les services de la Gendarmerie ainsi que ceux de la pr\u00e9fecture pour signaler l\u2019incident. Un m\u00e9diateur sera d\u00e9p\u00each\u00e9 par la pr\u00e9fecture dans le but d\u2019\u00e9valuer la situation actuelle et de rechercher un nouvel emplacement qui conviendrait mieux aux occupants\u2009\u00bb.<\/p>\n<p>La mairie \u00ab\u2009n\u2019accepte pas cette occupation ill\u00e9gale\u2009\u00bb<\/p>\n<p class=\" wall-content\">Le maire <strong>Jacques S\u00e9bi\u00a0<\/strong>indique \u00ab\u2009ne pas accepter cette occupation ill\u00e9gale et s\u2019engage \u00e0 prendre toutes les mesures n\u00e9cessaires pour que le terrain de sport soit lib\u00e9r\u00e9 dans les plus brefs d\u00e9lais\u2009\u00bb.<\/p>\n<p class=\" wall-content\">Les caravanes se trouvent sur l\u2019un des terrains, dans une zone r\u00e9sidentielle o\u00f9 l\u2019on trouve \u00e9galement La Banque Postale et une salle communale.<\/p>\n<p>Certains habitants exasp\u00e9r\u00e9s<\/p>\n<p class=\" wall-content\">Sur les r\u00e9seaux sociaux, certains habitants expriment d\u00e9j\u00e0 leur exasp\u00e9ration\u2009:<\/p>\n<p>Vid\u00e9os : en ce moment sur Actu<\/p>\n<p class=\" wall-content\">\u00ab\u2009Ils imposent leur pr\u00e9sence au d\u00e9triment des enfants qui ne peuvent plus y jouer\u2009! Non \u00e0 l\u2019occupation forc\u00e9e de toutes ces caravanes non autoris\u00e9es\u2009\u00bb, s\u2019insurge Martine sur Facebook.<\/p>\n<p class=\" wall-content\">\u00ab\u2009Des aires de grand passage sont mises \u00e0 leur disposition par<strong> Toulouse M\u00e9tropole<\/strong> avec les services associ\u00e9s d\u2019eau et \u00e9lectricit\u00e9, mais ils pr\u00e9f\u00e8rent squatter sans confort ou avec des branchements ill\u00e9gaux\u2009\u00bb, assure Jacques sur le m\u00eame r\u00e9seau social.<\/p>\n<p>    <a href=\"https:\/\/www.google.com\/maps\/embed?pb=!1m18!1m12!1m3!1d1210.8056738306404!2d1.5293042464792834!3d43.646024517746014!2m3!1f0!2f0!3f0!3m2!1i1024!2i768!4f13.1!3m3!1m2!1s0x12ae990025a25ebb%3A0x54155ee33c5af98e!2sStade%20Basti%C3%A9!5e1!3m2!1sfr!2sfr!4v1752064066492!5m2!1sfr!2sfr\" title=\"Ouvrie le lien\" rel=\"nofollow noopener\" target=\"_blank\">Cliquez ici pour visualiser le contenu<\/a><\/p>\n<p class=\" wall-content\">Suivez toute l\u2019actualit\u00e9 de vos villes et m\u00e9dias favoris en vous inscrivant \u00e0 <a href=\"https:\/\/moncompte.actu.fr\" title=\"D\u00e9couvez Mon Actu\" rel=\"nofollow noopener\" data-trk=\"{&quot;cta&quot;:{&quot;action&quot;:&quot;https:\\\/\\\/moncompte.actu.fr&quot;,&quot;category&quot;:&quot;mon compte&quot;,&quot;from&quot;:&quot;article footer&quot;,&quot;name&quot;:&quot;Mon actu&quot;,&quot;type&quot;:&quot;cta&quot;}}\" target=\"_blank\">Mon Actu<\/a>.<\/p>\n","protected":false},"excerpt":{"rendered":"Par David Saint-Sernin Publi\u00e9 le 9 juil. 2025 \u00e0 15h20 Il y a quelques jours, ce terrain de&hellip;\n","protected":false},"author":2,"featured_media":237717,"comment_status":"","ping_status":"","sticky":false,"template":"","format":"standard","meta":{"footnotes":""},"categories":[2816],"tags":[1111,11,1777,674,1011,27,3381,12,2680,1072,25,104,2312],"class_list":{"0":"post-237716","1":"post","2":"type-post","3":"status-publish","4":"format-standard","5":"has-post-thumbnail","7":"category-toulouse","8":"tag-actu","9":"tag-actualites","10":"tag-eu","11":"tag-europe","12":"tag-fr","13":"tag-france","14":"tag-gendarmerie","15":"tag-news","16":"tag-occitanie","17":"tag-police","18":"tag-republique-francaise","19":"tag-societe","20":"tag-toulouse"},"share_on_mastodon":{"url":"https:\/\/pubeurope.com\/@fr\/114823594617181173","error":""},"_links":{"self":[{"href":"https:\/\/www.europesays.com\/fr\/wp-json\/wp\/v2\/posts\/237716","targetHints":{"allow":["GET"]}}],"collection":[{"href":"https:\/\/www.europesays.com\/fr\/wp-json\/wp\/v2\/posts"}],"about":[{"href":"https:\/\/www.europesays.com\/fr\/wp-json\/wp\/v2\/types\/post"}],"author":[{"embeddable":true,"href":"https:\/\/www.europesays.com\/fr\/wp-json\/wp\/v2\/users\/2"}],"replies":[{"embeddable":true,"href":"https:\/\/www.europesays.com\/fr\/wp-json\/wp\/v2\/comments?post=237716"}],"version-history":[{"count":0,"href":"https:\/\/www.europesays.com\/fr\/wp-json\/wp\/v2\/posts\/237716\/revisions"}],"wp:featuredmedia":[{"embeddable":true,"href":"https:\/\/www.europesays.com\/fr\/wp-json\/wp\/v2\/media\/237717"}],"wp:attachment":[{"href":"https:\/\/www.europesays.com\/fr\/wp-json\/wp\/v2\/media?parent=237716"}],"wp:term":[{"taxonomy":"category","embeddable":true,"href":"https:\/\/www.europesays.com\/fr\/wp-json\/wp\/v2\/categories?post=237716"},{"taxonomy":"post_tag","embeddable":true,"href":"https:\/\/www.europesays.com\/fr\/wp-json\/wp\/v2\/tags?post=237716"}],"curies":[{"name":"wp","href":"https:\/\/api.w.org\/{rel}","templated":true}]}}