{"id":237718,"date":"2025-07-09T13:49:25","date_gmt":"2025-07-09T13:49:25","guid":{"rendered":"https:\/\/www.europesays.com\/fr\/237718\/"},"modified":"2025-07-09T13:49:25","modified_gmt":"2025-07-09T13:49:25","slug":"bohain-mob-ion-va-produire-147-scooters-pour-le-cfa-jean-bosco","status":"publish","type":"post","link":"https:\/\/www.europesays.com\/fr\/237718\/","title":{"rendered":"Bohain : Mob-ion va produire 147 scooters pour le CFA Jean Bosco"},"content":{"rendered":"<p>Mob-ion a sign\u00e9 un partenariat avec le CFA Jean Bosco, dont son antenne \u00e0 Bohain. 147 scooters vont \u00eatre livr\u00e9s pour faciliter les trajets des \u00e9tudiants.<\/p>\n<p><a href=\"https:\/\/www.la-thierache.fr\/boutique-nos-offres\/\" target=\"_blank\" rel=\"noreferrer noopener\">Retrouvez votre journal La Thi\u00e9rache en version num\u00e9rique ici.<\/a><\/p>\n<p>Alors qu\u2019on pensait la soci\u00e9t\u00e9 <a href=\"https:\/\/www.mob-ion.fr\/\" target=\"_blank\" rel=\"noreferrer noopener\">Mob-ion<\/a>, constructeur de scooters \u00e9lectriques qui se veulent les plus durables possibles, en liquidation judiciaire, il s\u2019av\u00e8re que la soci\u00e9t\u00e9 s\u2019est sauv\u00e9e. Mieux encore, elle a sign\u00e9 un partenariat local, avec le <strong>CFA Jean Bosco<\/strong>, pour \u00e9quiper 13 sites ruraux et les doter de 147 scooters \u00e9lectriques.<\/p>\n<p>Un programme ambitieux qui se veut destin\u00e9 aux apprentis vivant dans des zones rurales isol\u00e9es. <strong>Bohain-en-Vermandois, Fontaine-les-Vervins<\/strong>, mais aussi Soissons, Loos-lez-Lille, Doullens, Ch\u00e2teau-Thierry, Guines, Somain, Jeumont, P\u00e9ronne, Denain ou encore Fruges.<\/p>\n<p>R\u00e9duire les in\u00e9galit\u00e9s<\/p>\n<p>Ce projet du centre de formation d\u2019apprentis Jean Bosco s\u2019inscrit dans une volont\u00e9 de r\u00e9duire les in\u00e9galit\u00e9s d\u2019acc\u00e8s \u00e0 l\u2019alternance en zone rurale. Le manque de mobilit\u00e9 est un frein majeur \u00e0 la signature de contrats et \u00e0 l\u2019acc\u00e8s r\u00e9gulier \u00e0 la formation. Ainsi, ces scooters \u00e9lectriques seront propos\u00e9s aux apprentis sans solution de mobilit\u00e9, leur permettant de rejoindre leur centre de formation ou leur entreprise.<\/p>\n<p>La <strong>R\u00e9gion Hauts-de-France<\/strong> a financ\u00e9 \u00e0 50 % l\u2019op\u00e9ration. L\u2019investissement repr\u00e9sente <strong>plus de 200 000 \u20ac<\/strong>. Un premier scooter a \u00e9t\u00e9 r\u00e9ceptionn\u00e9 ce mercredi 18 juin \u00e0 l\u2019UFA de Bohain-en-Vermandois. 13 au total ont \u00e9t\u00e9 fabriqu\u00e9s et livr\u00e9s, 73 le seront pour la fin du mois, et le reste d\u2019ici \u00e0 la fin septembre. \u201c\u00c7a va r\u00e9pondre \u00e0 des pr\u00e9occupations environnementales, des pr\u00e9occupations soci\u00e9tales, et \u00e0 la pr\u00e9occupation du transport\u201c, dira\u2026<\/p>\n<p><strong>Retrouvez la suite de l\u2019article dans La Thi\u00e9rache du 3 juillet 2025.<\/strong><\/p>\n<p>\u00c0 lire aussi :<\/p>\n<p><a href=\"https:\/\/www.la-thierache.fr\/vaux-andigny-accident-moto\/\" target=\"_blank\" rel=\"noreferrer noopener\">Vaux-Andigny : Un homme de 18 ans d\u00e9c\u00e8de dans une sortie de route avec sa moto<\/a><br \/><a href=\"https:\/\/www.la-thierache.fr\/aisne-vervins-biologique-cindy\/\" target=\"_blank\" rel=\"noreferrer noopener\">Les r\u00e9sultats biologiques concernant la mort de Cindy , \u00e0 Vervins, sont tomb\u00e9s<\/a><br \/><a href=\"https:\/\/www.la-thierache.fr\/septuagenaire-flammes-voisins\/\" target=\"_blank\" rel=\"noreferrer noopener\">Une septuag\u00e9naire sauv\u00e9e des flammes par son voisin \u00e0 Buironfosse<\/a><\/p>\n","protected":false},"excerpt":{"rendered":"Mob-ion a sign\u00e9 un partenariat avec le CFA Jean Bosco, dont son antenne \u00e0 Bohain. 147 scooters vont&hellip;\n","protected":false},"author":2,"featured_media":237719,"comment_status":"","ping_status":"","sticky":false,"template":"","format":"standard","meta":{"footnotes":""},"categories":[2815],"tags":[1111,11,26788,37706,257,1777,674,1011,27,811,4075,1307,12,25,7423],"class_list":{"0":"post-237718","1":"post","2":"type-post","3":"status-publish","4":"format-standard","5":"has-post-thumbnail","7":"category-lille","8":"tag-actu","9":"tag-actualites","10":"tag-aisne","11":"tag-bohain","12":"tag-entreprise","13":"tag-eu","14":"tag-europe","15":"tag-fr","16":"tag-france","17":"tag-hauts-de-france","18":"tag-jeunesse","19":"tag-lille","20":"tag-news","21":"tag-republique-francaise","22":"tag-scolaire"},"share_on_mastodon":{"url":"https:\/\/pubeurope.com\/@fr\/114823598702541136","error":""},"_links":{"self":[{"href":"https:\/\/www.europesays.com\/fr\/wp-json\/wp\/v2\/posts\/237718","targetHints":{"allow":["GET"]}}],"collection":[{"href":"https:\/\/www.europesays.com\/fr\/wp-json\/wp\/v2\/posts"}],"about":[{"href":"https:\/\/www.europesays.com\/fr\/wp-json\/wp\/v2\/types\/post"}],"author":[{"embeddable":true,"href":"https:\/\/www.europesays.com\/fr\/wp-json\/wp\/v2\/users\/2"}],"replies":[{"embeddable":true,"href":"https:\/\/www.europesays.com\/fr\/wp-json\/wp\/v2\/comments?post=237718"}],"version-history":[{"count":0,"href":"https:\/\/www.europesays.com\/fr\/wp-json\/wp\/v2\/posts\/237718\/revisions"}],"wp:featuredmedia":[{"embeddable":true,"href":"https:\/\/www.europesays.com\/fr\/wp-json\/wp\/v2\/media\/237719"}],"wp:attachment":[{"href":"https:\/\/www.europesays.com\/fr\/wp-json\/wp\/v2\/media?parent=237718"}],"wp:term":[{"taxonomy":"category","embeddable":true,"href":"https:\/\/www.europesays.com\/fr\/wp-json\/wp\/v2\/categories?post=237718"},{"taxonomy":"post_tag","embeddable":true,"href":"https:\/\/www.europesays.com\/fr\/wp-json\/wp\/v2\/tags?post=237718"}],"curies":[{"name":"wp","href":"https:\/\/api.w.org\/{rel}","templated":true}]}}