{"id":237722,"date":"2025-07-09T13:51:10","date_gmt":"2025-07-09T13:51:10","guid":{"rendered":"https:\/\/www.europesays.com\/fr\/237722\/"},"modified":"2025-07-09T13:51:10","modified_gmt":"2025-07-09T13:51:10","slug":"incendies-aux-portes-de-marseille-quelles-sont-les-choses-a-prendre-en-cas-devacuation-le-ministere-devoile-la-liste-du-kit-durgence-a-avoir-chez-soi","status":"publish","type":"post","link":"https:\/\/www.europesays.com\/fr\/237722\/","title":{"rendered":"Incendies aux portes de Marseille: quelles sont les choses \u00e0 prendre en cas d&rsquo;\u00e9vacuation? Le minist\u00e8re d\u00e9voile la liste du kit d&rsquo;urgence \u00e0 avoir chez soi"},"content":{"rendered":"<p>Le<a href=\"https:\/\/www.nicematin.com\/faits-divers\/le-feu-pres-de-marseille-en-nette-regression-depart-de-flammes-dans-le-gard-des-habitants-evacues-mardi-a-toulon-suivez-notre-direct-sur-les-incendies-dans-le-sud-de-la-france-993577\" rel=\"nofollow noopener\" target=\"_blank\">s incendies qui se sont d\u00e9clar\u00e9s ce mardi 8 juillet aux Pennes-Mirabeau<\/a> et qui se sont \u00e9tendus jusqu&rsquo;aux portes de Marseille ont provoqu\u00e9 la panique. Entre confinement pour faciliter l&rsquo;intervention des secours, les transports en commun suspendus et l<a href=\"https:\/\/www.nicematin.com\/environnement\/incendie-en-cours-a-marseille-l-aeroport-de-marignane-ferme-depuis-ce-mardi-midi-plusieurs-vols-deroutes-sur-nice-993458\" rel=\"nofollow noopener\" target=\"_blank\">&lsquo;a\u00e9roport de Marignane ferm\u00e9<\/a>&#8230; La situation \u00e9tait pr\u00e9occupante.\u00a0<\/p>\n<p>Face \u00e0 l&rsquo;\u00e9volution rapide des flammes, les pompiers ont \u00e9t\u00e9 contraints de proc\u00e9der \u00e0 plusieurs \u00e9vacuations. Mais une question est importante: \u00e0 quoi faut-il penser lorsqu&rsquo;un ordre d&rsquo;\u00e9vacuation est donn\u00e9?<\/p>\n<p>La<strong> s\u00e9curit\u00e9 civile a dress\u00e9 une liste<\/strong> relativement exhaustive de ce petit<strong> \u00ab\u00a0kit d&rsquo;urgence\u00a0\u00bb<\/strong> sur le site du <a href=\"https:\/\/www.securite-civile.interieur.gouv.fr\/reagir\/comment-se-preparer-face-aux-risques\/kit-durgence\" target=\"_blank\" rel=\"noopener nofollow\">minist\u00e8re de l&rsquo;Int\u00e9rieur.\u00a0<\/a><\/p>\n<p>                                <strong>Pour quitter son habitation en urgence\u00a0<\/strong><\/p>\n<p>Si vous devez proc\u00e9der \u00e0 une \u00e9vacuation rapide car votre zone d&rsquo;habitation est menac\u00e9e, le minist\u00e8re conseille de pr\u00e9parer une pochette \u00e0 l&rsquo;avance avec le contenu suivant:\u00a0<\/p>\n<p>&#8211; Des photocopies des papiers (identit\u00e9, assurance&#8230;)<br \/>&#13;<br \/>\n&#8211; Le double des cl\u00e9s du domicile et du v\u00e9hicule<br \/>&#13;<br \/>\n&#8211; Un peu d&rsquo;argent liquide<br \/>&#13;<br \/>\n&#8211; Ses m\u00e9dicaments<\/p>\n<p><strong>Subevnir \u00e0 ses besoins et se signaler aux secours\u00a0<\/strong><\/p>\n<p>Dans le cas o\u00f9 vous devriez partir pour une dur\u00e9e plut\u00f4t longue, le site recommande \u00e9galement de faire quelques provisions, comme une sorte de petit \u00ab\u00a0kit de survie\u00a0\u00bb.\u00a0<\/p>\n<p>Ce dernier devrait alors \u00eatre compos\u00e9 de:\u00a0<\/p>\n<p>&#8211; Une bouteille d&rsquo;eau d&rsquo;1,5 l par personne<br \/>&#13;<br \/>\n&#8211; De la nourriture n&rsquo;ayant pas besoin de cuisson<br \/>&#13;<br \/>\n&#8211; Un couteau multifonction<br \/>&#13;<br \/>\n&#8211; Une trousse de premiers secours<br \/>&#13;<br \/>\n&#8211; Une trousse de toilette<br \/>&#13;<br \/>\n&#8211; Des v\u00eatements chauds et imperm\u00e9ables<br \/>&#13;<br \/>\n&#8211; Une couverture de survie<\/p>\n<p>Il est \u00e9galement bien de pouvoir se signaler aupr\u00e8s des secours si votre zone est d\u00e9j\u00e0 particuli\u00e8rement difficile d&rsquo;acc\u00e8s. Pour cela des outils que l&rsquo;on peut se procurer facilement comme une lampe torche, un gilet r\u00e9fl\u00e9chissant ou encore un sifflet peuvent \u00eatre de bonnes choses \u00e0 avoir aupr\u00e8s de soi en cas de catastrophe.\u00a0<\/p>\n","protected":false},"excerpt":{"rendered":"Les incendies qui se sont d\u00e9clar\u00e9s ce mardi 8 juillet aux Pennes-Mirabeau et qui se sont \u00e9tendus jusqu&rsquo;aux&hellip;\n","protected":false},"author":2,"featured_media":237723,"comment_status":"","ping_status":"","sticky":false,"template":"","format":"standard","meta":{"footnotes":""},"categories":[2814],"tags":[1111,11,1777,674,1011,27,884,12,882,25,656],"class_list":{"0":"post-237722","1":"post","2":"type-post","3":"status-publish","4":"format-standard","5":"has-post-thumbnail","7":"category-marseille","8":"tag-actu","9":"tag-actualites","10":"tag-eu","11":"tag-europe","12":"tag-fr","13":"tag-france","14":"tag-marseille","15":"tag-news","16":"tag-provence-alpes-cote-dazur","17":"tag-republique-francaise","18":"tag-securite"},"share_on_mastodon":{"url":"https:\/\/pubeurope.com\/@fr\/114823606211683372","error":""},"_links":{"self":[{"href":"https:\/\/www.europesays.com\/fr\/wp-json\/wp\/v2\/posts\/237722","targetHints":{"allow":["GET"]}}],"collection":[{"href":"https:\/\/www.europesays.com\/fr\/wp-json\/wp\/v2\/posts"}],"about":[{"href":"https:\/\/www.europesays.com\/fr\/wp-json\/wp\/v2\/types\/post"}],"author":[{"embeddable":true,"href":"https:\/\/www.europesays.com\/fr\/wp-json\/wp\/v2\/users\/2"}],"replies":[{"embeddable":true,"href":"https:\/\/www.europesays.com\/fr\/wp-json\/wp\/v2\/comments?post=237722"}],"version-history":[{"count":0,"href":"https:\/\/www.europesays.com\/fr\/wp-json\/wp\/v2\/posts\/237722\/revisions"}],"wp:featuredmedia":[{"embeddable":true,"href":"https:\/\/www.europesays.com\/fr\/wp-json\/wp\/v2\/media\/237723"}],"wp:attachment":[{"href":"https:\/\/www.europesays.com\/fr\/wp-json\/wp\/v2\/media?parent=237722"}],"wp:term":[{"taxonomy":"category","embeddable":true,"href":"https:\/\/www.europesays.com\/fr\/wp-json\/wp\/v2\/categories?post=237722"},{"taxonomy":"post_tag","embeddable":true,"href":"https:\/\/www.europesays.com\/fr\/wp-json\/wp\/v2\/tags?post=237722"}],"curies":[{"name":"wp","href":"https:\/\/api.w.org\/{rel}","templated":true}]}}