{"id":237726,"date":"2025-07-09T13:53:15","date_gmt":"2025-07-09T13:53:15","guid":{"rendered":"https:\/\/www.europesays.com\/fr\/237726\/"},"modified":"2025-07-09T13:53:15","modified_gmt":"2025-07-09T13:53:15","slug":"cette-celebre-marque-de-chaussures-ouvre-un-magasin-pres-de-lyon","status":"publish","type":"post","link":"https:\/\/www.europesays.com\/fr\/237726\/","title":{"rendered":"Cette c\u00e9l\u00e8bre marque de chaussures ouvre un magasin pr\u00e8s de Lyon"},"content":{"rendered":"<p itemprop=\"description\"><strong>Difficile de passer \u00e0 c\u00f4t\u00e9 de cette mode.<\/strong><\/p>\n<p>Voil\u00e0 une nouvelle qui devrait ravir les amateurs de shopping. La c\u00e9l\u00e8bre marque de chaussures Crocs aura tr\u00e8s bient\u00f4t une boutique pour elle toute seule tout pr\u00e8s de Lyon.\u00a0<\/p>\n<p>Direction The Village \u00e0 Villefontaine \u00e0 une trentaine de minutes de l\u2019agglom\u00e9ration lyonnaise pour d\u00e9couvrir ce nouveau magasin. L\u2019ouverture est pr\u00e9vue ce vendredi 11 juillet \u00e0 partir de 10 heures. Des remises exceptionnelles seront notamment au programme.\u00a0<\/p>\n<p>La marque Crocs est d\u00e9j\u00e0 pr\u00e9sente dans plusieurs magasins de Lyon comme Intersport, Eram, Snipes ou encore Stock Bellecour. Les chaussures ont la particularit\u00e9 d\u2019\u00eatre fabriqu\u00e9es \u00e0 partir de croslite, un plastique thermoformable, qui apporte notamment du confort et de la l\u00e9g\u00e8ret\u00e9.\u00a0<\/p>\n<p>Fond\u00e9e en 2002, la marque a aujourd\u2019hui vendu plus de 350 millions de paires de chaussures dans pr\u00e8s de 90 pays du monde entier. Elle a collabor\u00e9 avec Levi\u2019s, Bad Bunny, Justin Bieber, Simone Rocha ou encore Pringles. Les Crocs se d\u00e9clinent aussi sous diff\u00e9rentes formes et couleurs.<\/p>\n<blockquote class=\"instagram-media\" style=\"background: #FFF; border: 0; border-radius: 3px; box-shadow: 0 0 1px 0 rgba(0,0,0,0.5),0 1px 10px 0 rgba(0,0,0,0.15); margin: 1px; max-width: 540px; min-width: 326px; padding: 0; width: calc(100% - 2px);\" data-instgrm-captioned=\"\" data-instgrm-permalink=\"https:\/\/www.instagram.com\/reel\/DL4t77gtHfj\/?utm_source=ig_embed&amp;utm_campaign=loading\" data-instgrm-version=\"14\"><p>&#13;<br \/>\n&#13;\n<\/p><\/blockquote>\n<p>\t\t  <script async src=\"\/\/www.instagram.com\/embed.js\"><\/script><\/p>\n","protected":false},"excerpt":{"rendered":"Difficile de passer \u00e0 c\u00f4t\u00e9 de cette mode. Voil\u00e0 une nouvelle qui devrait ravir les amateurs de shopping.&hellip;\n","protected":false},"author":2,"featured_media":237727,"comment_status":"","ping_status":"","sticky":false,"template":"","format":"standard","meta":{"footnotes":""},"categories":[1889],"tags":[1111,11,2813,2190,2430,1109,251,1112,2811,1777,674,118,1294,4651,1011,27,1922,1110,1114,2428,4903,4902,12,241,316,25,2812,517,800],"class_list":{"0":"post-237726","1":"post","2":"type-post","3":"status-publish","4":"format-standard","5":"has-post-thumbnail","7":"category-lyon","8":"tag-actu","9":"tag-actualites","10":"tag-article","11":"tag-asvel","12":"tag-auvergne-rhone-alpes","13":"tag-breves","14":"tag-culture","15":"tag-depeches","16":"tag-economique","17":"tag-eu","18":"tag-europe","19":"tag-faits-divers","20":"tag-femme","21":"tag-femmes","22":"tag-fr","23":"tag-france","24":"tag-info","25":"tag-informations","26":"tag-infos","27":"tag-lyon","28":"tag-lyonfemme","29":"tag-lyonfemmes","30":"tag-news","31":"tag-ol","32":"tag-politique","33":"tag-republique-francaise","34":"tag-sociale","35":"tag-sport","36":"tag-transports"},"share_on_mastodon":{"url":"https:\/\/pubeurope.com\/@fr\/114823613912980371","error":""},"_links":{"self":[{"href":"https:\/\/www.europesays.com\/fr\/wp-json\/wp\/v2\/posts\/237726","targetHints":{"allow":["GET"]}}],"collection":[{"href":"https:\/\/www.europesays.com\/fr\/wp-json\/wp\/v2\/posts"}],"about":[{"href":"https:\/\/www.europesays.com\/fr\/wp-json\/wp\/v2\/types\/post"}],"author":[{"embeddable":true,"href":"https:\/\/www.europesays.com\/fr\/wp-json\/wp\/v2\/users\/2"}],"replies":[{"embeddable":true,"href":"https:\/\/www.europesays.com\/fr\/wp-json\/wp\/v2\/comments?post=237726"}],"version-history":[{"count":0,"href":"https:\/\/www.europesays.com\/fr\/wp-json\/wp\/v2\/posts\/237726\/revisions"}],"wp:featuredmedia":[{"embeddable":true,"href":"https:\/\/www.europesays.com\/fr\/wp-json\/wp\/v2\/media\/237727"}],"wp:attachment":[{"href":"https:\/\/www.europesays.com\/fr\/wp-json\/wp\/v2\/media?parent=237726"}],"wp:term":[{"taxonomy":"category","embeddable":true,"href":"https:\/\/www.europesays.com\/fr\/wp-json\/wp\/v2\/categories?post=237726"},{"taxonomy":"post_tag","embeddable":true,"href":"https:\/\/www.europesays.com\/fr\/wp-json\/wp\/v2\/tags?post=237726"}],"curies":[{"name":"wp","href":"https:\/\/api.w.org\/{rel}","templated":true}]}}