{"id":237728,"date":"2025-07-09T13:54:12","date_gmt":"2025-07-09T13:54:12","guid":{"rendered":"https:\/\/www.europesays.com\/fr\/237728\/"},"modified":"2025-07-09T13:54:12","modified_gmt":"2025-07-09T13:54:12","slug":"entendu-en-appel-lyon-sauve-sa-place-en-ligue-1","status":"publish","type":"post","link":"https:\/\/www.europesays.com\/fr\/237728\/","title":{"rendered":"entendu en appel, Lyon sauve sa place en Ligue 1"},"content":{"rendered":"<p>L\u2019expos\u00e9 de Michele Kang et Michael Gerlinger a port\u00e9 ses fruits, la commission d\u2019appel du gendarme financier du football fran\u00e7ais maintient les Gones au sein de l\u2019\u00e9lite.<\/p>\n<p class=\"fig-paragraph\">Le verdict est tomb\u00e9.\u00a0<a href=\"http:\/\/www.lefigaro.fr\/sports\/football\/ligue-1\/foot-au-bord-du-gouffre-l-olympique-lyonnais-joue-son-avenir-jeudi-20250708\" data-fig-type=\"NewsFlash\" data-gtm-custom-categorie=\"navigation\" data-gtm-custom-action=\"crossclick\" data-gtm-custom-label=\"Contextuel\" data-gtm-event=\"customEventSPE\" data-fig-domain=\"LEFIGARO\" target=\"_blank\" rel=\"noopener\">Michele Kang, Michael Gerlinger et la d\u00e9l\u00e9gation lyonnaise passaient leur grand oral mercredi<\/a>, au si\u00e8ge de la F\u00e9d\u00e9ration fran\u00e7aise de football (FFF). Objectif\u00a0? Convaincre le gendarme financier du football fran\u00e7ais de revenir sur\u00a0<a href=\"http:\/\/www.lefigaro.fr\/sports\/football\/ligue-1\/foot-catastrophe-pour-l-olympique-lyonnais-relegue-en-ligue-2-par-la-dncg-20250624\" data-fig-type=\"NewsFlash\" data-gtm-custom-categorie=\"navigation\" data-gtm-custom-action=\"crossclick\" data-gtm-custom-label=\"Contextuel\" data-gtm-event=\"customEventSPE\" data-fig-domain=\"LEFIGARO\" target=\"_blank\" rel=\"noopener\">sa d\u00e9cision du 24 juin<\/a>. C\u2019est chose faite. L\u2019OL est maintenu en Ligue 1. En cas de rel\u00e9gation du club sept fois champion de France, c\u2019est Reims, 16e \u00e0 l\u2019issue de la saison \u00e9coul\u00e9e en L1 et battu par Metz en barrages, qui aurait b\u00e9n\u00e9fici\u00e9 du cadeau. Finalement, le club de Jean-Pierre Caillot sera sur la ligne de d\u00e9part en Ligue 2 le 11 ao\u00fbt, \u00e0 Amiens, quelques jours avant la reprise de L1, avec un d\u00e9placement \u00e0 Lens pour les joueurs de Paulo Fonseca, de retour \u00e0 l\u2019entra\u00eenement en d\u00e9but de semaine.<\/p>\n<p class=\"fig-paragraph\">Sixi\u00e8mes en L1 la saison pass\u00e9e, les Rhodaniens conservent en outre le b\u00e9n\u00e9fice de leur qualification en Ligue Europa. Initialement qualifi\u00e9 en Ligue Europa Conf\u00e9rence, Strasbourg (7e) serait grimp\u00e9 en C3 en cas de rel\u00e9gation de l\u2019OL, Lens (8e) b\u00e9n\u00e9ficiant ainsi le cas \u00e9ch\u00e9ant du ticket rendu disponible en C4. En effet,\u00a0<a href=\"http:\/\/www.lefigaro.fr\/sports\/football\/foot-l-uefa-autorise-lyon-a-disputer-la-ligue-europa-sous-condition-20250627\" data-fig-type=\"NewsFlash\" data-gtm-custom-categorie=\"navigation\" data-gtm-custom-action=\"crossclick\" data-gtm-custom-label=\"Contextuel\" data-gtm-event=\"customEventSPE\" data-fig-domain=\"LEFIGARO\" target=\"_blank\" rel=\"noopener\">l\u2019OL avait scell\u00e9 un accord avec l\u2019UEFA ces derni\u00e8res semaines<\/a>. Accord garantissant la place des Lyonnais en C3 malgr\u00e9 la d\u00e9cision du 24 juin dernier, sauf si la commission d\u2019appel de la DNCG confirmait le verdict initial mercredi. Lyon europ\u00e9en, c\u2019est l\u2019autre bonne nouvelle du jour.<\/p>\n<p>                                    <a class=\"fig-a11y-skip a11y-hidden\" href=\"#fig-a11y-skip-main-inarticle\"><br \/>\n        Passer la publicit\u00e9<br \/>\n    <\/a><\/p>\n<p class=\"fig-paragraph\">Plus d\u2019infos \u00e0 suivre\u2026<\/p>\n","protected":false},"excerpt":{"rendered":"L\u2019expos\u00e9 de Michele Kang et Michael Gerlinger a port\u00e9 ses fruits, la commission d\u2019appel du gendarme financier du&hellip;\n","protected":false},"author":2,"featured_media":237729,"comment_status":"","ping_status":"","sticky":false,"template":"","format":"standard","meta":{"footnotes":""},"categories":[1889],"tags":[1111,11,2430,19747,1777,674,1011,27,66,446,2428,12,978,25,464],"class_list":{"0":"post-237728","1":"post","2":"type-post","3":"status-publish","4":"format-standard","5":"has-post-thumbnail","7":"category-lyon","8":"tag-actu","9":"tag-actualites","10":"tag-auvergne-rhone-alpes","11":"tag-dncg","12":"tag-eu","13":"tag-europe","14":"tag-fr","15":"tag-france","16":"tag-ligue-1","17":"tag-ligue-2","18":"tag-lyon","19":"tag-news","20":"tag-olympique-lyonnais","21":"tag-republique-francaise","22":"tag-stade-de-reims"},"share_on_mastodon":{"url":"https:\/\/pubeurope.com\/@fr\/114823618365767533","error":""},"_links":{"self":[{"href":"https:\/\/www.europesays.com\/fr\/wp-json\/wp\/v2\/posts\/237728","targetHints":{"allow":["GET"]}}],"collection":[{"href":"https:\/\/www.europesays.com\/fr\/wp-json\/wp\/v2\/posts"}],"about":[{"href":"https:\/\/www.europesays.com\/fr\/wp-json\/wp\/v2\/types\/post"}],"author":[{"embeddable":true,"href":"https:\/\/www.europesays.com\/fr\/wp-json\/wp\/v2\/users\/2"}],"replies":[{"embeddable":true,"href":"https:\/\/www.europesays.com\/fr\/wp-json\/wp\/v2\/comments?post=237728"}],"version-history":[{"count":0,"href":"https:\/\/www.europesays.com\/fr\/wp-json\/wp\/v2\/posts\/237728\/revisions"}],"wp:featuredmedia":[{"embeddable":true,"href":"https:\/\/www.europesays.com\/fr\/wp-json\/wp\/v2\/media\/237729"}],"wp:attachment":[{"href":"https:\/\/www.europesays.com\/fr\/wp-json\/wp\/v2\/media?parent=237728"}],"wp:term":[{"taxonomy":"category","embeddable":true,"href":"https:\/\/www.europesays.com\/fr\/wp-json\/wp\/v2\/categories?post=237728"},{"taxonomy":"post_tag","embeddable":true,"href":"https:\/\/www.europesays.com\/fr\/wp-json\/wp\/v2\/tags?post=237728"}],"curies":[{"name":"wp","href":"https:\/\/api.w.org\/{rel}","templated":true}]}}