{"id":237749,"date":"2025-07-09T14:05:15","date_gmt":"2025-07-09T14:05:15","guid":{"rendered":"https:\/\/www.europesays.com\/fr\/237749\/"},"modified":"2025-07-09T14:05:15","modified_gmt":"2025-07-09T14:05:15","slug":"berlin-accuse-larmee-chinoise-davoir-vise-un-avion-allemand-avec-un-laser-pekin-conteste","status":"publish","type":"post","link":"https:\/\/www.europesays.com\/fr\/237749\/","title":{"rendered":"Berlin accuse l\u2019arm\u00e9e chinoise d\u2019avoir vis\u00e9 un avion allemand avec un laser, P\u00e9kin conteste"},"content":{"rendered":"<p>Un avion de l\u2019arm\u00e9e allemande en mission en mer Rouge a \u00e9t\u00e9 pris pour cible par un laser chinois, a d\u00e9nonc\u00e9 mardi le minist\u00e8re allemand des Affaires \u00e9trang\u00e8res qui a convoqu\u00e9 l\u2019ambassadeur de Chine.<\/p>\n<p class=\"fig-paragraph\">Le minist\u00e8re allemand des Affaires \u00e9trang\u00e8res a annonc\u00e9 mardi sur X que l\u2019ambassadeur de Chine a \u00e9t\u00e9 convoqu\u00e9 apr\u00e8s qu\u2019un avion de\u00a0<a href=\"http:\/\/www.lefigaro.fr\/conjoncture\/airbus-gagne-un-contrat-de-2-1-milliards-avec-l-armee-allemande-20240704\" data-fig-type=\"Article\" data-gtm-custom-categorie=\"navigation\" data-gtm-custom-action=\"crossclick\" data-gtm-custom-label=\"Contextuel\" data-gtm-event=\"customEventSPE\" data-fig-domain=\"LEFIGARO\" rel=\"nofollow noopener\" target=\"_blank\">l\u2019arm\u00e9e allemande<\/a>\u00a0qui se trouvait en mission en mer Rouge pour prot\u00e9ger le trafic maritime contre les attaques des\u00a0<a href=\"http:\/\/www.lefigaro.fr\/international\/yemen-les-rebelles-houthis-revendiquent-l-attaque-d-un-navire-en-mer-rouge-20250707\" target=\"_blank\" data-fig-type=\"NewsFlash\" rel=\"noopener nofollow\" data-gtm-custom-categorie=\"navigation\" data-gtm-custom-action=\"crossclick\" data-gtm-custom-label=\"Contextuel\" data-gtm-event=\"customEventSPE\" data-fig-domain=\"LEFIGARO\">Houthis<\/a>\u00a0a \u00e9t\u00e9 vis\u00e9 par un laser chinois.<\/p>\n<p class=\"fig-paragraph\">\u00abLa mise en danger du personnel allemand et la perturbation de la mission sont totalement inacceptables\u00bb, a d\u00e9clar\u00e9 sur X le minist\u00e8re, pr\u00e9cisant que l\u2019avion participait \u00e0 la mission europ\u00e9enne Aspides men\u00e9e par l\u2019Union europ\u00e9enne en r\u00e9ponse aux attaques des Houthis du Y\u00e9men contre le transport maritime international.<\/p>\n<p>                                    <a class=\"fig-a11y-skip a11y-hidden\" href=\"#fig-a11y-skip-main-inarticle\"><br \/>\n        Passer la publicit\u00e9<br \/>\n    <\/a><\/p>\n<p>La Chine juge ces all\u00e9gations \u00abcompl\u00e8tement incompatibles avec les faits\u00bb<\/p>\n<p class=\"fig-paragraph\">Environ 700 soldats allemands sont impliqu\u00e9s dans cette op\u00e9ration men\u00e9e par l\u2019UE en mer Rouge ainsi que dans l\u2019oc\u00e9an Indien et le golfe d\u2019Aden. Fin janvier,\u00a0<a href=\"http:\/\/www.lefigaro.fr\/conjoncture\/apres-son-premier-discours-economique-au-bundestag-le-bazooka-de-depenses-de-friedrich-merz-se-fait-desirer-20250514\" data-fig-type=\"Article\" data-gtm-custom-categorie=\"navigation\" data-gtm-custom-action=\"crossclick\" data-gtm-custom-label=\"Contextuel\" data-gtm-event=\"customEventSPE\" data-fig-domain=\"LEFIGARO\" rel=\"nofollow noopener\" target=\"_blank\">le Bundestag<\/a>\u00a0a prolong\u00e9 leur participation \u00e0 la mission. Le minist\u00e8re allemand de la D\u00e9fense a d\u00e9clar\u00e9 au quotidien\u00a0<a href=\"https:\/\/www.faz.net\/aktuell\/politik\/ausland\/auswaertiges-amt-wirft-china-laserangriff-auf-deutsches-flugzeug-vor-110580110.html\" target=\"_blank\" rel=\"sponsored noopener nofollow\" data-gtm-custom-categorie=\"navigation\" data-gtm-custom-action=\"crossclick\" data-gtm-custom-label=\"Contextuel\" data-gtm-event=\"customEventSPE\">Frankfurter Allgemeine Zeitung<\/a> \u00a0que l\u2019avion de la Bundeswehr avait \u00e9t\u00e9 cibl\u00e9 par un navire de guerre chinois lors d\u2019une mission de routine au-dessus de la mer Rouge, sans contact pr\u00e9alable. Le navire aurait d\u00e9j\u00e0 \u00e9t\u00e9 aper\u00e7u dans cette zone \u00e0 plusieurs reprises auparavant.<\/p>\n<p class=\"fig-paragraph\">En d\u00e9ployant son laser, le navire chinois a accept\u00e9 de prendre le risque de mettre en danger le personnel et le mat\u00e9riel de l\u2019avion, a d\u00e9clar\u00e9 un porte-parole du minist\u00e8re interrog\u00e9 par le journal allemand. La mission a donc \u00e9t\u00e9 annul\u00e9e par mesure de pr\u00e9caution. L\u2019avion a atterri sans encombre \u00e0 la base de Djibouti et l\u2019\u00e9quipage est sain et sauf. L\u2019heure exacte de l\u2019incident n\u2019a pas \u00e9t\u00e9 divulgu\u00e9e. L\u2019avion a maintenant repris son service r\u00e9gulier.<\/p>\n<p class=\"fig-paragraph\">La Chine a r\u00e9agi ce mercredi en jugeant ces all\u00e9gations \u00abcompl\u00e8tement incompatibles avec les faits\u00bb. \u00abLes deux parties doivent adopter une attitude pragmatique, renforcer la communication en temps opportun et \u00e9viter les malentendus et les erreurs de calcul\u00bb, a d\u00e9clar\u00e9 la porte-parole du minist\u00e8re chinois des Affaires \u00e9trang\u00e8res, Mao Ning, en conf\u00e9rence de presse.<\/p>\n","protected":false},"excerpt":{"rendered":"Un avion de l\u2019arm\u00e9e allemande en mission en mer Rouge a \u00e9t\u00e9 pris pour cible par un laser&hellip;\n","protected":false},"author":2,"featured_media":237750,"comment_status":"","ping_status":"","sticky":false,"template":"","format":"standard","meta":{"footnotes":""},"categories":[1587],"tags":[11,672,1813,37,1804,309,1805,1803,1777,674,1801,12,1802],"class_list":{"0":"post-237749","1":"post","2":"type-post","3":"status-publish","4":"format-standard","5":"has-post-thumbnail","7":"category-allemagne","8":"tag-actualites","9":"tag-allemagne","10":"tag-armee","11":"tag-avion","12":"tag-bundesrepublik-deutschland","13":"tag-chine","14":"tag-de","15":"tag-deutschland","16":"tag-eu","17":"tag-europe","18":"tag-germany","19":"tag-news","20":"tag-republique-federale-dallemagne"},"share_on_mastodon":{"url":"https:\/\/pubeurope.com\/@fr\/114823661488881757","error":""},"_links":{"self":[{"href":"https:\/\/www.europesays.com\/fr\/wp-json\/wp\/v2\/posts\/237749","targetHints":{"allow":["GET"]}}],"collection":[{"href":"https:\/\/www.europesays.com\/fr\/wp-json\/wp\/v2\/posts"}],"about":[{"href":"https:\/\/www.europesays.com\/fr\/wp-json\/wp\/v2\/types\/post"}],"author":[{"embeddable":true,"href":"https:\/\/www.europesays.com\/fr\/wp-json\/wp\/v2\/users\/2"}],"replies":[{"embeddable":true,"href":"https:\/\/www.europesays.com\/fr\/wp-json\/wp\/v2\/comments?post=237749"}],"version-history":[{"count":0,"href":"https:\/\/www.europesays.com\/fr\/wp-json\/wp\/v2\/posts\/237749\/revisions"}],"wp:featuredmedia":[{"embeddable":true,"href":"https:\/\/www.europesays.com\/fr\/wp-json\/wp\/v2\/media\/237750"}],"wp:attachment":[{"href":"https:\/\/www.europesays.com\/fr\/wp-json\/wp\/v2\/media?parent=237749"}],"wp:term":[{"taxonomy":"category","embeddable":true,"href":"https:\/\/www.europesays.com\/fr\/wp-json\/wp\/v2\/categories?post=237749"},{"taxonomy":"post_tag","embeddable":true,"href":"https:\/\/www.europesays.com\/fr\/wp-json\/wp\/v2\/tags?post=237749"}],"curies":[{"name":"wp","href":"https:\/\/api.w.org\/{rel}","templated":true}]}}