{"id":237757,"date":"2025-07-09T14:09:10","date_gmt":"2025-07-09T14:09:10","guid":{"rendered":"https:\/\/www.europesays.com\/fr\/237757\/"},"modified":"2025-07-09T14:09:10","modified_gmt":"2025-07-09T14:09:10","slug":"mort-dolivier-marleix-ce-que-revele-lautopsie","status":"publish","type":"post","link":"https:\/\/www.europesays.com\/fr\/237757\/","title":{"rendered":"Mort d&rsquo;Olivier Marleix : ce que r\u00e9v\u00e8le l&rsquo;autopsie"},"content":{"rendered":"<p class=\"article-p mdl\">Le lundi 7 juin, Olivier Marleix a mis fin \u00e0 ses jours \u00e0 son domicile d&rsquo;Anet. Le d\u00e9c\u00e8s du d\u00e9put\u00e9 d&rsquo;Eure-et-Loir avait suscit\u00e9 la stup\u00e9faction et une vague d&rsquo;hommages de l&rsquo;ensemble de la classe politique.<\/p>\n<p class=\"article-p mdl\">Le d\u00e9put\u00e9 a \u00e9t\u00e9\u00a0<a class=\"link\" href=\"https:\/\/www.rtl.fr\/actu\/politique\/olivier-marleix-a-ete-retrouve-mort-a-son-domicile-7900522070\" title=\"Olivier Marleix a \u00e9t\u00e9 retrouv\u00e9 mort \u00e0 son domicile\" target=\"_blank\" rel=\"noopener\">retrouv\u00e9 par les gendarmes en milieu d&rsquo;apr\u00e8s-midi<\/a>. Les forces de l&rsquo;ordre avaient \u00e9t\u00e9 pr\u00e9venues par des proches et par la maire de cette commune des environs de Dreux, qu&rsquo;Olivier Marleix avait lui-m\u00eame dirig\u00e9e de 2008 \u00e0 2017.\u00a0<\/p>\n<p class=\"article-p mdl\">Les constatations m\u00e9dico-l\u00e9gales de l&rsquo;autopsie ont permis de conclure \u00e0 <strong>une mort par asphyxie compatible avec une autolyse<\/strong>, a-t-on appris ce mercredi 9 juin. Aucun signe de violence interne ou externe au corps. Le corps a \u00e9t\u00e9 laiss\u00e9 \u00e0 disposition de la famille.<\/p>\n<p class=\"article-p mdl\">L&rsquo;ancien patron du groupe Les R\u00e9publicains \u00e0 l&rsquo;Assembl\u00e9e nationale, entre 2022 et 2024, \u00e2g\u00e9 de 54 ans, \u00e9tait p\u00e8re de deux filles. Il \u00e9tait le fils de l&rsquo;ancien secr\u00e9taire d&rsquo;\u00c9tat Alain Marleix.\u00a0<\/p>\n<p>    La r\u00e9daction vous recommande<\/p>\n<p class=\"s-newsletter__title\">\n                L\u2019actualit\u00e9 par la r\u00e9daction de RTL dans votre bo\u00eete mail.\n            <\/p>\n<p class=\"s-newsletter__subtitle\">\n                Gr\u00e2ce \u00e0 votre compte RTL abonnez-vous \u00e0 la newsletter RTL info pour suivre toute l&rsquo;actualit\u00e9 au quotidien\n            <\/p>\n<p>\n                                    Lire la suite\n                                <\/p>\n","protected":false},"excerpt":{"rendered":"Le lundi 7 juin, Olivier Marleix a mis fin \u00e0 ses jours \u00e0 son domicile d&rsquo;Anet. Le d\u00e9c\u00e8s&hellip;\n","protected":false},"author":2,"featured_media":237758,"comment_status":"","ping_status":"","sticky":false,"template":"","format":"standard","meta":{"footnotes":""},"categories":[2],"tags":[11,416,107,1011,27,6319,12,25],"class_list":{"0":"post-237757","1":"post","2":"type-post","3":"status-publish","4":"format-standard","5":"has-post-thumbnail","7":"category-actualites","8":"tag-actualites","9":"tag-assemblee-nationale","10":"tag-fil-info","11":"tag-fr","12":"tag-france","13":"tag-les-republicains","14":"tag-news","15":"tag-republique-francaise"},"share_on_mastodon":{"url":"https:\/\/pubeurope.com\/@fr\/114823677021236247","error":""},"_links":{"self":[{"href":"https:\/\/www.europesays.com\/fr\/wp-json\/wp\/v2\/posts\/237757","targetHints":{"allow":["GET"]}}],"collection":[{"href":"https:\/\/www.europesays.com\/fr\/wp-json\/wp\/v2\/posts"}],"about":[{"href":"https:\/\/www.europesays.com\/fr\/wp-json\/wp\/v2\/types\/post"}],"author":[{"embeddable":true,"href":"https:\/\/www.europesays.com\/fr\/wp-json\/wp\/v2\/users\/2"}],"replies":[{"embeddable":true,"href":"https:\/\/www.europesays.com\/fr\/wp-json\/wp\/v2\/comments?post=237757"}],"version-history":[{"count":0,"href":"https:\/\/www.europesays.com\/fr\/wp-json\/wp\/v2\/posts\/237757\/revisions"}],"wp:featuredmedia":[{"embeddable":true,"href":"https:\/\/www.europesays.com\/fr\/wp-json\/wp\/v2\/media\/237758"}],"wp:attachment":[{"href":"https:\/\/www.europesays.com\/fr\/wp-json\/wp\/v2\/media?parent=237757"}],"wp:term":[{"taxonomy":"category","embeddable":true,"href":"https:\/\/www.europesays.com\/fr\/wp-json\/wp\/v2\/categories?post=237757"},{"taxonomy":"post_tag","embeddable":true,"href":"https:\/\/www.europesays.com\/fr\/wp-json\/wp\/v2\/tags?post=237757"}],"curies":[{"name":"wp","href":"https:\/\/api.w.org\/{rel}","templated":true}]}}