{"id":237764,"date":"2025-07-09T14:16:10","date_gmt":"2025-07-09T14:16:10","guid":{"rendered":"https:\/\/www.europesays.com\/fr\/237764\/"},"modified":"2025-07-09T14:16:10","modified_gmt":"2025-07-09T14:16:10","slug":"chantra-opere-du-genou-droit","status":"publish","type":"post","link":"https:\/\/www.europesays.com\/fr\/237764\/","title":{"rendered":"Chantra op\u00e9r\u00e9 du genou droit"},"content":{"rendered":"<p>                        Partager<\/p>\n<p>https:\/\/www.motogp.com\/fr\/news\/2025\/07\/09\/chantra-opere-du-genou-droit\/753832<\/p>\n<p>                                Copy Link<\/p>\n<p class=\"news-article__summary\">Le pilote tha\u00eflandais manquera les GP d&rsquo;Allemagne et de R\u00e9publique tch\u00e8que et sera remplac\u00e9 par Nakagami \u00e0 Brno<\/p>\n<p>Honda LCR confirme que Somkiat Chantra (IDEMITSU Honda LCR) a subi une op\u00e9ration du genou droit \u00e0 la suite de son accident \u00e0 l&rsquo;entra\u00eenement.<\/p>\n<p>Le pilote tha\u00eflandais manquera les Grands Prix d&rsquo;Allemagne et de R\u00e9publique tch\u00e8que le temps de sa convalescence suite \u00e0 cette intervention au niveau du ligament collat\u00e9ral lat\u00e9ral. Il ne sera pas remplac\u00e9 ce week-end au Sachsenring mais le pilote d&rsquo;essai du HRC, Takaaki Nakagami, prendra sa place \u00e0 Brno le week-end prochain.<\/p>\n<p>On esp\u00e8re revoir le Tha\u00eflandais en piste le plus vite possible.<\/p>\n","protected":false},"excerpt":{"rendered":"Partager https:\/\/www.motogp.com\/fr\/news\/2025\/07\/09\/chantra-opere-du-genou-droit\/753832 Copy Link Le pilote tha\u00eflandais manquera les GP d&rsquo;Allemagne et de R\u00e9publique tch\u00e8que et sera remplac\u00e9&hellip;\n","protected":false},"author":2,"featured_media":237765,"comment_status":"","ping_status":"","sticky":false,"template":"","format":"standard","meta":{"footnotes":""},"categories":[1413],"tags":[1011,27,1457,1456,60,2032],"class_list":{"0":"post-237764","1":"post","2":"type-post","3":"status-publish","4":"format-standard","5":"has-post-thumbnail","7":"category-moto","8":"tag-fr","9":"tag-france","10":"tag-moto","11":"tag-motocycle","12":"tag-sports","13":"tag-text"},"share_on_mastodon":{"url":"https:\/\/pubeurope.com\/@fr\/114823704682705203","error":""},"_links":{"self":[{"href":"https:\/\/www.europesays.com\/fr\/wp-json\/wp\/v2\/posts\/237764","targetHints":{"allow":["GET"]}}],"collection":[{"href":"https:\/\/www.europesays.com\/fr\/wp-json\/wp\/v2\/posts"}],"about":[{"href":"https:\/\/www.europesays.com\/fr\/wp-json\/wp\/v2\/types\/post"}],"author":[{"embeddable":true,"href":"https:\/\/www.europesays.com\/fr\/wp-json\/wp\/v2\/users\/2"}],"replies":[{"embeddable":true,"href":"https:\/\/www.europesays.com\/fr\/wp-json\/wp\/v2\/comments?post=237764"}],"version-history":[{"count":0,"href":"https:\/\/www.europesays.com\/fr\/wp-json\/wp\/v2\/posts\/237764\/revisions"}],"wp:featuredmedia":[{"embeddable":true,"href":"https:\/\/www.europesays.com\/fr\/wp-json\/wp\/v2\/media\/237765"}],"wp:attachment":[{"href":"https:\/\/www.europesays.com\/fr\/wp-json\/wp\/v2\/media?parent=237764"}],"wp:term":[{"taxonomy":"category","embeddable":true,"href":"https:\/\/www.europesays.com\/fr\/wp-json\/wp\/v2\/categories?post=237764"},{"taxonomy":"post_tag","embeddable":true,"href":"https:\/\/www.europesays.com\/fr\/wp-json\/wp\/v2\/tags?post=237764"}],"curies":[{"name":"wp","href":"https:\/\/api.w.org\/{rel}","templated":true}]}}