{"id":237770,"date":"2025-07-09T14:19:12","date_gmt":"2025-07-09T14:19:12","guid":{"rendered":"https:\/\/www.europesays.com\/fr\/237770\/"},"modified":"2025-07-09T14:19:12","modified_gmt":"2025-07-09T14:19:12","slug":"tres-mauvaise-nouvelle-pour-le-real-madrid-a-quelques-heures-du-psg","status":"publish","type":"post","link":"https:\/\/www.europesays.com\/fr\/237770\/","title":{"rendered":"Tr\u00e8s mauvaise nouvelle pour le Real Madrid \u00e0 quelques heures du PSG"},"content":{"rendered":"<p data-testid=\"article-teaser\">Un coup dur s\u2019abat sur le Real Madrid en plein sprint final de la Coupe du Monde des Clubs, \u00e0 quelques heures d\u2019un choc br\u00fblant contre le PSG.<\/p>\n<p>Pendant que <a href=\"https:\/\/www.goal.com\/fr\/listes\/la-composition-du-real-madrid-contre-le-psg-a-fuite-xabi-alonso-a-tranche-pour-mbappe\/bltb21119c3ec0919c8\" target=\"_self\" rel=\"nofollow noopener\">le Real Madrid se pr\u00e9pare \u00e0 affronter le Paris Saint-Germain en demi-finale de la Coupe du Monde des Clubs<\/a>, un autre dossier vient de leur exploser au visage. Et cette fois, il ne s\u2019agit ni d\u2019un bless\u00e9 ni d\u2019un probl\u00e8me de terrain. Mais bien d\u2019un refus sec, tomb\u00e9 depuis les bureaux de la Liga. Une demande strat\u00e9gique des Merengue a \u00e9t\u00e9 balay\u00e9e sans m\u00e9nagement.<\/p>\n<p><a href=\"https:\/\/dazn.prf.hn\/click\/camref:1011lG4NZ\/destination:https:\/\/www.dazn.com\/competition\/Competition:dc4k1xh2984zbypbnunk7ncic\" target=\"_blank\" class=\"affiliate-button\" rel=\"nofollow noopener\"><img loading=\"lazy\" decoding=\"async\" src=\"https:\/\/www.europesays.com\/fr\/wp-content\/uploads\/2025\/04\/DAZN.png\" width=\"72\" height=\"40\" alt=\"logo\" class=\"affiliate-logo\"\/>Regarder la Coupe du Monde des Clubs 2025 sur DAZN<\/p>\n<p>Regardez maintenant<\/p>\n<p><\/a>L&rsquo;article continue ci-dessous<\/p>\n","protected":false},"excerpt":{"rendered":"Un coup dur s\u2019abat sur le Real Madrid en plein sprint final de la Coupe du Monde des&hellip;\n","protected":false},"author":2,"featured_media":237771,"comment_status":"","ping_status":"","sticky":false,"template":"","format":"standard","meta":{"footnotes":""},"categories":[1410],"tags":[18645,28918,63,1011,27,19317,37743,91,37079,4790,60],"class_list":{"0":"post-237770","1":"post","2":"type-post","3":"status-publish","4":"format-standard","5":"has-post-thumbnail","7":"category-football","8":"tag-coupe-du-monde-des-clubs-fifa","9":"tag-fifa-club-world-cup","10":"tag-football","11":"tag-fr","12":"tag-france","13":"tag-laliga","14":"tag-osasuna","15":"tag-paris-saint-germain","16":"tag-paris-saint-germain-vs-real-madrid","17":"tag-real-madrid","18":"tag-sports"},"share_on_mastodon":{"url":"https:\/\/pubeurope.com\/@fr\/114823716339646232","error":""},"_links":{"self":[{"href":"https:\/\/www.europesays.com\/fr\/wp-json\/wp\/v2\/posts\/237770","targetHints":{"allow":["GET"]}}],"collection":[{"href":"https:\/\/www.europesays.com\/fr\/wp-json\/wp\/v2\/posts"}],"about":[{"href":"https:\/\/www.europesays.com\/fr\/wp-json\/wp\/v2\/types\/post"}],"author":[{"embeddable":true,"href":"https:\/\/www.europesays.com\/fr\/wp-json\/wp\/v2\/users\/2"}],"replies":[{"embeddable":true,"href":"https:\/\/www.europesays.com\/fr\/wp-json\/wp\/v2\/comments?post=237770"}],"version-history":[{"count":0,"href":"https:\/\/www.europesays.com\/fr\/wp-json\/wp\/v2\/posts\/237770\/revisions"}],"wp:featuredmedia":[{"embeddable":true,"href":"https:\/\/www.europesays.com\/fr\/wp-json\/wp\/v2\/media\/237771"}],"wp:attachment":[{"href":"https:\/\/www.europesays.com\/fr\/wp-json\/wp\/v2\/media?parent=237770"}],"wp:term":[{"taxonomy":"category","embeddable":true,"href":"https:\/\/www.europesays.com\/fr\/wp-json\/wp\/v2\/categories?post=237770"},{"taxonomy":"post_tag","embeddable":true,"href":"https:\/\/www.europesays.com\/fr\/wp-json\/wp\/v2\/tags?post=237770"}],"curies":[{"name":"wp","href":"https:\/\/api.w.org\/{rel}","templated":true}]}}