{"id":237772,"date":"2025-07-09T14:20:16","date_gmt":"2025-07-09T14:20:16","guid":{"rendered":"https:\/\/www.europesays.com\/fr\/237772\/"},"modified":"2025-07-09T14:20:16","modified_gmt":"2025-07-09T14:20:16","slug":"terry-gilliam-le-realisateur-de-las-vegas-parano-explique-que-donald-trump-a-ruine-son-prochain-film","status":"publish","type":"post","link":"https:\/\/www.europesays.com\/fr\/237772\/","title":{"rendered":"Terry Gilliam, le r\u00e9alisateur de \u00ab\u00a0Las Vegas Parano\u00a0\u00bb explique, que Donald Trump \u00ab\u00a0a ruin\u00e9 son prochain film\u00a0\u00bb"},"content":{"rendered":"<p>        <img decoding=\"async\" loading=\"lazy\" src=\"https:\/\/www.europesays.com\/fr\/wp-content\/uploads\/2025\/07\/db9e8fe_upload-1-hbuivsspns8h-000-62wf3q3.jpg\"  width=\"728\" height=\"409\" alt=\"Terry Gilliam, ici au mois de juin 2025, \u00e0 Londres.\"\/>  <\/p>\n<p>BENJAMIN CREMEL \/ AFP<\/p>\n<p>Terry Gilliam, ici au mois de juin 2025, \u00e0 Londres.<\/p>\n<p class=\"asset asset-text\">CIN\u00c9MA &#8211; Terry Gilliam rejoint la fronde anti-<a href=\"https:\/\/www.huffingtonpost.fr\/international\/article\/trump-accuse-poutine-de-dire-des-conneries-sur-l-ukraine-et-le-menace-de-nouvelles-sanctions_252392.html\" rel=\"nofollow noopener\" target=\"_blank\">Donald Trump<\/a>. Dans une interview accord\u00e9e au Hollywood Reporter pour les 40\u00a0ans de son film Brazil, mardi 8\u00a0juillet, le r\u00e9alisateur multir\u00e9compens\u00e9 ne m\u00e2che pas ses mots \u00e0 l\u2019\u00e9gard de <a href=\"https:\/\/www.huffingtonpost.fr\/international\/video\/donald-trump-la-joue-modeste-apres-sa-nomination-par-benjamin-netanyahu-au-prix-nobel-de-la-paix_252345.html\" rel=\"nofollow noopener\" target=\"_blank\">l\u2019actuel locataire de la Maison blanche<\/a>, qu\u2019il accuse d\u2019avoir \u00ab\u00a0\u00e9branl\u00e9 le monde\u00a0\u00bb de <a href=\"https:\/\/www.huffingtonpost.fr\/divertissement\/article\/est-ce-que-les-heterosexuels-vont-bien-le-trema-se-le-demande-et-c-est-tres-drole_250591.html\" rel=\"nofollow noopener\" target=\"_blank\">l\u2019humour<\/a>.<\/p>\n<p class=\"asset asset-text\">Et son propre travail par la m\u00eame occasion. \u00ab\u00a0Eh bien, il a ruin\u00e9 le dernier film sur lequel je travaillais, juge le cin\u00e9aste britannique de 84\u00a0ans. Parce qu\u2019il s\u2019agissait d\u2019une satire de ces derni\u00e8res ann\u00e9es telles qu\u2019elles se sont d\u00e9roul\u00e9es. Il l\u2019a foutue en l\u2019air.\u00a0\u00bb The Carnival at the End of Days devait \u00eatre le quatorzi\u00e8me long-m\u00e9trage du r\u00e9alisateur de Las Vegas Parano.<\/p>\n<p class=\"asset asset-text\">Ce dernier avait pens\u00e9 \u00e0 un sous-titre pour son film\u00a0: \u00ab\u00a0Un grand bonheur pour tous ceux qui aiment s\u2019offenser\u00a0\u00bb. \u00ab\u00a0C\u2019est ainsi que je l\u2019avais abord\u00e9, continue Terry Gilliam, toujours dans les colonnes du <a href=\"https:\/\/www.hollywoodreporter.com\/movies\/movie-news\/terry-gilliam-interview-trump-brazil-mary-poppins-umbria-1236307758\/\" target=\"_blank\" rel=\"noopener nofollow\" title=\"Nouvelle fen\u00eatre\">Hollywood Reporter<\/a>. Mais je pense que Donald Trump a d\u00e9truit la satire. Ce que je veux dire par l\u00e0, c\u2019est comment pouvez-vous faire de la satire sur sa mani\u00e8re de fa\u00e7onner le monde\u00a0?\u00a0\u00bb<\/p>\n<p class=\"asset asset-text\">Ce n\u2019est pas la premi\u00e8re fois qu\u2019un tel point de vue est partag\u00e9. D\u00e9j\u00e0 en 2020, un \u00e9ditorialiste du <a href=\"https:\/\/www.nytimes.com\/2020\/10\/07\/magazine\/trump-liberal-comedy-tv.html\" target=\"_blank\" rel=\"noopener nofollow\" title=\"Nouvelle fen\u00eatre\">New York Times<\/a> d\u00e9plorait le d\u00e9sormais manque de pertinence des talk-shows, comme celui de Trevor Noah The Daily Show, \u00e0 l\u2019\u00e8re de Donald Trump. Il pointait non seulement du doigt l\u2019inefficacit\u00e9 des blagues m\u00e9prisantes contre lui, mais aussi celles visant \u00e0 contrecarrer son hypocrisie.<\/p>\n<p>                     Johnny Depp au casting du prochain Terry Gilliam    <\/p>\n<p class=\"asset asset-text\">\u00ab\u00a0Sous sa pr\u00e9sidence, l\u2019\u00e9mission comique progressiste pr\u00e9sente [Trump] non pas comme un outsider \u00e0 la langue bien pendue, mais comme le leader d\u2019un mouvement vertueux [&#8230;]. M\u00eame si la com\u00e9die est devenue plus explicitement politique, elle a rejet\u00e9 la possibilit\u00e9 de faire \u00e9voluer la politique\u00a0\u00bb, estimait ainsi Dan Brooks dans son \u00e9dito.<\/p>\n<p class=\"asset asset-text\">Dans la pratique, ces interrogations ont d\u2019ailleurs pos\u00e9 une colle aux cr\u00e9ateurs de South Park, c\u00e9l\u00e8bre s\u00e9rie d\u2019animation connue depuis les ann\u00e9es 1990\u00a0pour sa parodie de la soci\u00e9t\u00e9 am\u00e9ricaine. En 2024, les deux hommes ont d\u00e9cid\u00e9 de faire une ann\u00e9e blanche, expliquant ne plus savoir quoi dire de plus sur Donald Trump. \u00ab\u00a0La satire est devenue r\u00e9alit\u00e9\u00a0\u00bb, d\u00e9clarait d\u00e9j\u00e0 l\u2019un d\u2019entre eux, en 2016.<\/p>\n<p class=\"asset asset-text\">Terry Gilliam, qui a marqu\u00e9 l\u2019histoire du cin\u00e9ma par plusieurs com\u00e9dies d\u00e9sopilantes comme les Monty Python, n\u2019entend pas baisser les bras. Au Hollywood Reporter, il pr\u00e9cise devoir \u00ab\u00a0r\u00e9\u00e9crire en grande partie\u00a0\u00bb son film, m\u00eame s\u2019il ne sait pas trop encore \u00e0 quoi il ressemblera. Jusqu\u2019ici, plusieurs noms avaient d\u00e9j\u00e0 \u00e9t\u00e9 annonc\u00e9s au casting, dont celui de Jeff Bridges, Adam Driver ou encore Johnny Depp, dans le r\u00f4le\u2026 de Satan.<\/p>\n","protected":false},"excerpt":{"rendered":"BENJAMIN CREMEL \/ AFP Terry Gilliam, ici au mois de juin 2025, \u00e0 Londres. CIN\u00c9MA &#8211; Terry Gilliam&hellip;\n","protected":false},"author":2,"featured_media":237773,"comment_status":"","ping_status":"","sticky":false,"template":"","format":"standard","meta":{"footnotes":""},"categories":[1359],"tags":[650,251,58,75,59,1011,27,973],"class_list":{"0":"post-237772","1":"post","2":"type-post","3":"status-publish","4":"format-standard","5":"has-post-thumbnail","7":"category-people","8":"tag-cinema","9":"tag-culture","10":"tag-divertissement","11":"tag-donald-trump","12":"tag-entertainment","13":"tag-fr","14":"tag-france","15":"tag-people"},"share_on_mastodon":{"url":"https:\/\/pubeurope.com\/@fr\/114823720209909812","error":""},"_links":{"self":[{"href":"https:\/\/www.europesays.com\/fr\/wp-json\/wp\/v2\/posts\/237772","targetHints":{"allow":["GET"]}}],"collection":[{"href":"https:\/\/www.europesays.com\/fr\/wp-json\/wp\/v2\/posts"}],"about":[{"href":"https:\/\/www.europesays.com\/fr\/wp-json\/wp\/v2\/types\/post"}],"author":[{"embeddable":true,"href":"https:\/\/www.europesays.com\/fr\/wp-json\/wp\/v2\/users\/2"}],"replies":[{"embeddable":true,"href":"https:\/\/www.europesays.com\/fr\/wp-json\/wp\/v2\/comments?post=237772"}],"version-history":[{"count":0,"href":"https:\/\/www.europesays.com\/fr\/wp-json\/wp\/v2\/posts\/237772\/revisions"}],"wp:featuredmedia":[{"embeddable":true,"href":"https:\/\/www.europesays.com\/fr\/wp-json\/wp\/v2\/media\/237773"}],"wp:attachment":[{"href":"https:\/\/www.europesays.com\/fr\/wp-json\/wp\/v2\/media?parent=237772"}],"wp:term":[{"taxonomy":"category","embeddable":true,"href":"https:\/\/www.europesays.com\/fr\/wp-json\/wp\/v2\/categories?post=237772"},{"taxonomy":"post_tag","embeddable":true,"href":"https:\/\/www.europesays.com\/fr\/wp-json\/wp\/v2\/tags?post=237772"}],"curies":[{"name":"wp","href":"https:\/\/api.w.org\/{rel}","templated":true}]}}