{"id":237774,"date":"2025-07-09T14:21:11","date_gmt":"2025-07-09T14:21:11","guid":{"rendered":"https:\/\/www.europesays.com\/fr\/237774\/"},"modified":"2025-07-09T14:21:11","modified_gmt":"2025-07-09T14:21:11","slug":"un-documentaire-sur-arte-retrace-le-parcours-de-limmense-louise-bourgeois","status":"publish","type":"post","link":"https:\/\/www.europesays.com\/fr\/237774\/","title":{"rendered":"Un documentaire sur Arte retrace le parcours de l&rsquo;immense Louise Bourgeois"},"content":{"rendered":"<p class=\"editor-content__paragraph\">Le grand public la conna\u00eet surtout pour<a href=\"https:\/\/www.beauxarts.com\/grand-format\/maman-de-louise-bourgeois-un-monstre-de-tendresse\/\" target=\"_blank\" rel=\"noopener nofollow\"><strong> ses impressionnantes Maman<\/strong><\/a>, monumentales araign\u00e9es de bronze qui ont colonis\u00e9 les mus\u00e9es et l\u2019espace public \u00e0 la fin des ann\u00e9es 1990. Or, <strong><a href=\"https:\/\/www.beauxarts.com\/grand-format\/louise-bourgeois-en-3-minutes\/\" target=\"_blank\" rel=\"noopener nofollow\">Louise Bourgeois<\/a><\/strong> (1911\u20132010) a nourri pendant plus de 70\u00a0ans une <strong>pratique prot\u00e9iforme<\/strong>, m\u00ealant \u00e0 la sculpture le dessin, la peinture, l\u2019art textile ou encore l\u2019\u00e9criture.<\/p>\n<p class=\"editor-content__paragraph\">Artiste totale, ce petit bout de femme \u00e0 la voix piquante, s\u2019exprimant en anglais avec un accent \u00e0 couper au couteau, s\u2019est tardivement impos\u00e9e sur la sc\u00e8ne internationale, o\u00f9 elle est d\u00e9sormais unanimement <strong>reconnue comme un monument de la cr\u00e9ation contemporaine<\/strong>. Diffus\u00e9 sur Arte ce dimanche 13\u00a0juillet (et d\u00e9j\u00e0 disponible en streaming sur arte.tv), un <strong>documentaire<\/strong> r\u00e9alis\u00e9 par Marie-\u00c8ve de Grave, enrichi de nombreuses<strong> images d\u2019archives<\/strong> et d\u2019<strong>extraits des carnets<\/strong> de l\u2019artiste, retrace la vie de cette figure majeure de l\u2019art f\u00e9ministe, qui a fait exploser tous les tabous li\u00e9s \u00e0 la sexualit\u00e9, au genre et \u00e0 la maternit\u00e9.<\/p>\n<p>Mythologie personnelle<\/p>\n<p class=\"editor-content__paragraph\">L\u2019art de Louise Bourgeois puise ses origines dans son histoire personnelle. N\u00e9e en 1911\u00a0au sein d\u2019une famille de restaurateurs de tapisseries, l\u2019artiste a v\u00e9cu une<strong> enfance troubl\u00e9e<\/strong> par des angoisses d\u2019abandon et de mort. Le choc de la <strong>disparition de sa m\u00e8re<\/strong>, qui la pousse \u00e0 commettre une tentative de suicide, rebat les cartes de son existence\u00a0: la jeune Louise, qui s\u2019\u00e9tait destin\u00e9e \u00e0 des \u00e9tudes scientifiques, embrasse finalement la <strong>carri\u00e8re d\u2019artiste<\/strong> et \u00e9pouse, quelques jours seulement apr\u00e8s leur rencontre, un historien de l\u2019art am\u00e9ricain.<\/p>\n<p>    <img loading=\"lazy\" decoding=\"async\" class=\"image__img\" src=\"https:\/\/www.europesays.com\/fr\/wp-content\/uploads\/2025\/07\/unelouise-bourgeois-in-her-studio-with-her-sculpture-pass-in-1988-photograph-claudio-edinger--the-ea.jpeg\" alt=\"Louise Bourgeois dans son atelier devant sa sculpture \u00ab\u00a0Pass\u00a0\u00bb\" width=\"964\" height=\"723\"\/><\/p>\n<p>Louise Bourgeois dans son atelier devant sa sculpture \u00ab\u00a0Pass\u00a0\u00bb, 1988<\/p>\n<p>    i<\/p>\n<p class=\"legende__cartel\">Photo Claudio Edinger \/ \u00a9 The Easton Foundation \/ ADAGP, Paris 2025<\/p>\n<p class=\"editor-content__paragraph\">Install\u00e9e aux \u00c9tats-Unis et devenue m\u00e8re de trois enfants, elle trouve dans la cr\u00e9ation non pas un refuge, mais <strong>un espace de confrontation de ses angoisses<\/strong>, qui l\u2019assaillent de plus belle apr\u00e8s le d\u00e9c\u00e8s de son p\u00e8re. Nourrie par la psychanalyse, son \u0153uvre explore <strong>les m\u00e9andres de la condition f\u00e9minine<\/strong>, sonde la myst\u00e9rieuse beaut\u00e9 du sexe masculin qu\u2019elle sculpte dans le pl\u00e2tre ou le latex.<\/p>\n<p>        \u00c0 lire aussi :<br \/>\n        <a class=\"renvoi-explicite__link\" href=\"https:\/\/www.beauxarts.com\/grand-format\/ce-que-vous-ne-saviez-peut-etre-pas-sur-louise-bourgeois\/\" rel=\"nofollow noopener\" target=\"_blank\">Ce que vous ne saviez (peut-\u00eatre) pas sur Louise Bourgeois<\/a><\/p>\n<p>De l\u2019underground \u00e0 la lumi\u00e8re<\/p>\n<p class=\"editor-content__paragraph\">Devenue la <strong>coqueluche de l\u2019underground new-yorkais<\/strong> dans les ann\u00e9es 1970, immortalis\u00e9e dans une s\u00e9rie de portraits mythiques par <a href=\"https:\/\/www.beauxarts.com\/expos\/mapplethorpe-la-beaute-transgressive\/\" target=\"_blank\" rel=\"noopener nofollow\">Robert Mapplethorpe<\/a>, elle acc\u00e8de finalement \u00e0 la cons\u00e9cration lorsque le MoMA lui consacre une<strong> grande r\u00e9trospective en 1982<\/strong> \u2013 la premi\u00e8re d\u00e9di\u00e9e \u00e0 une artiste femme par le mus\u00e9e. Le monde d\u00e9couvre alors toute la richesse et, surtout, la puissance de son \u0153uvre, dont ce <strong>foisonnant documentaire<\/strong> se fait admirablement l\u2019\u00e9cho.<\/p>\n<p>        \u00c0 lire aussi :<br \/>\n        <a class=\"renvoi-explicite__link\" href=\"https:\/\/www.beauxarts.com\/lifestyle\/sur-arte-un-formidable-documentaire-danimation-rend-aux-femmes-leur-juste-place-dans-la-revolution-francaise\/\" rel=\"nofollow noopener\" target=\"_blank\">Sur Arte, un formidable documentaire d\u2019animation rend aux femmes leur juste place dans la R\u00e9volution fran\u00e7aise<\/a><\/p>\n<p>  Arrow<\/p>\n<p>Louise Bourgeois, la sculpture et la col\u00e8re<\/p>\n<p class=\"annexe-content__subtitle\">Par Marie-\u00c8ve de Grave<\/p>\n<p>France, 2024 \u2022 57 min<\/p>\n<p>Diffusion le dimanche 13 juillet 2025 \u00e0 17h55<\/p>\n<p><a href=\"https:\/\/www.arte.tv\/fr\/videos\/108480-000-A\/louise-bourgeois-la-sculpture-et-la-colere\/\" target=\"_blank\" rel=\"noopener nofollow\">Disponible jusqu\u2019au 10 octobre 2025 sur arte.tv<\/a><\/p><\/p>\n","protected":false},"excerpt":{"rendered":"Le grand public la conna\u00eet surtout pour ses impressionnantes Maman, monumentales araign\u00e9es de bronze qui ont colonis\u00e9 les&hellip;\n","protected":false},"author":2,"featured_media":237775,"comment_status":"","ping_status":"","sticky":false,"template":"","format":"standard","meta":{"footnotes":""},"categories":[1358],"tags":[1348,1384,1385,1386,58,59,1011,27],"class_list":{"0":"post-237774","1":"post","2":"type-post","3":"status-publish","4":"format-standard","5":"has-post-thumbnail","7":"category-arts-et-design","8":"tag-arts","9":"tag-arts-and-design","10":"tag-arts-et-design","11":"tag-design","12":"tag-divertissement","13":"tag-entertainment","14":"tag-fr","15":"tag-france"},"share_on_mastodon":{"url":"https:\/\/pubeurope.com\/@fr\/114823724143500141","error":""},"_links":{"self":[{"href":"https:\/\/www.europesays.com\/fr\/wp-json\/wp\/v2\/posts\/237774","targetHints":{"allow":["GET"]}}],"collection":[{"href":"https:\/\/www.europesays.com\/fr\/wp-json\/wp\/v2\/posts"}],"about":[{"href":"https:\/\/www.europesays.com\/fr\/wp-json\/wp\/v2\/types\/post"}],"author":[{"embeddable":true,"href":"https:\/\/www.europesays.com\/fr\/wp-json\/wp\/v2\/users\/2"}],"replies":[{"embeddable":true,"href":"https:\/\/www.europesays.com\/fr\/wp-json\/wp\/v2\/comments?post=237774"}],"version-history":[{"count":0,"href":"https:\/\/www.europesays.com\/fr\/wp-json\/wp\/v2\/posts\/237774\/revisions"}],"wp:featuredmedia":[{"embeddable":true,"href":"https:\/\/www.europesays.com\/fr\/wp-json\/wp\/v2\/media\/237775"}],"wp:attachment":[{"href":"https:\/\/www.europesays.com\/fr\/wp-json\/wp\/v2\/media?parent=237774"}],"wp:term":[{"taxonomy":"category","embeddable":true,"href":"https:\/\/www.europesays.com\/fr\/wp-json\/wp\/v2\/categories?post=237774"},{"taxonomy":"post_tag","embeddable":true,"href":"https:\/\/www.europesays.com\/fr\/wp-json\/wp\/v2\/tags?post=237774"}],"curies":[{"name":"wp","href":"https:\/\/api.w.org\/{rel}","templated":true}]}}