{"id":237782,"date":"2025-07-09T14:25:22","date_gmt":"2025-07-09T14:25:22","guid":{"rendered":"https:\/\/www.europesays.com\/fr\/237782\/"},"modified":"2025-07-09T14:25:22","modified_gmt":"2025-07-09T14:25:22","slug":"le-troisieme-film-dune-ne-sappellera-pas-comme-on-le-pensait","status":"publish","type":"post","link":"https:\/\/www.europesays.com\/fr\/237782\/","title":{"rendered":"Le troisi\u00e8me film\u00a0Dune ne s\u2019appellera pas comme on le pensait"},"content":{"rendered":"<p>Le nouveau film de Denis Villeneuve se pr\u00e9cise de plus en plus, d\u00e9voilant notamment son titre officiel. Mais contrairement \u00e0 ce que les fans esp\u00e9raient, le prochain volet de Dune semble prendre une tournure plus surprenante.<\/p>\n<p>Denis Villeneuve peut-il encore se surpasser, apr\u00e8s nous avoir livr\u00e9 les monuments <a href=\"https:\/\/www.numerama.com\/films\/dune\/\" rel=\"nofollow noopener\" target=\"_blank\">Dune<\/a> et <a href=\"https:\/\/www.numerama.com\/films\/dune-partie-2\/\" rel=\"nofollow noopener\" target=\"_blank\">Dune : Deuxi\u00e8me Partie<\/a> ? Le r\u00e9alisateur de <a href=\"https:\/\/www.numerama.com\/films\/premier-contact\/\" data-type=\"movies\" data-id=\"783203\" rel=\"nofollow noopener\" target=\"_blank\">Premier Contact<\/a> semble en tout cas bien d\u00e9cid\u00e9 \u00e0 concevoir un troisi\u00e8me volet toujours aussi spectaculaire.<\/p>\n<p>L\u2019adaptation de la saga culte de Franck Herbert va donc se poursuivre avec une nouvelle aventure, bas\u00e9e sur le tome 2 : Le Messie de Dune. La logique aurait voulu que <a href=\"https:\/\/www.numerama.com\/films\/dune-3\/\" rel=\"nofollow noopener\" target=\"_blank\">Dune 3<\/a> adopte ce titre, \u00e0 savoir celui de Dune: Messiah, en anglais. C\u2019est \u00e9videmment ce que les fans esp\u00e9raient. Mais la production en a visiblement d\u00e9cid\u00e9 autrement.<\/p>\n<p>    Pour aller plus loin<\/p>\n<p>                <img decoding=\"async\" width=\"87\" height=\"87\" loading=\"lazy\" alt=\"Timoth\u00e9e Chalamet (Paul) et Zendaya (Chani) dans Dune 2. \/\/ Source : Warner Bros.\" title=\"Timoth\u00e9e Chalamet (Paul) et Zendaya (Chani) dans Dune 2. \/\/ Source : Warner Bros.\" class=\"placeholder-default wp-image\" src=\"https:\/\/www.europesays.com\/fr\/wp-content\/uploads\/2025\/07\/dune-2-zendaya-chalamet-120x120.jpg\" \/>            <\/p>\n<p>Une trilogie\u2026 ou pas ?<\/p>\n<p>C\u2019est donc d\u00e9sormais officiel : le troisi\u00e8me volet de Dune se nommera\u2026 Dune : Troisi\u00e8me Partie (Part Three). Il s\u2019agit d\u2019un choix \u00e0 la fois coh\u00e9rent et \u00e9tonnant, puisque le film sera la suite de Dune : Deuxi\u00e8me Partie. Warner Bros. a donc fait le choix de la continuit\u00e9 totale afin de ne pas perdre ses spectateurs, ce qui est plut\u00f4t malin.<\/p>\n<p>En revanche, d\u2019un point de vue litt\u00e9raire, la d\u00e9cision appara\u00eet plus confuse. Dune et Dune 2 adaptaient ainsi le premier tome de la saga de Franck Herbert, en divisant l\u2019intrigue en deux longs-m\u00e9trages, pour davantage de clart\u00e9. L\u2019appellation de Deuxi\u00e8me Partie avait donc tout son sens.<\/p>\n<p>Dune 3, lui, s\u2019attaquera \u00e0 un tout autre roman, Dune : Messiah, qui suivra l\u2019ascension au pouvoir de Paul Atreides en tant qu\u2019empereur. Il est d\u00e8s lors un peu \u00e9trange de le pr\u00e9senter comme une simple continuit\u00e9 des deux films pr\u00e9c\u00e9dents, alors m\u00eame que l\u2019histoire se d\u00e9roulera plus de 12 ans plus tard.<\/p>\n<p><a href=\"https:\/\/www.numerama.com\/wp-content\/uploads\/2023\/05\/dune-2-zendaya-chalamet.jpg\" rel=\"nofollow noopener\" target=\"_blank\"><img decoding=\"async\" width=\"1024\" height=\"576\" loading=\"lazy\" alt=\"Timoth\u00e9e Chalamet (Paul) et Zendaya (Chani) dans Dune 2. \/\/ Source : Warner Bros.\" title=\"Timoth\u00e9e Chalamet (Paul) et Zendaya (Chani) dans Dune 2. \/\/ Source : Warner Bros.\" class=\"wp-image-1632672 placeholder-default wp-image\" src=\"https:\/\/www.europesays.com\/fr\/wp-content\/uploads\/2025\/07\/dune-2-zendaya-chalamet-1024x576.jpg\" \/><\/a>Timoth\u00e9e Chalamet (Paul) et Zendaya (Chani) dans Dune 2. \/\/ Source : Warner Bros.<\/p>\n<p>Cela va \u00e0 l\u2019encontre m\u00eame de la vision de Denis Villeneuve, qui voyait les deux premiers volets comme un \u00ab diptyque \u00bb : \u00ab Si je fais un troisi\u00e8me film, actuellement en cours d\u2019\u00e9criture, ce ne sera pas comme une trilogie. C\u2019est \u00e9trange \u00e0 dire, mais si j\u2019y retourne, ce sera pour faire quelque chose de diff\u00e9rent, qui poss\u00e8de sa propre identit\u00e9. \u00bb<\/p>\n<p>Quoi qu\u2019il en soit, peu importe son titre, Dune : Troisi\u00e8me Partie s\u2019annonce comme l\u2019un des \u00e9v\u00e8nements de d\u00e9cembre 2026. Si sa date de sortie pr\u00e9cise n\u2019a pas encore \u00e9t\u00e9 r\u00e9v\u00e9l\u00e9e, le tournage devrait bient\u00f4t commencer, <a href=\"https:\/\/variety.com\/2025\/film\/news\/dune-3-title-imax-cameras-1236448953\/\" target=\"_blank\" rel=\"nofollow noopener\">d\u2019apr\u00e8s Variety<\/a>. Warner Bros. a \u00e9galement indiqu\u00e9 que plusieurs s\u00e9quences seraient tourn\u00e9es directement gr\u00e2ce \u00e0 des cam\u00e9ras IMAX. Sans atteindre les sommets de <a href=\"https:\/\/www.numerama.com\/films\/lodyssee\/\" data-type=\"movies\" data-id=\"1872706\" rel=\"nofollow noopener\" target=\"_blank\">L\u2019Odyss\u00e9e<\/a>, le prochain <a href=\"https:\/\/www.numerama.com\/pop-culture\/1906973-lodyssee-de-christopher-nolan-voici-la-toute-premiere-image-du-film.html\" data-type=\"post\" data-id=\"1906973\" rel=\"nofollow noopener\" target=\"_blank\">film de Christopher Nolan enti\u00e8rement tourn\u00e9 sous cette forme<\/a>, Dune 3 devrait donc \u00eatre encore plus spectaculaire que les pr\u00e9c\u00e9dents.<\/p>\n<p>    Pour aller plus loin<\/p>\n<p>                <img decoding=\"async\" width=\"87\" height=\"87\" loading=\"lazy\" alt=\"Dune. \/\/ Source : Robert Laffont\/Aur\u00e9lien Police\" title=\"Dune. \/\/ Source : Robert Laffont\/Aur\u00e9lien Police\" class=\"placeholder-default wp-image\" src=\"https:\/\/www.europesays.com\/fr\/wp-content\/uploads\/2025\/07\/dune-herbert-couv-200x145.jpg\" \/>            <\/p>\n<p>                        <a href=\"https:\/\/www.numerama.com\/films\/dune-3\/\" class=\"is-block\" rel=\"nofollow noopener\" target=\"_blank\"><br \/>\n                            <img decoding=\"async\" width=\"350\" height=\"210\" loading=\"lazy\" alt=\"Paul Atr\u00e9ides, dans Dune. \/\/ Source : Warner\" title=\"Paul Atr\u00e9ides, dans Dune. \/\/ Source : Warner\" class=\"is-block is-radiused placeholder-default wp-image\" src=\"https:\/\/www.europesays.com\/fr\/wp-content\/uploads\/2025\/07\/dune-2-paul-680x383.jpg\" \/>                        <\/a><\/p>\n<p>                        <a href=\"https:\/\/www.numerama.com\/films\/dune-3\/\" class=\"is-family-serif is-block has-text-body has-text-primary-hover has-text-decoration-none mb-1\" rel=\"nofollow noopener\" target=\"_blank\"><br \/>\n                Dune 3            <\/a><\/p>\n<p>        Il n\u2019y a pas d\u2019offres pour le moment\n                                            <\/p>\n<p>            <img decoding=\"async\" src=\"https:\/\/www.europesays.com\/fr\/wp-content\/uploads\/2025\/04\/iPhone-16-pro.png\" alt=\"Toute l'actu tech en un clien d'oeil\"\/><\/p>\n<p class=\"card-install-pwa__title\">Toute l&rsquo;actu tech en un clin d&rsquo;\u0153il<\/p>\n<p class=\"card-install-pwa__description\">Ajoutez Numerama \u00e0 votre \u00e9cran d&rsquo;accueil et restez connect\u00e9s au futur !<\/p>\n<p>            <img decoding=\"async\" src=\"https:\/\/www.numerama.com\/wp-content\/themes\/numerama-next\/assets\/images\/premium\/logo-card-pwa-coupe.svg\" alt=\"Logo PWA\"\/><\/p>\n<p>       Installer Numerama<\/p>\n<p>                        <a href=\"https:\/\/www.numerama.com\/films\/dune\/\" class=\"is-block\" rel=\"nofollow noopener\" target=\"_blank\"><br \/>\n                            <img decoding=\"async\" width=\"350\" height=\"210\" loading=\"lazy\" alt=\"Paul et dame Jessica portant le distille dans le d\u00e9sert d'Arrakis. \/\/ Source : Warner\" title=\"Paul et dame Jessica portant le distille dans le d\u00e9sert d'Arrakis. \/\/ Source : Warner\" class=\"is-block is-radiused placeholder-default\" src=\"https:\/\/www.europesays.com\/fr\/wp-content\/uploads\/2025\/07\/dune-distille-arrakis-680x383.jpg\" \/>                        <\/a><\/p>\n","protected":false},"excerpt":{"rendered":"Le nouveau film de Denis Villeneuve se pr\u00e9cise de plus en plus, d\u00e9voilant notamment son titre officiel. Mais&hellip;\n","protected":false},"author":2,"featured_media":237783,"comment_status":"","ping_status":"","sticky":false,"template":"","format":"standard","meta":{"footnotes":""},"categories":[1354],"tags":[650,58,4440,25489,59,1346,1011,27,13734,1360],"class_list":{"0":"post-237782","1":"post","2":"type-post","3":"status-publish","4":"format-standard","5":"has-post-thumbnail","7":"category-films","8":"tag-cinema","9":"tag-divertissement","10":"tag-dune","11":"tag-dune-3","12":"tag-entertainment","13":"tag-films","14":"tag-fr","15":"tag-france","16":"tag-imax","17":"tag-movies"},"share_on_mastodon":{"url":"https:\/\/pubeurope.com\/@fr\/114823740058732954","error":""},"_links":{"self":[{"href":"https:\/\/www.europesays.com\/fr\/wp-json\/wp\/v2\/posts\/237782","targetHints":{"allow":["GET"]}}],"collection":[{"href":"https:\/\/www.europesays.com\/fr\/wp-json\/wp\/v2\/posts"}],"about":[{"href":"https:\/\/www.europesays.com\/fr\/wp-json\/wp\/v2\/types\/post"}],"author":[{"embeddable":true,"href":"https:\/\/www.europesays.com\/fr\/wp-json\/wp\/v2\/users\/2"}],"replies":[{"embeddable":true,"href":"https:\/\/www.europesays.com\/fr\/wp-json\/wp\/v2\/comments?post=237782"}],"version-history":[{"count":0,"href":"https:\/\/www.europesays.com\/fr\/wp-json\/wp\/v2\/posts\/237782\/revisions"}],"wp:featuredmedia":[{"embeddable":true,"href":"https:\/\/www.europesays.com\/fr\/wp-json\/wp\/v2\/media\/237783"}],"wp:attachment":[{"href":"https:\/\/www.europesays.com\/fr\/wp-json\/wp\/v2\/media?parent=237782"}],"wp:term":[{"taxonomy":"category","embeddable":true,"href":"https:\/\/www.europesays.com\/fr\/wp-json\/wp\/v2\/categories?post=237782"},{"taxonomy":"post_tag","embeddable":true,"href":"https:\/\/www.europesays.com\/fr\/wp-json\/wp\/v2\/tags?post=237782"}],"curies":[{"name":"wp","href":"https:\/\/api.w.org\/{rel}","templated":true}]}}