{"id":237784,"date":"2025-07-09T14:26:10","date_gmt":"2025-07-09T14:26:10","guid":{"rendered":"https:\/\/www.europesays.com\/fr\/237784\/"},"modified":"2025-07-09T14:26:10","modified_gmt":"2025-07-09T14:26:10","slug":"le-premier-episode-de-transmission-autochtone-de-lannee-a-ete-identifie-en-metropole-en-auvergne-rhone-alpes","status":"publish","type":"post","link":"https:\/\/www.europesays.com\/fr\/237784\/","title":{"rendered":"le premier \u00e9pisode de transmission autochtone de l\u2019ann\u00e9e a \u00e9t\u00e9 identifi\u00e9 en m\u00e9tropole, en Auvergne-Rh\u00f4ne-Alpes"},"content":{"rendered":"<p>                          <img loading=\"lazy\" decoding=\"async\" src=\"https:\/\/www.europesays.com\/fr\/wp-content\/uploads\/2025\/07\/46eb983_1656687692661-bios-1796371.jpg\" alt=\"Un moustique tigre asiatique.\"   width=\"664\" height=\"443\"\/>    Un moustique tigre asiatique.  ROGER ERITJA\/BIOSPHOTO                   <\/p>\n<p class=\"article__paragraph  \">Un premier \u00e9pisode de transmission autochtone de dengue cette ann\u00e9e en m\u00e9tropole a \u00e9t\u00e9 identifi\u00e9 en r\u00e9gion Auvergne-Rh\u00f4ne-Alpes et neuf sont d\u00e9sormais recens\u00e9s pour le chikungunya, a indiqu\u00e9 mercredi Sant\u00e9 publique France (SPF), insistant sur un risque important de transmission \u00e9pid\u00e9mique.<\/p>\n<p>                                     Lire aussi |  Article r\u00e9serv\u00e9 \u00e0 nos abonn\u00e9s  <a href=\"https:\/\/www.lemonde.fr\/planete\/article\/2025\/05\/23\/la-chasse-au-moustique-tigre-est-lancee-en-auvergne-rhone-alpes-face-a-la-recrudescence-de-virus-tropicaux-importes_6607838_3244.html\" class=\"js-article-read-also catcher--favoris__link\" data-premium=\"1\" id=\"article-title-3423799\" rel=\"nofollow noopener\" target=\"_blank\">La chasse au moustique-tigre est lanc\u00e9e en\u00a0Auvergne-Rh\u00f4ne-Alpes<\/a>    <\/p>\n<p>   Lire plus tard  <\/p>\n<p class=\"article__paragraph  \">\u00ab\u00a0Le premier \u00e9pisode de dengue pour cette ann\u00e9e 2025 a \u00e9t\u00e9 identifi\u00e9 en Auvergne-Rh\u00f4ne-Alpes, avec une date de d\u00e9but des signes au 1er\u00a0juillet pour le seul cas\u00a0\u00bb d\u00e9tect\u00e9 jusqu\u2019ici, note l\u2019agence sanitaire dans son bilan hebdomadaire de la surveillance renforc\u00e9e des maladies transmises par les moustiques tigres.<\/p>\n<p class=\"article__paragraph  \">Aucun \u00e9pisode de transmission autochtone n\u2019a \u00e9t\u00e9 mis en \u00e9vidence en Europe, en dehors de la France, pr\u00e9cise SPF. Pour le chikungunya, les neuf foyers se situent dans les r\u00e9gions Provence-Alpes-C\u00f4te d\u2019Azur, Corse, Occitanie, Auvergne-Rh\u00f4ne-Alpes et, pour la premi\u00e8re fois cette ann\u00e9e, Grand-Est et Nouvelle-Aquitaine.<\/p>\n<p class=\"article__paragraph  \">Cette ann\u00e9e, les cas autochtones de chikungunya sont les plus pr\u00e9coces jamais identifi\u00e9s en France hexagonale dans la saison d\u2019activit\u00e9 du moustique, et leur nombre y est le plus \u00e9lev\u00e9 enregistr\u00e9 jusqu\u2019ici. L\u2019un des facteurs est l\u2019\u00e9pid\u00e9mie \u00e0 La R\u00e9union et dans l\u2019oc\u00e9an Indien.<\/p>\n<p>                                Lire aussi |  Article r\u00e9serv\u00e9 \u00e0 nos abonn\u00e9s  <a href=\"https:\/\/www.lemonde.fr\/planete\/article\/2025\/05\/16\/chikungunya-les-autorites-redoutent-l-importation-de-l-epidemie-en-metropole_6606415_3244.html\" class=\"js-article-read-also catcher--favoris__link\" data-premium=\"1\" id=\"article-title-3422711\" rel=\"nofollow noopener\" target=\"_blank\">Chikungunya\u00a0: les autorit\u00e9s redoutent l\u2019importation de l\u2019\u00e9pid\u00e9mie en m\u00e9tropole<\/a>    <\/p>\n<p>   Lire plus tard  <\/p>\n<p class=\"article__paragraph  \">\u00ab\u00a0Malgr\u00e9 une baisse du nombre de cas import\u00e9s de chikungunya, notamment en provenance de La R\u00e9union et de l\u2019oc\u00e9an Indien, leur niveau contribue \u00e0 l\u2019apparition de transmissions autochtones dans l\u2019Hexagone\u00a0\u00bb, rappelle Sant\u00e9 publique France.<\/p>\n<p>             Quatre-vingt-un d\u00e9partements concern\u00e9s             <\/p>\n<p class=\"article__paragraph  \">Le risque d\u2019une transmission \u00e9pid\u00e9mique de ces virus en m\u00e9tropole est aussi accru par les fortes chaleurs\u00a0: les temp\u00e9ratures \u00e9lev\u00e9es contribuent en effet \u00e0 la circulation du moustique tigre, un ph\u00e9nom\u00e8ne accentu\u00e9 par le r\u00e9chauffement climatique.<\/p>\n<p class=\"article__paragraph  \">Apparu dans l\u2019Hexagone en\u00a02004, le moustique tigre y continue son expansion rapide\u00a0: il \u00e9tait implant\u00e9, d\u00e9but 2025, dans 81\u00a0d\u00e9partements, soit 84\u00a0% des d\u00e9partements m\u00e9tropolitains.<\/p>\n<p>                                Lire aussi |  Article r\u00e9serv\u00e9 \u00e0 nos abonn\u00e9s  <a href=\"https:\/\/www.lemonde.fr\/planete\/article\/2025\/07\/08\/de-nouvelles-armes-dans-la-lutte-contre-les-moustiques-et-les-maladies-qu-ils-transmettent_6619818_3244.html\" class=\"js-article-read-also catcher--favoris__link\" data-premium=\"1\" id=\"article-title-3430188\" rel=\"nofollow noopener\" target=\"_blank\">De nouvelles armes dans la lutte contre les moustiques et les maladies qu\u2019ils transmettent<\/a>    <\/p>\n<p>   Lire plus tard  <\/p>\n<p class=\"article__paragraph  \">\u00ab\u00a0De 2010, ann\u00e9e des premiers cas autochtones de dengue et de chikungunya dans l\u2019Hexagone, \u00e0 2024, 53\u00a0\u00e9pisodes de transmission des virus de la dengue, du chikungunya et du Zika ont \u00e9t\u00e9 identifi\u00e9s\u00a0: 48 de dengue, 4 de chikungunya et 1 de Zika\u00a0\u00bb et ont totalis\u00e9 277\u00a0cas, rapporte l\u2019agence sanitaire.<\/p>\n<p class=\"article__paragraph  \">Les cas import\u00e9s augmentent aussi. Sant\u00e9 publique France en a compt\u00e9 1\u00a0680 de chikungunya, 1\u00a0651 de dengue et 6 de Zika depuis d\u00e9but 2025, apr\u00e8s 4\u00a0683 de dengue, 34 de chikungunya, 8 de Zika et une co-infection dengue-chikungunya sur l\u2019ann\u00e9e\u00a02024.<\/p>\n<p>                                Lire aussi |  Article r\u00e9serv\u00e9 \u00e0 nos abonn\u00e9s  <a href=\"https:\/\/www.lemonde.fr\/chaleur-humaine\/article\/2025\/05\/09\/le-moustique-tigre-est-il-plus-present-a-cause-du-rechauffement-climatique_6604384_6125299.html\" class=\"js-article-read-also catcher--favoris__link\" data-premium=\"1\" id=\"article-title-3419352\" rel=\"nofollow noopener\" target=\"_blank\">Y a-t-il davantage de moustiques-tigres en France \u00e0 cause du r\u00e9chauffement\u00a0climatique\u00a0?<\/a>    <\/p>\n<p>   Lire plus tard  <\/p>\n<p class=\"author__detail\">  Le Monde avec AFP  <\/p>\n<p>                  <a href=\"https:\/\/www.lemonde.fr\/syndication\/\" class=\"reuse__content\" title=\"R\u00e9utiliser ce contenu\" target=\"_blank\" rel=\"nofollow noopener\">R\u00e9utiliser ce contenu<\/a>      <\/p>\n","protected":false},"excerpt":{"rendered":"Un moustique tigre asiatique. ROGER ERITJA\/BIOSPHOTO Un premier \u00e9pisode de transmission autochtone de dengue cette ann\u00e9e en m\u00e9tropole&hellip;\n","protected":false},"author":2,"featured_media":237785,"comment_status":"","ping_status":"","sticky":false,"template":"","format":"standard","meta":{"footnotes":""},"categories":[10],"tags":[1011,27,72,71],"class_list":{"0":"post-237784","1":"post","2":"type-post","3":"status-publish","4":"format-standard","5":"has-post-thumbnail","7":"category-sante","8":"tag-fr","9":"tag-france","10":"tag-health","11":"tag-sante"},"share_on_mastodon":{"url":"https:\/\/pubeurope.com\/@fr\/114823743708833808","error":""},"_links":{"self":[{"href":"https:\/\/www.europesays.com\/fr\/wp-json\/wp\/v2\/posts\/237784","targetHints":{"allow":["GET"]}}],"collection":[{"href":"https:\/\/www.europesays.com\/fr\/wp-json\/wp\/v2\/posts"}],"about":[{"href":"https:\/\/www.europesays.com\/fr\/wp-json\/wp\/v2\/types\/post"}],"author":[{"embeddable":true,"href":"https:\/\/www.europesays.com\/fr\/wp-json\/wp\/v2\/users\/2"}],"replies":[{"embeddable":true,"href":"https:\/\/www.europesays.com\/fr\/wp-json\/wp\/v2\/comments?post=237784"}],"version-history":[{"count":0,"href":"https:\/\/www.europesays.com\/fr\/wp-json\/wp\/v2\/posts\/237784\/revisions"}],"wp:featuredmedia":[{"embeddable":true,"href":"https:\/\/www.europesays.com\/fr\/wp-json\/wp\/v2\/media\/237785"}],"wp:attachment":[{"href":"https:\/\/www.europesays.com\/fr\/wp-json\/wp\/v2\/media?parent=237784"}],"wp:term":[{"taxonomy":"category","embeddable":true,"href":"https:\/\/www.europesays.com\/fr\/wp-json\/wp\/v2\/categories?post=237784"},{"taxonomy":"post_tag","embeddable":true,"href":"https:\/\/www.europesays.com\/fr\/wp-json\/wp\/v2\/tags?post=237784"}],"curies":[{"name":"wp","href":"https:\/\/api.w.org\/{rel}","templated":true}]}}