{"id":237788,"date":"2025-07-09T14:28:12","date_gmt":"2025-07-09T14:28:12","guid":{"rendered":"https:\/\/www.europesays.com\/fr\/237788\/"},"modified":"2025-07-09T14:28:12","modified_gmt":"2025-07-09T14:28:12","slug":"haute-couture-casting-5-etoiles-pour-les-adieux-de-demna-a-balenciaga-actualites","status":"publish","type":"post","link":"https:\/\/www.europesays.com\/fr\/237788\/","title":{"rendered":"Haute couture: casting 5 \u00e9toiles pour les adieux de Demna \u00e0 Balenciaga : Actualit\u00e9s"},"content":{"rendered":"<p class=\"lead \">Une page se tourne: avant de rejoindre Gucci, Demna a pr\u00e9sent\u00e9 mercredi \u00e0 Paris sa derni\u00e8re collection haute couture pour Balenciaga, avec un casting cinq \u00e9toiles dans la salle comme sur le podium.<\/p>\n<p class=\"lead \">Tandis qu&rsquo;Aya Nakamura, Naomi Watts et Nicole Kidman ont pris place aux c\u00f4t\u00e9s de Fran\u00e7ois-Henri Pinault, PDG de Kering \u2014 propri\u00e9taire de Balenciaga et Gucci \u2014 et de son \u00e9pouse Salma Hayek, Isabelle Huppert, Kim Kardashian &#8211; des fid\u00e8les du cr\u00e9ateur &#8211; ou encore les mannequins Naomi Campbell et Eva Herzigova ont foul\u00e9 le catwalk. <\/p>\n<p class=\"lead \">Fid\u00e8le \u00e0 l&rsquo;esprit de la maison fond\u00e9e par Crist\u00f3bal Balenciaga, le cr\u00e9ateur g\u00e9orgien de 44 ans a rendu hommage aux coupes classiques et \u00e0 l&rsquo;aust\u00e9rit\u00e9 \u00e9l\u00e9gante du ma\u00eetre espagnol, tout en y injectant sa dose habituelle d&rsquo;irr\u00e9v\u00e9rence.<\/p>\n<p class=\"lead \">Le noir \u00e9tait de rigueur, avec des tailleurs tr\u00e8s cintr\u00e9s \u00e0 la taille et aux \u00e9paules d\u00e9mesur\u00e9es, d&rsquo;immenses manteaux, des pulls \u00e0 col montant jusqu&rsquo;aux oreilles ou encore des robes droites \u00e0 manches longues.<\/p>\n<p class=\"lead \">Une aust\u00e9rit\u00e9 \u00e9maill\u00e9e de quelques touches de couleur et de glamour, comme des robes bustiers jaune et rose p\u00e2le, un ample manteau blanc en plumes, un ensemble veste et jupe longue orn\u00e9es de grosses roses scintillantes et un autre rouge vif. <\/p>\n<p class=\"lead \">Demna a \u00e9galement fait d\u00e9filer des hommes en costumes oversize ou en bombers, une petite provocation du cr\u00e9ateur connu pour son impertinence. La semaine de la haute couture est en effet traditionnellement r\u00e9serv\u00e9e au vestiaire f\u00e9minin.<\/p>\n<p class=\"lead \">&#8211; A la rescousse chez Gucci &#8211;<\/p>\n<p class=\"lead \">Apr\u00e8s dix ans \u00e0 la t\u00eate de Balenciaga, Demna Gvasalia quitte la maison fran\u00e7aise pour prendre la direction artistique de Gucci, dont les contre-performances plombent l&rsquo;activit\u00e9 de Kering. <\/p>\n<p class=\"lead \">\u00ab\u00a0Ce que Demna a apport\u00e9 \u00e0 la mode, \u00e0 Balenciaga et au succ\u00e8s du groupe est immense. Sa force cr\u00e9ative est exactement ce dont Gucci a besoin\u00a0\u00bb, saluait Fran\u00e7ois-Henri Pinault dans le communiqu\u00e9 annon\u00e7ant ce transfert, sans doute le plus inattendu du mercato mode de ces derniers mois.<\/p>\n<p class=\"lead \">Les rumeurs sur la succession de Sabato de Sarno, parti en f\u00e9vrier apr\u00e8s seulement deux ans \u00e0 la t\u00eate de la griffe italienne, \u00e9voquaient plut\u00f4t Maria Grazia Chiuri, alors future ex-directrice artistique des collections femme de Dior, ou Hedi Slimane, parti de Celine en octobre 2024. <\/p>\n<p class=\"lead \">Cette nomination surprise doit relancer la marque italienne, en perte de vitesse. Plomb\u00e9 par la mauvaise passe de sa marque phare, qui repr\u00e9sente 44% du chiffre d&rsquo;affaires de Kering (Saint Laurent, Bottega Veneta&#8230;), le groupe a vu ses revenus reculer de 12% en 2024, \u00e0 17,19 milliards d&rsquo;euros.<\/p>\n<p class=\"lead \">Avec son style iconoclaste, Demna a fait ses preuves chez Balenciaga. Depuis 2015, le cr\u00e9ateur s&rsquo;est fait conna\u00eetre par sa capacit\u00e9 \u00e0 habiller aussi bien la rappeuse Cardi B qu&rsquo;Isabelle Huppert, \u00e0 faire des T-shirts et de la haute couture et rendre d\u00e9sirable le \u00ab\u00a0moche\u00a0\u00bb, comme des Crocs \u00e0 semelles compens\u00e9es ou des sacs \u00ab\u00a0poubelle\u00a0\u00bb.<\/p>\n<p class=\"lead \">Mais il est aussi parfois all\u00e9 trop loin: en 2022, sa campagne publicitaire mettant en sc\u00e8ne des enfants avec des accessoires d&rsquo;inspiration sado-masochiste avait fait scandale.<\/p>\n<p class=\"lead \">&#8211; Renouveau chez Maison Margiela &#8211;<\/p>\n<p class=\"lead \">Une page se tourne chez Balenciaga mais \u00e9galement chez Maison Margiela, qui d\u00e9voile dans la soir\u00e9e sa premi\u00e8re collection de Glenn Martens.<\/p>\n<p class=\"lead \">Le designer belge a \u00e9t\u00e9 nomm\u00e9 directeur artistique en janvier pour prendre la suite du cr\u00e9ateur star et fantasque John Galliano.<\/p>\n<p class=\"lead \">Connu pour son travail chez Diesel et au sein de la marque exp\u00e9rimentale Y\/Projet, Glenn Martens signe avec ce premier d\u00e9fil\u00e9 le retour de la maison au calendrier de la haute couture, apr\u00e8s un dernier show sous le pont Alexandre III en janvier 2024, consid\u00e9r\u00e9 par beaucoup comme l&rsquo;un des plus spectaculaires de ces derni\u00e8res ann\u00e9es. <\/p>\n<p class=\"lead \">Avant \u00e7a, la journ\u00e9e a d\u00e9but\u00e9 par le d\u00e9fil\u00e9 tr\u00e8s th\u00e9\u00e2tral de Robert Wun au Th\u00e9\u00e2tre du Ch\u00e2telet. <\/p>\n<p class=\"lead \">Connu pour son esth\u00e9tique sculpturale et parfois presque surr\u00e9aliste, le cr\u00e9ateur hongkongais a d\u00e9voil\u00e9 une collection aux coupes pr\u00e9cises pour traduire le rituel de l&rsquo;habillage, de la robe couette ensanglant\u00e9e \u00e0 la robe de mari\u00e9e, avec un bustier sculpt\u00e9 et une imposante jupe \u00e0 tra\u00eene.<\/p>\n<p class=\"small font-weight-bold text-gray3 \"> publi\u00e9 le 9 juillet \u00e0 14h31, AFP<\/p>\n<p>                             Partager<\/p>\n","protected":false},"excerpt":{"rendered":"Une page se tourne: avant de rejoindre Gucci, Demna a pr\u00e9sent\u00e9 mercredi \u00e0 Paris sa derni\u00e8re collection haute&hellip;\n","protected":false},"author":2,"featured_media":237789,"comment_status":"","ping_status":"","sticky":false,"template":"","format":"standard","meta":{"footnotes":""},"categories":[8],"tags":[1971,2105,58,59,1011,27,2425,985],"class_list":{"0":"post-237788","1":"post","2":"type-post","3":"status-publish","4":"format-standard","5":"has-post-thumbnail","7":"category-divertissement","8":"tag-clbrits","9":"tag-distribution","10":"tag-divertissement","11":"tag-entertainment","12":"tag-fr","13":"tag-france","14":"tag-luxe","15":"tag-mode"},"share_on_mastodon":{"url":"https:\/\/pubeurope.com\/@fr\/114823752158170279","error":""},"_links":{"self":[{"href":"https:\/\/www.europesays.com\/fr\/wp-json\/wp\/v2\/posts\/237788","targetHints":{"allow":["GET"]}}],"collection":[{"href":"https:\/\/www.europesays.com\/fr\/wp-json\/wp\/v2\/posts"}],"about":[{"href":"https:\/\/www.europesays.com\/fr\/wp-json\/wp\/v2\/types\/post"}],"author":[{"embeddable":true,"href":"https:\/\/www.europesays.com\/fr\/wp-json\/wp\/v2\/users\/2"}],"replies":[{"embeddable":true,"href":"https:\/\/www.europesays.com\/fr\/wp-json\/wp\/v2\/comments?post=237788"}],"version-history":[{"count":0,"href":"https:\/\/www.europesays.com\/fr\/wp-json\/wp\/v2\/posts\/237788\/revisions"}],"wp:featuredmedia":[{"embeddable":true,"href":"https:\/\/www.europesays.com\/fr\/wp-json\/wp\/v2\/media\/237789"}],"wp:attachment":[{"href":"https:\/\/www.europesays.com\/fr\/wp-json\/wp\/v2\/media?parent=237788"}],"wp:term":[{"taxonomy":"category","embeddable":true,"href":"https:\/\/www.europesays.com\/fr\/wp-json\/wp\/v2\/categories?post=237788"},{"taxonomy":"post_tag","embeddable":true,"href":"https:\/\/www.europesays.com\/fr\/wp-json\/wp\/v2\/tags?post=237788"}],"curies":[{"name":"wp","href":"https:\/\/api.w.org\/{rel}","templated":true}]}}