{"id":237800,"date":"2025-07-09T14:34:18","date_gmt":"2025-07-09T14:34:18","guid":{"rendered":"https:\/\/www.europesays.com\/fr\/237800\/"},"modified":"2025-07-09T14:34:18","modified_gmt":"2025-07-09T14:34:18","slug":"pilote-positif-a-la-cocaine-le-bateau-des-gorges-de-la-loire-reste-a-quai-et-des-mariages-tombent-a-leau","status":"publish","type":"post","link":"https:\/\/www.europesays.com\/fr\/237800\/","title":{"rendered":"Pilote positif \u00e0 la coca\u00efne, le bateau des gorges de la Loire reste \u00e0 quai et des mariages tombent \u00e0 l&rsquo;eau"},"content":{"rendered":"<p><img decoding=\"async\" class=\"\" style=\"width:100%\" src=\"https:\/\/www.europesays.com\/fr\/wp-content\/uploads\/2025\/07\/bd90f3a5_eb26_41e9_b945_bdc56930fc971751980955632.jpg\" alt=\"La bateau-mouche des gorges de la Loire.\"\/><\/p>\n<p>La bateau-mouche des gorges de la Loire.<\/p>\n<p>Cr\u00e9dit : Activ Radio.<\/p>\n<p>C&rsquo;est \u00e0 l&rsquo;issue d&rsquo;une croisi\u00e8re, \u00a0vendredi dernier, que le propri\u00e9taire, mais aussi le pilote du bateau des Gorges de la Loire a \u00e9t\u00e9 contr\u00f4l\u00e9 positif \u00e0 la coca\u00efne, lors d&rsquo;un contr\u00f4le de police organis\u00e9 \u00e0 Saint-Victor-sur-Loire. Cons\u00e9quence directe : l&rsquo;interdiction de conduire le bateau-mouche, ce qui met l&rsquo;activit\u00e9 en p\u00e9ril puisqu&rsquo;aucun autre pilote n&rsquo;est habilit\u00e9 \u00e0 proposer la croisi\u00e8re. Une mauvaise nouvelle pour le propri\u00e9taire. Mais pas que&#8230;<\/p>\n<p>Un coup de massue, aussi, pour des couples, qui avaient choisi cette option, \u00e0 savoir une balade sur la Loire, avant une r\u00e9ception dans la petite chapelle situ\u00e9e sur la presqu&rsquo;\u00eele du Ch\u00e2telet, pour s&rsquo;unir. Les futurs mari\u00e9s se retrouvent aujourd&rsquo;hui dans l&#8217;embarras. Virginie qui devait se marier le week-end dernier a d\u00fb revoir ses plans. \u00ab\u00a0C&rsquo;est s\u00fbr que l&rsquo;incident nous a impact\u00e9. Mais heureusement, nous n&rsquo;avons pas perdu d&rsquo;argent, et avons pu c\u00e9l\u00e9brer notre mariage quand m\u00eame. D&rsquo;autres ont plus perdu que nous&#8230;\u00a0\u00bb C&rsquo;est justement le cas de cet autre couple qui avait programm\u00e9 le plus beau jour de sa vie ce samedi et qui ne souhaite pas faire plus de commentaires.<\/p>\n<p>Nous avons tent\u00e9 de contacter le propri\u00e9taire du bateau-mouche. En vain.<\/p>\n","protected":false},"excerpt":{"rendered":"La bateau-mouche des gorges de la Loire. Cr\u00e9dit : Activ Radio. C&rsquo;est \u00e0 l&rsquo;issue d&rsquo;une croisi\u00e8re, \u00a0vendredi dernier,&hellip;\n","protected":false},"author":2,"featured_media":237801,"comment_status":"","ping_status":"","sticky":false,"template":"","format":"standard","meta":{"footnotes":""},"categories":[9653],"tags":[1111,11,2430,37751,3993,1777,674,1011,27,37752,12,19438,1072,25,4001,12001],"class_list":{"0":"post-237800","1":"post","2":"type-post","3":"status-publish","4":"format-standard","5":"has-post-thumbnail","7":"category-saint-etienne","8":"tag-actu","9":"tag-actualites","10":"tag-auvergne-rhone-alpes","11":"tag-bateau_mouche","12":"tag-cocaine","13":"tag-eu","14":"tag-europe","15":"tag-fr","16":"tag-france","17":"tag-gorges_de_la_loire","18":"tag-news","19":"tag-pilote","20":"tag-police","21":"tag-republique-francaise","22":"tag-saint-etienne","23":"tag-saint-victor"},"share_on_mastodon":{"url":"https:\/\/pubeurope.com\/@fr\/114823775801062413","error":""},"_links":{"self":[{"href":"https:\/\/www.europesays.com\/fr\/wp-json\/wp\/v2\/posts\/237800","targetHints":{"allow":["GET"]}}],"collection":[{"href":"https:\/\/www.europesays.com\/fr\/wp-json\/wp\/v2\/posts"}],"about":[{"href":"https:\/\/www.europesays.com\/fr\/wp-json\/wp\/v2\/types\/post"}],"author":[{"embeddable":true,"href":"https:\/\/www.europesays.com\/fr\/wp-json\/wp\/v2\/users\/2"}],"replies":[{"embeddable":true,"href":"https:\/\/www.europesays.com\/fr\/wp-json\/wp\/v2\/comments?post=237800"}],"version-history":[{"count":0,"href":"https:\/\/www.europesays.com\/fr\/wp-json\/wp\/v2\/posts\/237800\/revisions"}],"wp:featuredmedia":[{"embeddable":true,"href":"https:\/\/www.europesays.com\/fr\/wp-json\/wp\/v2\/media\/237801"}],"wp:attachment":[{"href":"https:\/\/www.europesays.com\/fr\/wp-json\/wp\/v2\/media?parent=237800"}],"wp:term":[{"taxonomy":"category","embeddable":true,"href":"https:\/\/www.europesays.com\/fr\/wp-json\/wp\/v2\/categories?post=237800"},{"taxonomy":"post_tag","embeddable":true,"href":"https:\/\/www.europesays.com\/fr\/wp-json\/wp\/v2\/tags?post=237800"}],"curies":[{"name":"wp","href":"https:\/\/api.w.org\/{rel}","templated":true}]}}