{"id":237806,"date":"2025-07-09T14:37:13","date_gmt":"2025-07-09T14:37:13","guid":{"rendered":"https:\/\/www.europesays.com\/fr\/237806\/"},"modified":"2025-07-09T14:37:13","modified_gmt":"2025-07-09T14:37:13","slug":"proligue-le-nancy-handball-tout-proche-du-ko-apres-le-rejet-de-son-appel","status":"publish","type":"post","link":"https:\/\/www.europesays.com\/fr\/237806\/","title":{"rendered":"Proligue. Le Nancy Handball\u00a0tout proche du KO apr\u00e8s le rejet de son appel"},"content":{"rendered":"<p>Ironie du sort (pour ceux qui ont encore la chance de croire au hasard\u00a0!), <a href=\"https:\/\/www.estrepublicain.fr\/sport\/2025\/07\/04\/angers-repeche-en-proligue-nancy-toujours-dans-l-attente\" target=\"_blank\" rel=\"noopener\">la d\u00e9cision<\/a> est tomb\u00e9e mardi, en fin de journ\u00e9e, dans la bo\u00eete mail du pr\u00e9sident de la SASP Herv\u00e9 Alt, quelques heures, seulement, avant une Assembl\u00e9e g\u00e9n\u00e9rale ordinaire cens\u00e9e sceller l\u2019augmentation de capital\u2026 la plus \u00ab\u00a0capitale\u00a0\u00bb de l\u2019histoire du Nancy Handball. Potentiellement l\u2019op\u00e9ration de la derni\u00e8re chance\u00a0! Un peu comme si le jury d\u2019appel de la F\u00e9d\u00e9ration Fran\u00e7aise de Handball, inform\u00e9 de la tenue de la r\u00e9union, avait voulu d\u00e9livrer aux dirigeants lorrains un message\u00a0: trop tard, Messieurs dames. Trop tard pour bien faire. Trop tard pour passer l\u2019\u00e9ponge sur des mois et des ann\u00e9es d\u2019opacit\u00e9 et de d\u00e9rapages budg\u00e9taires\u2026<\/p>\n<p>Car, au-del\u00e0 du \u00ab\u00a0trou\u00a0\u00bb (de 375.000 \u20ac) qu\u2019aurait pu permettre de r\u00e9sorber &#8211; \u00e0 hauteur de 60\u00a0% ou presque &#8211; ce nouvel effort des actionnaires (en cas de succ\u00e8s de cette nouvelle mise au pot), c\u2019est plus g\u00e9n\u00e9ralement la confiance de la commission dans la capacit\u00e9 de la SASP \u00e0 rebondir qui semble aujourd\u2019hui pos\u00e9e.<\/p>\n<p>  Une tr\u00e9sorerie jug\u00e9e \u00ab\u00a0tr\u00e8s fragile\u00a0\u00bb<\/p>\n<p>Si le \u00ab\u00a0jury\u00a0\u00bb, pour reprendre ses termes, ne \u00ab\u00a0remet pas en cause le travail entrepris par le club\u00a0\u00bb, il \u00e9met en revanche \u00ab\u00a0des doutes quant \u00e0 la r\u00e9alisation du budget sur les recettes annexes et les partenariats priv\u00e9s\u00a0\u00bb. Le document pr\u00e9cise par ailleurs \u00ab\u00a0qu\u2019au-del\u00e0 des produits, la situation de (la) tr\u00e9sorerie (du club lui) semble tr\u00e8s fragile et conditionn\u00e9e \u00e0 de nombreuses hypoth\u00e8ses\u00a0\u00bb\u00a0: comme \u00ab\u00a0la r\u00e9alisation et le versement de l\u2019augmentation de capital du 8\u00a0juillet 2025 (Ndlr. D\u2019un montant pr\u00e9vu aux alentours des 89.000 \u20ac)\u00a0\u00bb, que la commission se pla\u00eet \u00e0 citer\u2026 apr\u00e8s l\u2019avoir, comme on l\u2019a vu, court-circuit\u00e9e\u00a0!<\/p>\n<p>Entre \u00ab\u00a0incertitudes\u00a0\u00bb et engagements \u00ab\u00a0non s\u00e9curis\u00e9s\u00a0\u00bb, cette derni\u00e8re pointe notamment au d\u00e9tour d\u2019un paragraphe l\u2019ultra-d\u00e9pendance du club \u00e0 son principal partenaire NOVAMUT (380.000 \u20ac la saison pass\u00e9e, soit plus de 50\u00a0% des partenariats budg\u00e9t\u00e9s), anticipant, en filigrane, les cons\u00e9quences d\u2019un\u00a0non \u00ab\u00a0renouvellement\u00a0\u00bb de bail pour\u00a0l\u2019ancien \u00ab\u00a0mauvais \u00e9l\u00e8ve\u00a0\u00bb (comme l\u2019a lui m\u00eame qualifi\u00e9 son avocat-conseil). Un ancien \u00ab\u00a0mauvais \u00e9l\u00e8ve\u00a0\u00bb par ailleurs condamn\u00e9 \u00e0 tra\u00eener quelques boulets, \u00e0 l\u2019image de ses dettes fiscales et sociales (remontant pour certaines \u00e0 2019\u00a0!) pour un montant total assez pharaonique de 565.000 \u20ac dont il a heureusement obtenu l\u2019\u00e9talement sur trois ans (jusqu\u2019en f\u00e9vrier\u00a02028).<\/p>\n<p>D\u00e9j\u00e0 s\u00e9v\u00e8re, la situation est &#8211; quoi qu\u2019il en soit &#8211; devenue critique pour le NH, dont les derniers espoirs reposent d\u00e9sormais sur une conciliation avec la FFHB par le truchement du CNOSF\u2026 que le club lorrain a d\u00e9cid\u00e9 de saisir. En d\u00e9sespoir de cause.<\/p>\n","protected":false},"excerpt":{"rendered":"Ironie du sort (pour ceux qui ont encore la chance de croire au hasard\u00a0!), la d\u00e9cision est tomb\u00e9e&hellip;\n","protected":false},"author":2,"featured_media":237807,"comment_status":"","ping_status":"","sticky":false,"template":"","format":"standard","meta":{"footnotes":""},"categories":[9635],"tags":[1111,11,1704,1777,674,107,1701,1795,1011,27,775,1792,10634,3457,11209,1702,13622,1703,12,10422,25,517,1700,14984],"class_list":{"0":"post-237806","1":"post","2":"type-post","3":"status-publish","4":"format-standard","5":"has-post-thumbnail","7":"category-nancy","8":"tag-actu","9":"tag-actualites","10":"tag-edition-nancy-et-agglomeration","11":"tag-eu","12":"tag-europe","13":"tag-fil-info","14":"tag-fil-info-sport","15":"tag-fil-web","16":"tag-fr","17":"tag-france","18":"tag-grand-est","19":"tag-handball","20":"tag-luneville","21":"tag-meurthe-et-moselle","22":"tag-meuse","23":"tag-nancy","24":"tag-nancy-handball","25":"tag-nancy-ville-54b","26":"tag-news","27":"tag-pont-a-mousson","28":"tag-republique-francaise","29":"tag-sport","30":"tag-sport-lorrain","31":"tag-toul"},"share_on_mastodon":{"url":"https:\/\/pubeurope.com\/@fr\/114823787243151309","error":""},"_links":{"self":[{"href":"https:\/\/www.europesays.com\/fr\/wp-json\/wp\/v2\/posts\/237806","targetHints":{"allow":["GET"]}}],"collection":[{"href":"https:\/\/www.europesays.com\/fr\/wp-json\/wp\/v2\/posts"}],"about":[{"href":"https:\/\/www.europesays.com\/fr\/wp-json\/wp\/v2\/types\/post"}],"author":[{"embeddable":true,"href":"https:\/\/www.europesays.com\/fr\/wp-json\/wp\/v2\/users\/2"}],"replies":[{"embeddable":true,"href":"https:\/\/www.europesays.com\/fr\/wp-json\/wp\/v2\/comments?post=237806"}],"version-history":[{"count":0,"href":"https:\/\/www.europesays.com\/fr\/wp-json\/wp\/v2\/posts\/237806\/revisions"}],"wp:featuredmedia":[{"embeddable":true,"href":"https:\/\/www.europesays.com\/fr\/wp-json\/wp\/v2\/media\/237807"}],"wp:attachment":[{"href":"https:\/\/www.europesays.com\/fr\/wp-json\/wp\/v2\/media?parent=237806"}],"wp:term":[{"taxonomy":"category","embeddable":true,"href":"https:\/\/www.europesays.com\/fr\/wp-json\/wp\/v2\/categories?post=237806"},{"taxonomy":"post_tag","embeddable":true,"href":"https:\/\/www.europesays.com\/fr\/wp-json\/wp\/v2\/tags?post=237806"}],"curies":[{"name":"wp","href":"https:\/\/api.w.org\/{rel}","templated":true}]}}