{"id":237818,"date":"2025-07-09T14:45:15","date_gmt":"2025-07-09T14:45:15","guid":{"rendered":"https:\/\/www.europesays.com\/fr\/237818\/"},"modified":"2025-07-09T14:45:15","modified_gmt":"2025-07-09T14:45:15","slug":"metropole-de-grenoble-en-foret-de-jarrie-une-nouvelle-route-forestiere-tres-attendue","status":"publish","type":"post","link":"https:\/\/www.europesays.com\/fr\/237818\/","title":{"rendered":"M\u00e9tropole de Grenoble. En for\u00eat de Jarrie, une nouvelle route foresti\u00e8re tr\u00e8s attendue"},"content":{"rendered":"<p>C\u2019est un massif \u00ab\u00a0\u00e0 fort enjeu\u00a0\u00bb selon la M\u00e9tropole. Un site jusqu\u2019alors p\u00e9nalis\u00e9 par des pistes en mauvais \u00e9tat, ne pouvant accueillir de camions grumiers, et par une logistique contraignante (les camions qui pouvaient circuler devaient sortir par la rue du Souvenir, \u00e0 \u00c9chirolles, et en traverser le Vieux village).<\/p>\n<p>Il s\u2019agissait donc, avec cet am\u00e9nagement de route, d\u2019am\u00e9liorer les conditions de passage, d\u2019\u00e9viter le transit par \u00c9chirolles (les camions sortent d\u00e9sormais par Jarrie, sur une zone s\u00e9curis\u00e9e), mais pas seulement. \u00ab\u00a0Ce type de piste permet aussi d\u2019apporter une s\u00e9curit\u00e9 au regard du risque&#8230;<\/p>\n","protected":false},"excerpt":{"rendered":"C\u2019est un massif \u00ab\u00a0\u00e0 fort enjeu\u00a0\u00bb selon la M\u00e9tropole. Un site jusqu\u2019alors p\u00e9nalis\u00e9 par des pistes en mauvais&hellip;\n","protected":false},"author":2,"featured_media":237819,"comment_status":"","ping_status":"","sticky":false,"template":"","format":"standard","meta":{"footnotes":""},"categories":[9566],"tags":[1111,11,2430,7782,4183,1687,9852,33,112,113,436,1777,674,274,1011,27,2731,1310,108,17480,12,5140,25,17481],"class_list":{"0":"post-237818","1":"post","2":"type-post","3":"status-publish","4":"format-standard","5":"has-post-thumbnail","7":"category-grenoble","8":"tag-actu","9":"tag-actualites","10":"tag-auvergne-rhone-alpes","11":"tag-balades-et-randonnees","12":"tag-chasse","13":"tag-culture-loisirs","14":"tag-echirolles","15":"tag-economie","16":"tag-edition-grenoble-agglomeration","17":"tag-edition-gresivaudan-oisans","18":"tag-environnement","19":"tag-eu","20":"tag-europe","21":"tag-faits-divers-justice","22":"tag-fr","23":"tag-france","24":"tag-grenoble","25":"tag-incendie","26":"tag-isere","27":"tag-jarrie","28":"tag-news","29":"tag-rechauffement-climatique","30":"tag-republique-francaise","31":"tag-romanche"},"share_on_mastodon":{"url":"https:\/\/pubeurope.com\/@fr\/114823818478538712","error":""},"_links":{"self":[{"href":"https:\/\/www.europesays.com\/fr\/wp-json\/wp\/v2\/posts\/237818","targetHints":{"allow":["GET"]}}],"collection":[{"href":"https:\/\/www.europesays.com\/fr\/wp-json\/wp\/v2\/posts"}],"about":[{"href":"https:\/\/www.europesays.com\/fr\/wp-json\/wp\/v2\/types\/post"}],"author":[{"embeddable":true,"href":"https:\/\/www.europesays.com\/fr\/wp-json\/wp\/v2\/users\/2"}],"replies":[{"embeddable":true,"href":"https:\/\/www.europesays.com\/fr\/wp-json\/wp\/v2\/comments?post=237818"}],"version-history":[{"count":0,"href":"https:\/\/www.europesays.com\/fr\/wp-json\/wp\/v2\/posts\/237818\/revisions"}],"wp:featuredmedia":[{"embeddable":true,"href":"https:\/\/www.europesays.com\/fr\/wp-json\/wp\/v2\/media\/237819"}],"wp:attachment":[{"href":"https:\/\/www.europesays.com\/fr\/wp-json\/wp\/v2\/media?parent=237818"}],"wp:term":[{"taxonomy":"category","embeddable":true,"href":"https:\/\/www.europesays.com\/fr\/wp-json\/wp\/v2\/categories?post=237818"},{"taxonomy":"post_tag","embeddable":true,"href":"https:\/\/www.europesays.com\/fr\/wp-json\/wp\/v2\/tags?post=237818"}],"curies":[{"name":"wp","href":"https:\/\/api.w.org\/{rel}","templated":true}]}}